{"id":165311,"date":"2019-06-02T14:34:43","date_gmt":"2019-06-02T11:34:43","guid":{"rendered":"http:\/\/www.tvturk.com\/index.php\/soldado-fenerbahceye-veda-etti\/"},"modified":"2019-06-02T14:34:43","modified_gmt":"2019-06-02T11:34:43","slug":"soldado-fenerbahceye-veda-etti","status":"publish","type":"post","link":"http:\/\/www.tvturk.com\/index.php\/soldado-fenerbahceye-veda-etti\/","title":{"rendered":"Soldado, Fenerbah\u00e7e\u2019ye veda etti"},"content":{"rendered":"<p>\u0130spanyol golc\u00fc Roberto Soldado, Fenerbah\u00e7e kariyerini sonland\u0131rd\u0131. Soldado, sosyal medya hesab\u0131ndan Fenerbah\u00e7e taraftar\u0131na te\u015fekk\u00fcr ederek kul\u00fcbe veda etti.<\/p>\n<p>Fenerbah\u00e7e\u2019de forma giyen \u0130spanyol golc\u00fc Roberto Soldado sar\u0131-lacivertli kul\u00fcbe veda etti. Kariyeri boyunca Real Madrid, Valencia, Tottenham gibi b\u00fcy\u00fck tak\u0131mlar\u0131n formas\u0131n\u0131 giyen Soldado, A\u011fustos 2017\u2019den beri m\u00fccadele etti\u011fi Fenerbah\u00e7e\u2019den ayr\u0131lma karar\u0131 ald\u0131. Sosyal medya hesab\u0131ndan bir veda mesaj\u0131 yay\u0131nlayan Soldado, \u015fu ifadelere yer verdi:<\/p>\n<p>\u201cFenerbah\u00e7e d\u00f6nemim buraya kadarm\u0131\u015f. Bu ailenin i\u00e7inde olmak benim i\u00e7in muhte\u015fem bir onurdu. Bu kul\u00fcb\u00fcn, kesinlikle T\u00fcrkiye\u2019nin en b\u00fcy\u00fck kul\u00fcb\u00fcn\u00fcn par\u00e7as\u0131 olmu\u015f olman\u0131n b\u00fcy\u00fck gururuyla buradan ayr\u0131l\u0131yorum. Gidiyorum ama bu bir elveda de\u011fil! Kesinlikle d\u00f6nece\u011fim, bir kez daha Fenerbah\u00e7e formas\u0131n\u0131 giyip trib\u00fcnden futbolculara destek verecek, onlara tezah\u00fcratlar yapacak, b\u00fct\u00fcn taraftarlarla omuz omuza z\u0131playaca\u011f\u0131m. Asla unutmayaca\u011f\u0131m bir tecr\u00fcbe ya\u015fad\u0131m, i\u00e7inde \u00e7ok g\u00fczel anlar bar\u0131nd\u0131ran ama maalesef baz\u0131 \u00fcz\u00fcnt\u00fcl\u00fc anlar olan. Ama her zaman sorumluluk alarak, ileri gitmeye \u00e7al\u0131\u015farak. Ba\u015fta ba\u015fkan\u0131m\u0131z olmak \u00fczere t\u00fcm y\u00f6neticilerimize, birlikte \u00e7al\u0131\u015ft\u0131\u011f\u0131m t\u00fcm antren\u00f6rlere te\u015fekk\u00fcr ederim. Bu kul\u00fcb\u00fcn i\u015fleyi\u015fini tamda olmas\u0131 gerekti\u011fi gibi devam etmesini sa\u011flayan t\u00fcm \u00e7al\u0131\u015fanlara te\u015fekk\u00fcr ederim. Evimden binlerce kilometre uzakta kendimi evimde hissettim. Beni her zaman y\u00fcz\u00fcn\u00fczde bir g\u00fcl\u00fcmsemeyle kar\u015f\u0131la\u015ft\u0131n\u0131z, en iyisini yapabilmek i\u00e7in destek ve moral verdi\u011finiz i\u00e7in te\u015fekk\u00fcr ederim. Ailemle beraber gidiyorum, g\u00f6z\u00fcmde ya\u015flarla ve \u00e7ok b\u00fcy\u00fck bir \u00fcz\u00fcnt\u00fcyle. D\u00fcnyan\u0131n en g\u00fczel \u015fehirlerinden olan \u0130stanbul gibi bir \u015fehirde ya\u015fama f\u0131rsat\u0131 yakalad\u0131m. T\u00fcrkiye\u2019ye ve t\u00fcm insanlar\u0131na ayr\u0131ca te\u015fekk\u00fcr ediyorum. Gitti\u011fim her yerde bana ayr\u0131 ilgi g\u00f6sterdiniz, bana bir kralm\u0131\u015f\u0131m gibi davrand\u0131n\u0131z. Bu iki y\u0131lda hayat\u0131m boyunca asla unutmayaca\u011f\u0131m harika insanlarla tan\u0131\u015ft\u0131m. Tak\u0131m arkada\u015flar\u0131m\u0131 da unutmuyorum, m\u00fckemmel insanlardan kurulu bir grup, bir\u00e7ok dost. \u00d6n\u00fcm\u00fczdeki y\u0131llar i\u00e7in en iyisini diliyorum. Fenerbah\u00e7e\u2019nin gelece\u011finin \u00e7ok parlak olaca\u011f\u0131ndan \u015f\u00fcphem yok. Sizlerin deste\u011fiyle Fenerbah\u00e7e hak etti\u011fi yerlere en k\u0131sa zamanda d\u00f6necektir. Sonsuza kadar Fenerbah\u00e7e!.\u201d<\/p>\n","protected":false},"excerpt":{"rendered":"<p>\u0130SPANYOL GOLC\u00dc ROBERTO SOLDADO, FENERBAH\u00c7E KAR\u0130YER\u0130N\u0130 SONLANDIRDI. SOLDADO FENERBAH\u00c7E TARAFTARINA TE\u015eEKK\u00dcR EDEREK KUL\u00dcBE VEDA ETT\u0130.<\/p>\n","protected":false},"author":1,"featured_media":165312,"comment_status":"closed","ping_status":"open","sticky":false,"template":"","format":"standard","meta":{"jetpack_post_was_ever_published":false,"_jetpack_newsletter_access":"","_jetpack_dont_email_post_to_subs":false,"_jetpack_newsletter_tier_id":0,"_jetpack_memberships_contains_paywalled_content":false,"_jetpack_memberships_contains_paid_content":false,"footnotes":"","jetpack_publicize_message":"","jetpack_publicize_feature_enabled":true,"jetpack_social_post_already_shared":true,"jetpack_social_options":{"image_generator_settings":{"template":"highway","default_image_id":0,"font":"","enabled":false},"version":2}},"categories":[657],"tags":[207,5182,26677,4421],"class_list":["post-165311","post","type-post","status-publish","format-standard","has-post-thumbnail","hentry","category-spor","tag-etti","tag-fenerbahceye","tag-soldado","tag-veda"],"jetpack_publicize_connections":[],"jetpack_featured_media_url":"https:\/\/i0.wp.com\/www.tvturk.com\/wp-content\/uploads\/2019\/06\/soldado-fenerbahceye-veda-etti_e884fba.jpg?fit=680%2C680","jetpack_sharing_enabled":true,"jetpack_shortlink":"https:\/\/wp.me\/paKIfm-H0j","_links":{"self":[{"href":"http:\/\/www.tvturk.com\/index.php\/wp-json\/wp\/v2\/posts\/165311","targetHints":{"allow":["GET"]}}],"collection":[{"href":"http:\/\/www.tvturk.com\/index.php\/wp-json\/wp\/v2\/posts"}],"about":[{"href":"http:\/\/www.tvturk.com\/index.php\/wp-json\/wp\/v2\/types\/post"}],"author":[{"embeddable":true,"href":"http:\/\/www.tvturk.com\/index.php\/wp-json\/wp\/v2\/users\/1"}],"replies":[{"embeddable":true,"href":"http:\/\/www.tvturk.com\/index.php\/wp-json\/wp\/v2\/comments?post=165311"}],"version-history":[{"count":0,"href":"http:\/\/www.tvturk.com\/index.php\/wp-json\/wp\/v2\/posts\/165311\/revisions"}],"wp:featuredmedia":[{"embeddable":true,"href":"http:\/\/www.tvturk.com\/index.php\/wp-json\/wp\/v2\/media\/165312"}],"wp:attachment":[{"href":"http:\/\/www.tvturk.com\/index.php\/wp-json\/wp\/v2\/media?parent=165311"}],"wp:term":[{"taxonomy":"category","embeddable":true,"href":"http:\/\/www.tvturk.com\/index.php\/wp-json\/wp\/v2\/categories?post=165311"},{"taxonomy":"post_tag","embeddable":true,"href":"http:\/\/www.tvturk.com\/index.php\/wp-json\/wp\/v2\/tags?post=165311"}],"curies":[{"name":"wp","href":"https:\/\/api.w.org\/{rel}","templated":true}]}}