{"id":165319,"date":"2019-06-02T14:51:25","date_gmt":"2019-06-02T11:51:25","guid":{"rendered":"http:\/\/www.tvturk.com\/index.php\/sehit-yasin-cubuk-son-yolculuguna-ugurlandi\/"},"modified":"2019-06-02T14:51:25","modified_gmt":"2019-06-02T11:51:25","slug":"sehit-yasin-cubuk-son-yolculuguna-ugurlandi","status":"publish","type":"post","link":"http:\/\/www.tvturk.com\/index.php\/sehit-yasin-cubuk-son-yolculuguna-ugurlandi\/","title":{"rendered":"\u015eehit Yasin \u00c7ubuk, son yolculu\u011funa u\u011furland\u0131"},"content":{"rendered":"<p>I\u011fd\u0131r\u2019\u0131n Aral\u0131k il\u00e7esi \u0130ran s\u0131n\u0131r\u0131 yak\u0131nlar\u0131nda g\u00fcvenlik g\u00fc\u00e7leri ile b\u00f6l\u00fcc\u00fc \u00f6rg\u00fct mensuplar\u0131 aras\u0131nda \u00e7\u0131kan \u00e7at\u0131\u015fmada \u015fehit Piyade Uzman Onba\u015f\u0131 Yasin \u00c7ubuk, memleketi Afyonkarahisar\u2019da son yolculu\u011funa u\u011furland\u0131.<\/p>\n<p>I\u011fd\u0131r\u2019\u0131n Aral\u0131k il\u00e7esi \u0130ran s\u0131n\u0131r\u0131 yak\u0131nlar\u0131nda g\u00fcvenlik g\u00f6revlilerinin teslim ol \u00e7a\u011fr\u0131s\u0131na ate\u015fle kar\u015f\u0131l\u0131k verilmesi \u00fczerine ter\u00f6ristlerle \u00e7\u0131kan \u00e7at\u0131\u015fmada 2 asker \u015fehit olurken, 5 asker de yaralanm\u0131\u015ft\u0131. \u015eehit olan Piyade Uzman Onba\u015f\u0131 Yasin \u00c7ubuk i\u00e7in memleketi Afyonkarahisar\u2019\u0131n \u015euhutil\u00e7esine ba\u011fl\u0131 Bal\u00e7\u0131khisar k\u00f6y\u00fcnde d\u00fczenlenen t\u00f6renin ard\u0131ndan son yolculu\u011funa u\u011furland\u0131.<\/p>\n<p>\u015eehit Yasin \u00c7ubuk\u2019un cenazesi ilk olarak baba oca\u011f\u0131na getirildi. Burada babas\u0131 Lokman ve annesi Selma \u00c7ubuk ile dedesi Ali Osman \u00c7ubuk ve yak\u0131nlar\u0131 \u015fehidin T\u00fcrk bayra\u011f\u0131na sar\u0131l\u0131 tabutuna g\u00f6zya\u015f\u0131 d\u00f6kt\u00fc. Baba oca\u011f\u0131nda helalli\u011fin al\u0131nd\u0131\u011f\u0131 s\u0131rada ise izdiham ya\u015fand\u0131.<\/p>\n<p>\u015eehit Yasin \u00c7ubuk daha sonra k\u00f6y meydan\u0131na getirilerek burada t\u00f6ren d\u00fczenlendi. T\u00f6rene Tar\u0131m ve Orman Bakanl\u0131\u011f\u0131 Bakan Yard\u0131mc\u0131s\u0131 Akif \u00d6zkald\u0131, Aile ve Sosyal Politikalar Bakan Yard\u0131mc\u0131s\u0131 Ahmet Koca, Eski Orman ve Su \u0130\u015fleri Bakan\u0131 Veysel Ero\u011flu, Afyonkarahisar Valisi Mustafa Tutulmaz, Milletvekilleri Ali \u00d6zkaya, \u0130brahim Yurdunuseven, Mehmet Taytak, Afyonkarahisar Belediye Ba\u015fkan\u0131 Mehmet Zeybek, \u015euhut Kaymakam\u0131 Nurullah Kaya, \u015euhut Belediye Ba\u015fkan\u0131 Recep Bozkurt ve 5 bine yak\u0131n vatanda\u015f kat\u0131ld\u0131.<\/p>\n<p>\u015eehit Piyade Uzman Onba\u015f\u0131 Yasin \u00c7ubuk\u2019un cenaze namaz\u0131n\u0131 \u00d6\u011fle Namaz\u0131na m\u00fcteakip Afyonkarahisar \u0130l M\u00fcft\u00fcs\u00fc \u015e\u00fckr\u00fc Kabuk\u00e7u k\u0131ld\u0131rd\u0131.<\/p>\n<p>Cenaze namaz\u0131n\u0131n ard\u0131ndan \u015eehit Yasin \u00c7ubuk\u2019un tabutunu ilk olarak silah arkada\u015flar\u0131 omuzlar\u0131nda ta\u015f\u0131rken daha sonra vatanda\u015flar tekbir ve \u2018\u015eehitler \u00f6lmez vatan b\u00f6l\u00fcnmez\u2019 sloganlar\u0131 e\u015fli\u011finde omuzlar\u0131na alarak k\u00f6y mezarl\u0131\u011f\u0131na kadar ta\u015f\u0131d\u0131lar. \u015eehit \u00c7ubuk k\u00f6y mezarl\u0131\u011f\u0131nda dualar e\u015fli\u011finde son yolculu\u011funa u\u011furland\u0131.<\/p>\n","protected":false},"excerpt":{"rendered":"<p>I\u011eDIR\u2019IN ARALIK \u0130L\u00c7ES\u0130 \u0130RAN SINIRI YAKINLARINDA G\u00dcVENL\u0130K G\u00dc\u00c7LER\u0130 \u0130LE B\u00d6L\u00dcC\u00dc \u00d6RG\u00dcT MENSUPLARI ARASINDA \u00c7IKAN \u00c7ATI\u015eMADA \u015eEH\u0130T P\u0130YADE UZMAN ONBA\u015eI YAS\u0130N \u00c7UBUK, MEMLEKET\u0130 AFYONKARAH\u0130SAR\u2019DA SON YOLCULU\u011eUNA U\u011eURLANDI.<\/p>\n","protected":false},"author":1,"featured_media":165320,"comment_status":"closed","ping_status":"open","sticky":false,"template":"","format":"standard","meta":{"jetpack_post_was_ever_published":false,"_jetpack_newsletter_access":"","_jetpack_dont_email_post_to_subs":false,"_jetpack_newsletter_tier_id":0,"_jetpack_memberships_contains_paywalled_content":false,"_jetpack_memberships_contains_paid_content":false,"footnotes":"","jetpack_publicize_message":"","jetpack_publicize_feature_enabled":true,"jetpack_social_post_already_shared":true,"jetpack_social_options":{"image_generator_settings":{"template":"highway","default_image_id":0,"font":"","enabled":false},"version":2}},"categories":[1],"tags":[31031,237,1240,2516,12380,2515],"class_list":["post-165319","post","type-post","status-publish","format-standard","has-post-thumbnail","hentry","category-genel","tag-cubuk","tag-sehit","tag-son","tag-ugurlandi","tag-yasin","tag-yolculuguna"],"jetpack_publicize_connections":[],"jetpack_featured_media_url":"https:\/\/i0.wp.com\/www.tvturk.com\/wp-content\/uploads\/2019\/06\/sehit-yasin-cubuk-son-yolculuguna-ugurlandi_2fb694d.jpg?fit=1000%2C666","jetpack_sharing_enabled":true,"jetpack_shortlink":"https:\/\/wp.me\/paKIfm-H0r","_links":{"self":[{"href":"http:\/\/www.tvturk.com\/index.php\/wp-json\/wp\/v2\/posts\/165319","targetHints":{"allow":["GET"]}}],"collection":[{"href":"http:\/\/www.tvturk.com\/index.php\/wp-json\/wp\/v2\/posts"}],"about":[{"href":"http:\/\/www.tvturk.com\/index.php\/wp-json\/wp\/v2\/types\/post"}],"author":[{"embeddable":true,"href":"http:\/\/www.tvturk.com\/index.php\/wp-json\/wp\/v2\/users\/1"}],"replies":[{"embeddable":true,"href":"http:\/\/www.tvturk.com\/index.php\/wp-json\/wp\/v2\/comments?post=165319"}],"version-history":[{"count":0,"href":"http:\/\/www.tvturk.com\/index.php\/wp-json\/wp\/v2\/posts\/165319\/revisions"}],"wp:featuredmedia":[{"embeddable":true,"href":"http:\/\/www.tvturk.com\/index.php\/wp-json\/wp\/v2\/media\/165320"}],"wp:attachment":[{"href":"http:\/\/www.tvturk.com\/index.php\/wp-json\/wp\/v2\/media?parent=165319"}],"wp:term":[{"taxonomy":"category","embeddable":true,"href":"http:\/\/www.tvturk.com\/index.php\/wp-json\/wp\/v2\/categories?post=165319"},{"taxonomy":"post_tag","embeddable":true,"href":"http:\/\/www.tvturk.com\/index.php\/wp-json\/wp\/v2\/tags?post=165319"}],"curies":[{"name":"wp","href":"https:\/\/api.w.org\/{rel}","templated":true}]}}