{"id":165321,"date":"2019-06-02T15:15:18","date_gmt":"2019-06-02T12:15:18","guid":{"rendered":"http:\/\/www.tvturk.com\/index.php\/terzilerin-bayram-mesaisi\/"},"modified":"2019-06-02T15:15:18","modified_gmt":"2019-06-02T12:15:18","slug":"terzilerin-bayram-mesaisi","status":"publish","type":"post","link":"http:\/\/www.tvturk.com\/index.php\/terzilerin-bayram-mesaisi\/","title":{"rendered":"Terzilerin bayram mesaisi"},"content":{"rendered":"<p>Osmaniye\u2019de 35 y\u0131ldan bu yana terzilik yapan Sait Ta\u015fk\u0131n, Ramazan Bayram\u0131 \u00f6ncesinde i\u015flerinde hareketlilik oldu\u011funu s\u00f6yledi.<\/p>\n<p>Bir zamanlar terzili\u011fin en \u00f6nemli mesleklerin ba\u015f\u0131nda geldi\u011fini belirten Ta\u015fk\u0131n, &#8220;M\u00fcbarek Ramazan Bayram\u0131 \u00f6ncesinde vatanda\u015flar\u0131n haz\u0131r giyim ma\u011fazalar\u0131ndan ald\u0131\u011f\u0131 \u00fcr\u00fcnleri vatanda\u015flar\u0131n bedenlerine g\u00f6re ayarl\u0131yoruz. D\u00fcn itibariyle i\u015flerimde hareketlilik ya\u015fanmaya ba\u015flad\u0131. Yar\u0131n arife g\u00fcn\u00fc olmas\u0131 nedeniyle b\u00fcy\u00fck yo\u011funluk ya\u015fanaca\u011f\u0131n\u0131 d\u00fc\u015f\u00fcn\u00fcyorum. Vatanda\u015flar her bayram \u00f6ncesi \u00e7e\u015fitli nedenlerden dolay\u0131 al\u0131\u015fveri\u015fini son g\u00fcnlere b\u0131rakmas\u0131 bizim i\u015f tempomuzu art\u0131r\u0131yor\u201d dedi.<\/p>\n<p>Haz\u0131r giyimin yayg\u0131nla\u015fmas\u0131n\u0131n ard\u0131ndan terzilerin art\u0131k tamircilik yapmaya ba\u015flad\u0131\u011f\u0131n\u0131 ifade eden Ta\u015fk\u0131n, &#8220;\u00d6nceleri haz\u0131r giyim olmad\u0131\u011f\u0131 i\u00e7in terzilik mesle\u011fi \u00e7ok de\u011ferliydi. \u015eu an herkes haz\u0131r giyime y\u00f6neldi, b\u00f6yle olunca da terziler sadece tamircilik yapmaya ba\u015flad\u0131. Haz\u0131r giyim sat\u0131\u015f\u0131 yapan ma\u011fazalar\u0131n getirece\u011fi i\u015fler \u015fu anda bizim ekmek param\u0131z&#8221; diye konu\u015ftu.<\/p>\n<p>Kendisinin de bir terzi olarak haz\u0131r giyimi tavsiye etti\u011fini belirten \u0130brahim Ta\u015fk\u0131n, insanlar\u0131n maddi durumlar\u0131na g\u00f6re, kalitesine g\u00f6re her fiyattan haz\u0131r giyim alabileceklerini kaydetti.<\/p>\n<p>Bir vatanda\u015f\u0131n pantolon diktirmek istedi\u011finde kuma\u015f fiyat\u0131 kadar terziye diki\u015f paras\u0131 verdi\u011fini aktaran Ta\u015fk\u0131n, &#8220;Oysa pantolonun sadece kuma\u015f\u0131na verece\u011fi para ile g\u00fczel bir pantolon al\u0131nabilir. Bu y\u00fczden ben de vatanda\u015flar\u0131n haz\u0131r giyimi tercih etmelerini isterim. Bizim mesle\u011fimiz art\u0131k tamircili\u011fe d\u00f6nd\u00fc. \u015eu anda \u00e7ok \u015f\u00fck\u00fcr i\u015flerimiz oluyor. Ufak tefek de olsa \u00e7oluk \u00e7ocu\u011fumuzun nafakas\u0131n\u0131 \u00e7\u0131kartabiliyoruz&#8221; \u015feklinde konu\u015ftu.<\/p>\n","protected":false},"excerpt":{"rendered":"<p>OSMAN\u0130YE&#8217;DE 35 YILDAN BU YANA TERZ\u0130L\u0130K YAPAN SA\u0130T TA\u015eKIN, RAMAZAN BAYRAMI \u00d6NCES\u0130NDE \u0130\u015eLER\u0130NDE HAREKETL\u0130L\u0130K OLDU\u011eUNU S\u00d6YLED\u0130.<\/p>\n","protected":false},"author":1,"featured_media":165322,"comment_status":"closed","ping_status":"open","sticky":false,"template":"","format":"standard","meta":{"jetpack_post_was_ever_published":false,"_jetpack_newsletter_access":"","_jetpack_dont_email_post_to_subs":false,"_jetpack_newsletter_tier_id":0,"_jetpack_memberships_contains_paywalled_content":false,"_jetpack_memberships_contains_paid_content":false,"footnotes":"","jetpack_publicize_message":"","jetpack_publicize_feature_enabled":true,"jetpack_social_post_already_shared":true,"jetpack_social_options":{"image_generator_settings":{"template":"highway","default_image_id":0,"font":"","enabled":false},"version":2}},"categories":[1],"tags":[23995,2634,39349],"class_list":["post-165321","post","type-post","status-publish","format-standard","has-post-thumbnail","hentry","category-genel","tag-bayram","tag-mesaisi","tag-terzilerin"],"jetpack_publicize_connections":[],"jetpack_featured_media_url":"https:\/\/i0.wp.com\/www.tvturk.com\/wp-content\/uploads\/2019\/06\/terzilerin-bayram-mesaisi_b6fd5d1.jpg?fit=1000%2C562","jetpack_sharing_enabled":true,"jetpack_shortlink":"https:\/\/wp.me\/paKIfm-H0t","_links":{"self":[{"href":"http:\/\/www.tvturk.com\/index.php\/wp-json\/wp\/v2\/posts\/165321","targetHints":{"allow":["GET"]}}],"collection":[{"href":"http:\/\/www.tvturk.com\/index.php\/wp-json\/wp\/v2\/posts"}],"about":[{"href":"http:\/\/www.tvturk.com\/index.php\/wp-json\/wp\/v2\/types\/post"}],"author":[{"embeddable":true,"href":"http:\/\/www.tvturk.com\/index.php\/wp-json\/wp\/v2\/users\/1"}],"replies":[{"embeddable":true,"href":"http:\/\/www.tvturk.com\/index.php\/wp-json\/wp\/v2\/comments?post=165321"}],"version-history":[{"count":0,"href":"http:\/\/www.tvturk.com\/index.php\/wp-json\/wp\/v2\/posts\/165321\/revisions"}],"wp:featuredmedia":[{"embeddable":true,"href":"http:\/\/www.tvturk.com\/index.php\/wp-json\/wp\/v2\/media\/165322"}],"wp:attachment":[{"href":"http:\/\/www.tvturk.com\/index.php\/wp-json\/wp\/v2\/media?parent=165321"}],"wp:term":[{"taxonomy":"category","embeddable":true,"href":"http:\/\/www.tvturk.com\/index.php\/wp-json\/wp\/v2\/categories?post=165321"},{"taxonomy":"post_tag","embeddable":true,"href":"http:\/\/www.tvturk.com\/index.php\/wp-json\/wp\/v2\/tags?post=165321"}],"curies":[{"name":"wp","href":"https:\/\/api.w.org\/{rel}","templated":true}]}}