{"id":165335,"date":"2019-06-02T17:03:15","date_gmt":"2019-06-02T14:03:15","guid":{"rendered":"http:\/\/www.tvturk.com\/index.php\/sakaryada-deprem\/"},"modified":"2019-06-02T17:03:15","modified_gmt":"2019-06-02T14:03:15","slug":"sakaryada-deprem","status":"publish","type":"post","link":"http:\/\/www.tvturk.com\/index.php\/sakaryada-deprem\/","title":{"rendered":"Sakarya\u2019da deprem"},"content":{"rendered":"<p>Sakarya\u2019n\u0131n Hendek il\u00e7esinde meydana gelen 4,7 b\u00fcy\u00fckl\u00fc\u011f\u00fcndeki deprem pani\u011fe neden oldu. Depremi ya\u015fayarak  kendini d\u0131\u015far\u0131ya atan vatanda\u015f, &#8220;1999 depreminde ya\u015fad\u0131klar\u0131m\u0131z\u0131 ayn\u0131 ya\u015fam\u0131\u015f gibi hissettik. Herkes soka\u011fa \u00e7\u0131kt\u0131, herkes tedirgin halde&#8221; dedi.<\/p>\n<p>Hendek\u2019te meydana gelen deprem farkl\u0131 il\u00e7elerde de hissedildi. Yerin yakla\u015f\u0131k 9 bu\u00e7uk kilometre alt\u0131nda meydana gelen 4,7 b\u00fcy\u00fckl\u00fc\u011f\u00fcnde deprem k\u0131sa s\u00fcreli pani\u011fe neden oldu. Bo\u011fazi\u00e7i \u00dcniversitesi Kandilli Rasathanesi\u2019nden edinilen bilgilere g\u00f6re, depremin b\u00fcy\u00fckl\u00fc\u011f\u00fcn\u00fcn 4,7 ve yerin 9 bu\u00e7uk kilometre derinli\u011finde meydana geldi\u011fi \u00f6\u011frenildi. Deprem Hendek\u2019in yan\u0131 s\u0131ra b\u00f6lge il\u00e7elerde de hissedildi.<\/p>\n<p>Deprem an\u0131nda korkarak d\u0131\u015far\u0131 \u00e7\u0131kt\u0131\u011f\u0131n\u0131 belirten Birol \u00d6zkurt, \u201cBen Adapazarl\u0131y\u0131m, emekliyim. Biraz \u00f6nce bir sallant\u0131 oldu. \u00c7o\u011fu ki\u015fi sallant\u0131y\u0131 hissetti. Evdekiler beni arad\u0131 ve deprem oldu\u011funu s\u00f6yledi onlar da hissetmi\u015fler, baya bir salland\u0131k. 1999 depreminde ya\u015fad\u0131klar\u0131m\u0131z\u0131 ayn\u0131 ya\u015fam\u0131\u015f gibi hissettik. Herkes soka\u011fa \u00e7\u0131kt\u0131, herkes tedirgin halde\u201d dedi.<\/p>\n","protected":false},"excerpt":{"rendered":"<p>SAKARYA\u2019NIN HENDEK \u0130L\u00c7ES\u0130NDE MEYDANA GELEN 4,7 B\u00dcY\u00dcKL\u00dc\u011e\u00dcNDEK\u0130 DEPREM PAN\u0130\u011eE NEDEN OLDU. DEPREM\u0130 YA\u015eAYARAK  KEND\u0130N\u0130 DI\u015eARIYA ATAN VATANDA\u015e, &#8220;1999 DEPREM\u0130NDE YA\u015eADIKLARIMIZI AYNI YA\u015eAMI\u015e G\u0130B\u0130 H\u0130SSETT\u0130K. HERKES SOKA\u011eA \u00c7IKTI, HERKES TED\u0130RG\u0130N HALDE&#8221; DED\u0130.<\/p>\n","protected":false},"author":1,"featured_media":165336,"comment_status":"closed","ping_status":"open","sticky":false,"template":"","format":"standard","meta":{"jetpack_post_was_ever_published":false,"_jetpack_newsletter_access":"","_jetpack_dont_email_post_to_subs":false,"_jetpack_newsletter_tier_id":0,"_jetpack_memberships_contains_paywalled_content":false,"_jetpack_memberships_contains_paid_content":false,"footnotes":"","jetpack_publicize_message":"","jetpack_publicize_feature_enabled":true,"jetpack_social_post_already_shared":true,"jetpack_social_options":{"image_generator_settings":{"template":"highway","default_image_id":0,"font":"","enabled":false},"version":2}},"categories":[1],"tags":[221,2200],"class_list":["post-165335","post","type-post","status-publish","format-standard","has-post-thumbnail","hentry","category-genel","tag-deprem","tag-sakaryada"],"jetpack_publicize_connections":[],"jetpack_featured_media_url":"https:\/\/i0.wp.com\/www.tvturk.com\/wp-content\/uploads\/2019\/06\/sakaryada-deprem_517d68b.jpg?fit=1000%2C666","jetpack_sharing_enabled":true,"jetpack_shortlink":"https:\/\/wp.me\/paKIfm-H0H","_links":{"self":[{"href":"http:\/\/www.tvturk.com\/index.php\/wp-json\/wp\/v2\/posts\/165335","targetHints":{"allow":["GET"]}}],"collection":[{"href":"http:\/\/www.tvturk.com\/index.php\/wp-json\/wp\/v2\/posts"}],"about":[{"href":"http:\/\/www.tvturk.com\/index.php\/wp-json\/wp\/v2\/types\/post"}],"author":[{"embeddable":true,"href":"http:\/\/www.tvturk.com\/index.php\/wp-json\/wp\/v2\/users\/1"}],"replies":[{"embeddable":true,"href":"http:\/\/www.tvturk.com\/index.php\/wp-json\/wp\/v2\/comments?post=165335"}],"version-history":[{"count":0,"href":"http:\/\/www.tvturk.com\/index.php\/wp-json\/wp\/v2\/posts\/165335\/revisions"}],"wp:featuredmedia":[{"embeddable":true,"href":"http:\/\/www.tvturk.com\/index.php\/wp-json\/wp\/v2\/media\/165336"}],"wp:attachment":[{"href":"http:\/\/www.tvturk.com\/index.php\/wp-json\/wp\/v2\/media?parent=165335"}],"wp:term":[{"taxonomy":"category","embeddable":true,"href":"http:\/\/www.tvturk.com\/index.php\/wp-json\/wp\/v2\/categories?post=165335"},{"taxonomy":"post_tag","embeddable":true,"href":"http:\/\/www.tvturk.com\/index.php\/wp-json\/wp\/v2\/tags?post=165335"}],"curies":[{"name":"wp","href":"https:\/\/api.w.org\/{rel}","templated":true}]}}