{"id":165339,"date":"2019-06-02T17:14:15","date_gmt":"2019-06-02T14:14:15","guid":{"rendered":"http:\/\/www.tvturk.com\/index.php\/marmara-denizinde-muhtesem-solo-turk-gosterisi\/"},"modified":"2019-06-02T17:14:15","modified_gmt":"2019-06-02T14:14:15","slug":"marmara-denizinde-muhtesem-solo-turk-gosterisi","status":"publish","type":"post","link":"http:\/\/www.tvturk.com\/index.php\/marmara-denizinde-muhtesem-solo-turk-gosterisi\/","title":{"rendered":"Marmara Denizi\u2019nde muhte\u015fem Solo T\u00fcrk g\u00f6sterisi"},"content":{"rendered":"<p>T\u00fcrk Hava Kuvvetleri\u2019nin akrobasi ekibi Solo T\u00fcrk\u2019\u00fcn, T\u00fcrk Hava Kuvvetleri\u2019nin 108\u2019inci kurulu\u015f y\u0131l d\u00f6n\u00fcm\u00fc dolay\u0131s\u0131yla Marmara Denizi \u00fczerinde yapt\u0131\u011f\u0131 u\u00e7u\u015f g\u00f6sterisi nefes kesti.<\/p>\n<p>T\u00fcrk Hava Kuvvetleri\u2019nin akrobasi ekibi Solo T\u00fcrk, T\u00fcrk Hava Kuvvetleri\u2019nin 108\u2019inci kurulu\u015f y\u0131l d\u00f6n\u00fcm\u00fc dolay\u0131s\u0131yla Marmara Denizi\u2019nin k\u0131y\u0131s\u0131nda bulunan Tekirda\u011f\u2019\u0131n merkez il\u00e7esi S\u00fcleymanpa\u015fa\u2019da u\u00e7u\u015f g\u00f6sterisi d\u00fczenlendi.<\/p>\n<p>G\u00f6steriyi izlemek i\u00e7in merkez il\u00e7e S\u00fcleymanpa\u015fa ba\u015fta olmak \u00fczere 11 il\u00e7eden y\u00fczlerce vatanda\u015f sa\u011fanak ya\u011fmura ra\u011fmen sahil alan\u0131n\u0131 doldurdu. Kimi vatanda\u015flar ise evlerinin balkonundan Marmara Denizi \u00fczerindeki g\u00f6sterileri izledi. Solo T\u00fcrk u\u00e7aklar\u0131n\u0131n Marmara Denizi ve S\u00fcleymanpa\u015fa il\u00e7esi \u00fczerindeki g\u00f6sterileri nefes kesti. Yakla\u015f\u0131k yar\u0131m saat s\u00fcren Solo T\u00fcrk g\u00f6sterileri vatanda\u015flar taraf\u0131ndan b\u00fcy\u00fck be\u011feni toplad\u0131.<\/p>\n<p>\u00d6te yandan, Solo T\u00fcrk d\u00fcn ak\u015fam saatlerinde de Marmara Denizi \u00fczerinde prova g\u00f6sterisi d\u00fczenlemi\u015fti.<\/p>\n","protected":false},"excerpt":{"rendered":"<p>T\u00dcRK HAVA KUVVETLER\u0130\u2019N\u0130N AKROBAS\u0130 EK\u0130B\u0130 SOLO T\u00dcRK, T\u00dcRK HAVA KUVVETLER\u0130\u2019N\u0130N 108\u2019\u0130NC\u0130 KURULU\u015e YILD\u00d6N\u00dcM\u00dc DOLAYISIYLA MARMARA DEN\u0130Z\u0130 \u00dcZER\u0130NDE YAPTI\u011eI U\u00c7U\u015e G\u00d6STER\u0130S\u0130 NEFES KEST\u0130.<\/p>\n","protected":false},"author":1,"featured_media":165340,"comment_status":"closed","ping_status":"open","sticky":false,"template":"","format":"standard","meta":{"jetpack_post_was_ever_published":false,"_jetpack_newsletter_access":"","_jetpack_dont_email_post_to_subs":false,"_jetpack_newsletter_tier_id":0,"_jetpack_memberships_contains_paywalled_content":false,"_jetpack_memberships_contains_paid_content":false,"footnotes":"","jetpack_publicize_message":"","jetpack_publicize_feature_enabled":true,"jetpack_social_post_already_shared":true,"jetpack_social_options":{"image_generator_settings":{"template":"highway","default_image_id":0,"font":"","enabled":false},"version":2}},"categories":[1],"tags":[2375,7604,6952,10713,34934,957],"class_list":["post-165339","post","type-post","status-publish","format-standard","has-post-thumbnail","hentry","category-genel","tag-denizinde","tag-gosterisi","tag-marmara","tag-muhtesem","tag-solo","tag-turk"],"jetpack_publicize_connections":[],"jetpack_featured_media_url":"https:\/\/i0.wp.com\/www.tvturk.com\/wp-content\/uploads\/2019\/06\/marmara-denizinde-muhtesem-solo-turk-gosterisi_6388177.jpg?fit=1000%2C662","jetpack_sharing_enabled":true,"jetpack_shortlink":"https:\/\/wp.me\/paKIfm-H0L","_links":{"self":[{"href":"http:\/\/www.tvturk.com\/index.php\/wp-json\/wp\/v2\/posts\/165339","targetHints":{"allow":["GET"]}}],"collection":[{"href":"http:\/\/www.tvturk.com\/index.php\/wp-json\/wp\/v2\/posts"}],"about":[{"href":"http:\/\/www.tvturk.com\/index.php\/wp-json\/wp\/v2\/types\/post"}],"author":[{"embeddable":true,"href":"http:\/\/www.tvturk.com\/index.php\/wp-json\/wp\/v2\/users\/1"}],"replies":[{"embeddable":true,"href":"http:\/\/www.tvturk.com\/index.php\/wp-json\/wp\/v2\/comments?post=165339"}],"version-history":[{"count":0,"href":"http:\/\/www.tvturk.com\/index.php\/wp-json\/wp\/v2\/posts\/165339\/revisions"}],"wp:featuredmedia":[{"embeddable":true,"href":"http:\/\/www.tvturk.com\/index.php\/wp-json\/wp\/v2\/media\/165340"}],"wp:attachment":[{"href":"http:\/\/www.tvturk.com\/index.php\/wp-json\/wp\/v2\/media?parent=165339"}],"wp:term":[{"taxonomy":"category","embeddable":true,"href":"http:\/\/www.tvturk.com\/index.php\/wp-json\/wp\/v2\/categories?post=165339"},{"taxonomy":"post_tag","embeddable":true,"href":"http:\/\/www.tvturk.com\/index.php\/wp-json\/wp\/v2\/tags?post=165339"}],"curies":[{"name":"wp","href":"https:\/\/api.w.org\/{rel}","templated":true}]}}