{"id":165397,"date":"2019-06-03T00:11:28","date_gmt":"2019-06-02T21:11:28","guid":{"rendered":"http:\/\/www.tvturk.com\/index.php\/tekrarlanan-secimde-yeni-kaynarca-uzunalan-mahallesi-muhtari-belli-oldu\/"},"modified":"2019-06-03T00:11:28","modified_gmt":"2019-06-02T21:11:28","slug":"tekrarlanan-secimde-yeni-kaynarca-uzunalan-mahallesi-muhtari-belli-oldu","status":"publish","type":"post","link":"http:\/\/www.tvturk.com\/index.php\/tekrarlanan-secimde-yeni-kaynarca-uzunalan-mahallesi-muhtari-belli-oldu\/","title":{"rendered":"Tekrarlanan se\u00e7imde yeni Kaynarca Uzunalan Mahallesi muhtar\u0131 belli oldu"},"content":{"rendered":"<p>Sakarya\u2019n\u0131n Kaynarca il\u00e7esi Uzunalan Mahallesi\u2019nde tekrarlanan muhtarl\u0131k se\u00e7imlerini 34 ya\u015f\u0131ndaki Muhammet \u00d6zt\u00fcrk kazand\u0131.<\/p>\n<p>Yakla\u015f\u0131k 200 se\u00e7menin oy kulland\u0131\u011f\u0131 se\u00e7imlerde Muhammet \u00d6zt\u00fcrk 105, Kenan Tezer 80, Yusuf Tezer 4 oy ald\u0131. \u00dc\u00e7 aday\u0131n yar\u0131\u015ft\u0131\u011f\u0131 se\u00e7imlerde 105 oy ile en y\u00fcksek oyu alan Muhammet \u00d6zt\u00fcrk muhtar se\u00e7ildi. Son yap\u0131lan yerel se\u00e7imlerde Uzunalan Mahalle Muhtar\u0131 se\u00e7ilen Saffet Tezer\u2019in mazbatas\u0131 Y\u00fcksek Se\u00e7im Kurulu taraf\u0131ndan iptal edilmi\u015fti.<\/p>\n","protected":false},"excerpt":{"rendered":"<p>SAKARYA\u2019NIN KAYNARCA \u0130L\u00c7ES\u0130 UZUNALAN MAHALLES\u0130&#8217;NDE TEKRARLANAN MUHTARLIK SE\u00c7\u0130MLER\u0130N\u0130 34 YA\u015eINDAK\u0130 MUHAMMET \u00d6ZT\u00dcRK KAZANDI.<\/p>\n","protected":false},"author":1,"featured_media":165398,"comment_status":"closed","ping_status":"open","sticky":false,"template":"","format":"standard","meta":{"jetpack_post_was_ever_published":false,"_jetpack_newsletter_access":"","_jetpack_dont_email_post_to_subs":false,"_jetpack_newsletter_tier_id":0,"_jetpack_memberships_contains_paywalled_content":false,"_jetpack_memberships_contains_paid_content":false,"footnotes":"","jetpack_publicize_message":"","jetpack_publicize_feature_enabled":true,"jetpack_social_post_already_shared":true,"jetpack_social_options":{"image_generator_settings":{"template":"highway","default_image_id":0,"font":"","enabled":false},"version":2}},"categories":[1],"tags":[612,38725,2227,13869,77,14133,39356,39364,87],"class_list":["post-165397","post","type-post","status-publish","format-standard","has-post-thumbnail","hentry","category-genel","tag-belli","tag-kaynarca","tag-mahallesi","tag-muhtari","tag-oldu","tag-secimde","tag-tekrarlanan","tag-uzunalan","tag-yeni"],"jetpack_publicize_connections":[],"jetpack_featured_media_url":"https:\/\/i0.wp.com\/www.tvturk.com\/wp-content\/uploads\/2019\/06\/tekrarlanan-secimde-yeni-kaynarca-uzunalan-mahallesi-muhtari-belli-oldu_01f834f.jpg?fit=960%2C720","jetpack_sharing_enabled":true,"jetpack_shortlink":"https:\/\/wp.me\/paKIfm-H1H","_links":{"self":[{"href":"http:\/\/www.tvturk.com\/index.php\/wp-json\/wp\/v2\/posts\/165397","targetHints":{"allow":["GET"]}}],"collection":[{"href":"http:\/\/www.tvturk.com\/index.php\/wp-json\/wp\/v2\/posts"}],"about":[{"href":"http:\/\/www.tvturk.com\/index.php\/wp-json\/wp\/v2\/types\/post"}],"author":[{"embeddable":true,"href":"http:\/\/www.tvturk.com\/index.php\/wp-json\/wp\/v2\/users\/1"}],"replies":[{"embeddable":true,"href":"http:\/\/www.tvturk.com\/index.php\/wp-json\/wp\/v2\/comments?post=165397"}],"version-history":[{"count":0,"href":"http:\/\/www.tvturk.com\/index.php\/wp-json\/wp\/v2\/posts\/165397\/revisions"}],"wp:featuredmedia":[{"embeddable":true,"href":"http:\/\/www.tvturk.com\/index.php\/wp-json\/wp\/v2\/media\/165398"}],"wp:attachment":[{"href":"http:\/\/www.tvturk.com\/index.php\/wp-json\/wp\/v2\/media?parent=165397"}],"wp:term":[{"taxonomy":"category","embeddable":true,"href":"http:\/\/www.tvturk.com\/index.php\/wp-json\/wp\/v2\/categories?post=165397"},{"taxonomy":"post_tag","embeddable":true,"href":"http:\/\/www.tvturk.com\/index.php\/wp-json\/wp\/v2\/tags?post=165397"}],"curies":[{"name":"wp","href":"https:\/\/api.w.org\/{rel}","templated":true}]}}