{"id":165403,"date":"2019-06-03T00:46:52","date_gmt":"2019-06-02T21:46:52","guid":{"rendered":"http:\/\/www.tvturk.com\/index.php\/gunes-bundan-sonra-cehennem-basliyor\/"},"modified":"2019-06-03T00:46:52","modified_gmt":"2019-06-02T21:46:52","slug":"gunes-bundan-sonra-cehennem-basliyor","status":"publish","type":"post","link":"http:\/\/www.tvturk.com\/index.php\/gunes-bundan-sonra-cehennem-basliyor\/","title":{"rendered":"G\u00fcne\u015f: \u201dBundan sonra cehennem  ba\u015fl\u0131yor&#8221;"},"content":{"rendered":"<p>A Milli Futbol Tak\u0131m\u0131 Teknik Direkt\u00f6r\u00fc \u015eenol G\u00fcne\u015f, &#8220;Alanya\u2019da ve Antalya\u2019da g\u00fczel havaland\u0131k. \u015euana kadar rahatt\u0131k, as\u0131l bundan sonra cehennemin ba\u015flang\u0131c\u0131 ba\u015fl\u0131yor. Bundan sonra sava\u015f ba\u015fl\u0131yor&#8221; dedi.<\/p>\n<p>A Milli Futbol Tak\u0131m\u0131, Alanya\u2019da haz\u0131rl\u0131k ma\u00e7\u0131nda kar\u015f\u0131la\u015ft\u0131\u011f\u0131 \u00d6zbekistan\u2019\u0131 2-0 ma\u011flup etti.<\/p>\n<p>Ma\u00e7\u0131n ard\u0131ndan d\u00fczenlenen bas\u0131n toplant\u0131s\u0131nda konu\u015fan G\u00fcne\u015f, Emre Ta\u015fdemir\u2019e neden k\u0131zd\u0131\u011f\u0131n\u0131n sorulmas\u0131na, \u201cEmre yetenekli bir oyuncu, uzun s\u00fcredir oynam\u0131yor. Performans\u0131 y\u00fczde y\u00fcz oldu\u011fu zaman daha iyi olacakt\u0131r. Pozisyon bilgisi a\u00e7\u0131s\u0131ndan h\u00fccuma y\u00f6nelik iyi oynuyor, defansa y\u00f6nelik eksiklikleri var. Kontrols\u00fcz gidip gelince \u00e7ok yoruldu, kramplar olu\u015ftu. G\u00fcvensizlikleri var, kramp girdik\u00e7e, kendini d\u0131\u015far\u0131 atmak istiyor. Devam etmesini istedim. Sonra iyi oynad\u0131. Depar att\u0131, ribauntta kafaya \u00e7\u0131kt\u0131. O psikolojiyi yenmesi laz\u0131m. Onu g\u00f6rmek istedik. K\u0131zmak de\u011fil de uyar\u0131 i\u00e7indi. Bildi\u011fim bir oyuncu. \u0130deal bir sol bek a\u00e7\u0131s\u0131ndan y\u00fczde y\u00fcz de\u011fil ama ofans\u0131 iyi. Performans\u0131 y\u00fckseldi\u011fi zaman daha iyi olacak.  Elimizde Hasan Ali var Emre var bakaca\u011f\u0131z \u015fartlar\u0131na\u201d a\u00e7\u0131klamas\u0131n\u0131 yapt\u0131.<\/p>\n<p>&#8220;Bu oyun temposu Fransa i\u00e7in yeterli de\u011fil&#8221;<\/p>\n<p>Yunanistan ve \u00d6zbekistan ma\u00e7lar\u0131n\u0131 de\u011ferlendiren G\u00fcne\u015f, \u201c \u0130ki ma\u00e7 birbirinden farkl\u0131yd\u0131.  \u0130ki ma\u00e7ta da kazanmaya yak\u0131n bizdik, 3-4 gol atabilirdik. \u00d6zbekistan\u2019 kar\u015f\u0131s\u0131ndan ilk 35 dakika iyiydik ve oyuna hakimdik. Bu oyun temposu ve yap\u0131s\u0131 Fransa ma\u00e7\u0131 i\u00e7in yeterli de\u011fil, bunu oyuncu da bende biliyorum. Oyun yap\u0131s\u0131 da farkl\u0131 olacak daha iyi bir tak\u0131ma kar\u015f\u0131 hem ofansif hem defansif iyi oynamal\u0131y\u0131z. \u0130ki y\u00f6n\u00fc de iyi yapmal\u0131y\u0131z. Oyuncular\u0131n durumunu g\u00f6rmek a\u00e7\u0131s\u0131ndan iyiydi. Sadece bir oyuncu \u00fczerinden \u00f6rnek vereyim. \u0130rfan bir \u00f6nceki ma\u00e7ta  olumsuzdu, bu ma\u00e7ta \u00e7ok iyiydi. Oyuncu y\u00fczde y\u00fcz\u00fcn\u00fc vermeli, g\u00f6stermeli.  Buraya se\u00e7ilen oyuncular\u0131n hepsi iyi. Fark\u0131 antrenmanda g\u00f6rece\u011fiz, ma\u00e7ta g\u00f6rece\u011fiz. Hayalimizdeki tak\u0131m olmas\u0131 yeterli de\u011fil, o hayalin ger\u00e7ek olmas\u0131 i\u00e7in futbolcular\u0131n kendi ger\u00e7eklerini ortaya koymas\u0131 gerekir. 31 oyuncu i\u00e7inden bakaca\u011f\u0131z. Okay\u2019\u0131n durumuna bakaca\u011f\u0131z. D\u0131\u015far\u0131da kalan oyuncular k\u00f6t\u00fc de\u011fildir. Biz bu kadro i\u00e7inden bir 23 yapaca\u011f\u0131z. Bu karma\u015fay\u0131 ortadan kald\u0131rmak istiyorum. Fizik teknik ve taktik olarak Fransa\u2019y\u0131 kimlerle kald\u0131r\u0131r\u0131z diye g\u00f6rmeye \u00e7al\u0131\u015ft\u0131k. Emre\u2019ye kramp girmesi eksi puan.\u201ddiye konu\u015ftu.<\/p>\n<p>\u0130ki ma\u00e7 yapt\u0131klar\u0131n\u0131 ve oyuncular\u0131n\u0131n genel durumunu g\u00f6rd\u00fc\u011f\u00fcn\u00fc dile getiren G\u00fcne\u015f, iki haz\u0131rl\u0131k ma\u00e7\u0131n\u0131n Fransa ve \u0130zlanda kimleri oynataca\u011f\u0131 d\u00fc\u015f\u00fcncesini biraz daha zenginle\u015ftirdiklerinin alt\u0131n\u0131 \u00e7izdi.<\/p>\n<p>&#8220;\u00c7al\u0131\u015fmaya devam edece\u011fiz&#8221;<\/p>\n<p>Ozan Kabak ve  Cenk Tosun yerine yeni oyuncu \u00e7a\u011f\u0131racak m\u0131s\u0131n\u0131z? Sorusuna  G\u00fcne\u015f, \u201c \u0130ki oyuncunun bizimle olmayaca\u011f\u0131 belli. Okay\u2019\u0131n durumu yar\u0131n belli olacak. Elimizde oyuncular var. Alabilece\u011fimiz iki oyuncu var, H\u00fcseyin T\u00fcrkmen ve biri Mert G\u00fcld\u00fcr. O a\u015famaya gelmedik. Elimizdeki oyuncular\u0131n iki ma\u00e7\u0131 da kald\u0131raca\u011f\u0131n\u0131 d\u00fc\u015f\u00fcn\u00fcyoruz. Biz her \u015feye haz\u0131rl\u0131kl\u0131 olaca\u011f\u0131z. O nedenle bekleyip g\u00f6rece\u011fiz. \u00c7al\u0131\u015fmaya devam edece\u011fiz. Her olas\u0131l\u0131\u011f\u0131 d\u00fc\u015f\u00fcn\u00fcyoruz.\u201d cevab\u0131n\u0131 verdi.<\/p>\n<p>&#8220;Cehennem ba\u015flang\u0131c\u0131 ba\u015fl\u0131yor&#8221;<\/p>\n<p>Seyirciye te\u015fekk\u00fcr eden G\u00fcne\u015f, \u201c S\u0131cak havada bizi yaln\u0131z b\u0131rakmad\u0131lar. Alanya\u2019da ilk milli ma\u00e7, \u00d6zbekistan\u2019la ilk ma\u00e7. Zeki gollerini ilk defa att\u0131. \u0130rfan gol\u00fcn\u00fc ilk defa atamad\u0131 \u00e7\u0131karken. Yeni y\u00f6netimin ilk ma\u00e7\u0131 oldu. \u00d6mer Ali \u015eahiner ilk kez milli oldu. Alanya\u2019da ve Antalya\u2019da g\u00fczel havaland\u0131k. \u015euana kadar rahatt\u0131k, as\u0131l bundan sonra cehennemin ba\u015flang\u0131c\u0131 ba\u015fl\u0131yor. Bundan sonra sava\u015f ba\u015fl\u0131yor. As\u0131l bundan sonra ba\u015fl\u0131yor. Sezonun yorgunlu\u011funu at\u0131p, d\u00fcn ak\u015famda moral yapmaya \u00e7al\u0131\u015ft\u0131k. Yar\u0131n sabah idman var, \u00f6\u011fleden sonra izin var. Ondan sonraki \u00e7al\u0131\u015fmalar Fransa ve \u0130zlanda ma\u00e7\u0131na d\u00f6n\u00fck olacak.\u201d dedi.<\/p>\n<p>&#8220;Fransa i\u00e7in yeterli de\u011fil&#8221;<\/p>\n<p>Milli Tak\u0131m\u0131n moralinin yerinde oldu\u011funu vurgulayan G\u00fcne\u015f, \u201c 9 yeni oyuncu geldi, sakatl\u0131klara \u00fcz\u00fcld\u00fck. Moral olarak s\u0131k\u0131nt\u0131m\u0131z yok. Fizik olarak ne kadar ta\u015f\u0131yaca\u011f\u0131m\u0131z\u0131 sorular\u0131n\u0131 bilmiyorum. Y\u00fcksek tempoda \u00fcst seviyede kaliteli ma\u00e7lar oynayaca\u011f\u0131z. Bu ma\u00e7lar\u0131 oynayacak oyuncumuz var. Bu oyuncular\u0131n 90 dakika i\u00e7inde ne yapaca\u011f\u0131n\u0131 ma\u00e7ta g\u00f6rece\u011fiz. Antrenmanlarda bu ma\u00e7ta oynayan ve oynamayanlar aras\u0131nda harmanlama yap\u0131p hayalimizdeki tak\u0131m\u0131 \u00e7\u0131karmaya \u00e7al\u0131\u015faca\u011f\u0131z. Konya\u2019daki ma\u00e7 bu tempoda olmayacak. Her ma\u00e7\u0131n ayr\u0131 motivasyonu vard\u0131r. 3 g\u00fcne bir ma\u00e7 yapaca\u011f\u0131z. Sab\u0131rl\u0131 olaca\u011f\u0131z, i\u015fimizi yapaca\u011f\u0131z. Eksikliklerimizi g\u00f6r\u00fcyoruz. Geli\u015ftirece\u011fiz, s\u00f6ylenenleri al\u0131p yap\u0131yoruz. \u0130yi \u015feyler var ama bu Fransa i\u00e7in yeterli de\u011fil \u015fuan.\u201d de\u011ferlendirmesinde bulundu.<\/p>\n","protected":false},"excerpt":{"rendered":"<p>A M\u0130LL\u0130 FUTBOL TAKIMI TEKN\u0130K D\u0130REKT\u00d6R\u00dc \u015eENOL G\u00dcNE\u015e, &#8220;ALANYA\u2019DA VE ANTALYA\u2019DA G\u00dcZEL HAVALANDIK. \u015eUANA KADAR RAHATTIK, ASIL BUNDAN SONRA CEHENNEM\u0130N BA\u015eLANGICI BA\u015eLIYOR. BUNDAN SONRA SAVA\u015e BA\u015eLIYOR.&#8221;DED\u0130.<\/p>\n","protected":false},"author":1,"featured_media":165404,"comment_status":"closed","ping_status":"open","sticky":false,"template":"","format":"standard","meta":{"jetpack_post_was_ever_published":false,"_jetpack_newsletter_access":"","_jetpack_dont_email_post_to_subs":false,"_jetpack_newsletter_tier_id":0,"_jetpack_memberships_contains_paywalled_content":false,"_jetpack_memberships_contains_paid_content":false,"footnotes":"","jetpack_publicize_message":"","jetpack_publicize_feature_enabled":true,"jetpack_social_post_already_shared":true,"jetpack_social_options":{"image_generator_settings":{"template":"highway","default_image_id":0,"font":"","enabled":false},"version":2}},"categories":[657],"tags":[1647,12831,39367,1386,2022],"class_list":["post-165403","post","type-post","status-publish","format-standard","has-post-thumbnail","hentry","category-spor","tag-basliyor","tag-bundan","tag-cehennem","tag-gunes","tag-sonra"],"jetpack_publicize_connections":[],"jetpack_featured_media_url":"https:\/\/i0.wp.com\/www.tvturk.com\/wp-content\/uploads\/2019\/06\/gunes-bundan-sonra-cehennem-basliyor_0f01490.jpg?fit=1000%2C666","jetpack_sharing_enabled":true,"jetpack_shortlink":"https:\/\/wp.me\/paKIfm-H1N","_links":{"self":[{"href":"http:\/\/www.tvturk.com\/index.php\/wp-json\/wp\/v2\/posts\/165403","targetHints":{"allow":["GET"]}}],"collection":[{"href":"http:\/\/www.tvturk.com\/index.php\/wp-json\/wp\/v2\/posts"}],"about":[{"href":"http:\/\/www.tvturk.com\/index.php\/wp-json\/wp\/v2\/types\/post"}],"author":[{"embeddable":true,"href":"http:\/\/www.tvturk.com\/index.php\/wp-json\/wp\/v2\/users\/1"}],"replies":[{"embeddable":true,"href":"http:\/\/www.tvturk.com\/index.php\/wp-json\/wp\/v2\/comments?post=165403"}],"version-history":[{"count":0,"href":"http:\/\/www.tvturk.com\/index.php\/wp-json\/wp\/v2\/posts\/165403\/revisions"}],"wp:featuredmedia":[{"embeddable":true,"href":"http:\/\/www.tvturk.com\/index.php\/wp-json\/wp\/v2\/media\/165404"}],"wp:attachment":[{"href":"http:\/\/www.tvturk.com\/index.php\/wp-json\/wp\/v2\/media?parent=165403"}],"wp:term":[{"taxonomy":"category","embeddable":true,"href":"http:\/\/www.tvturk.com\/index.php\/wp-json\/wp\/v2\/categories?post=165403"},{"taxonomy":"post_tag","embeddable":true,"href":"http:\/\/www.tvturk.com\/index.php\/wp-json\/wp\/v2\/tags?post=165403"}],"curies":[{"name":"wp","href":"https:\/\/api.w.org\/{rel}","templated":true}]}}