{"id":165409,"date":"2019-06-03T02:41:52","date_gmt":"2019-06-02T23:41:52","guid":{"rendered":"http:\/\/www.tvturk.com\/index.php\/cumhurbaskani-erdaogandan-il-baskani-dagdelene-tebrik-telefonu\/"},"modified":"2019-06-03T02:41:52","modified_gmt":"2019-06-02T23:41:52","slug":"cumhurbaskani-erdaogandan-il-baskani-dagdelene-tebrik-telefonu","status":"publish","type":"post","link":"http:\/\/www.tvturk.com\/index.php\/cumhurbaskani-erdaogandan-il-baskani-dagdelene-tebrik-telefonu\/","title":{"rendered":"Cumhurba\u015fkan\u0131 Erdao\u011fan\u2019dan, \u0130l Ba\u015fkan\u0131 Da\u011fdelen\u2019e tebrik telefonu"},"content":{"rendered":"<p>K\u0131r\u0131kkale\u2019nin Keskin \u0130l\u00e7esinde AK Parti\u2019nin aday\u0131 Dede Y\u0131ld\u0131r\u0131m\u2019\u0131n belediye ba\u015fkanl\u0131\u011f\u0131 se\u00e7imini almas\u0131n\u0131n ard\u0131ndan Cumhurba\u015fkan\u0131 Recep Tayyip Erdo\u011fan, AK Parti K\u0131r\u0131kkale \u0130l Ba\u015fkan\u0131 Nuh Da\u011fdelen\u2019i telefondan arayarak tebrik etti.<\/p>\n<p>Keskin halk\u0131n\u0131n Cumhurba\u015fkan\u0131 Recep Tayyip Erdo\u011fan\u2019a sevgisi, muhabbeti ve sadakati \u00e7ok \u00fcst seviyede oldu\u011funu belirten Da\u011fdelen, \u201cKeskinli hem\u015fehrilerimiz bizi ba\u011fr\u0131na bast\u0131lar sa\u011f olsunlar. Bizi sahiplendiler. Buradan \u00e7ok te\u015fekk\u00fcr ediyorum onlara. Ama bu ba\u015far\u0131m\u0131z\u0131n mimar\u0131 Cumhurba\u015fkan\u0131\u2019m\u0131z Say\u0131n; Recep Tayyip Erdo\u011fan\u2019d\u0131r. Keskin halk\u0131n\u0131n Cumhurba\u015fkan\u0131 Erdo\u011fan\u2019a sevgisi, muhabbeti ve sadakati \u00e7ok \u00fcst seviyede. O muhabbetin neticesinde de burada tabi se\u00e7imi rahat kazand\u0131k. Bunu ifade etmek istiyorum.\u201d dedi.<\/p>\n<p>\u0130stanbul se\u00e7imlerinin de \u00f6neminden bahseden Da\u011fdelen, konu\u015fmas\u0131n\u0131 \u015fu \u015fekilde s\u00fcrd\u00fcrd\u00fc:<\/p>\n<p>\u201cSe\u00e7im \u00e7al\u0131\u015fmas\u0131 i\u00e7erisinde neredeyse her evin i\u00e7erisinde olduk. Her esnaf karde\u015fimizle g\u00f6r\u00fc\u015ft\u00fck. Her aileyle g\u00f6r\u00fc\u015ft\u00fck. M\u00fcbarek Ramazan\u2019da buna vesile oldu. Bu s\u00fcre\u00e7 i\u00e7erisinde birinci g\u00fcndem maddesi Keskin se\u00e7iminden daha ziyade \u0130stanbul se\u00e7imiydi. Bu se\u00e7im i\u00e7erisinde de tabi Keskinli hem\u015fehrilerimizin de olup, \u0130stanbul\u2019da ya\u015fayan Keskinli hem\u015fehrilerimiz var. Buradaki karde\u015flerimiz, ablalar\u0131m\u0131z, a\u011fabeylerimiz, b\u00fcy\u00fcklerimiz hepsi \u0130stanbul\u2019daki yak\u0131nlar\u0131na ni\u00e7in AK Parti\u2019ye oy vermeleri gerekti\u011fini anlat\u0131yorlar.\u201d<\/p>\n<p>\u201c\u0130stanbul\u2019da da ba\u015far\u0131 elde edece\u011fiz\u201d<\/p>\n<p>\u201cSa\u011f olsunlar hem bug\u00fcn burada fiilen kendileri oy vererek \u00f6rnek oldular. 23 Haziran\u2019da da \u0130stanbul\u2019da da ayn\u0131 \u015fekilde \u00e7al\u0131\u015fmayla, bu organizasyonla hem\u015fehrilerimizin bu muhabbetli, bu sevgili samimi davran\u0131\u015flar\u0131yla b\u00fcy\u00fck bir ba\u015far\u0131 elde edece\u011fiz. Tabi Keskin se\u00e7imi de \u0130stanbul bir i\u015faret oldu. Bir g\u00fczellik oldu.\u201d<\/p>\n<p>\u201c2023, 2053 ve 2071 hedeflerine ula\u015faca\u011f\u0131z\u201d<\/p>\n<p>Da\u011fdelen, \u201c\u0130nan\u0131yorum ki biz \u015fehir olarak, \u00fclke olarak, millet olarak \u0130stanbul se\u00e7imlerinde de \u00e7ok ba\u015far\u0131l\u0131 olaca\u011f\u0131z. Allah\u2019\u0131n izniyle \u0130n\u015fallah Cumhurba\u015fkan\u0131m\u0131z\u0131n liderli\u011finde 2023, 2053 ve 2071 hedeflerine ula\u015faca\u011f\u0131z. Bununla alakal\u0131 hi\u00e7bir endi\u015femiz, hi\u00e7bir \u015f\u00fcphemiz yok\u201d diye konu\u015ftu.<\/p>\n<p>\u0130l\u00e7e sakinlerinden Demirel Y\u0131lmazer, \u201cSay\u0131n il ba\u015fkan\u0131m\u0131z\u0131n cesaretiyle, m\u00fccadelesiyle bu se\u00e7imi Keskinli olaraktan kazand\u0131k. Kendisinden Allah raz\u0131 olsun diyoruz\u201d dedi.<\/p>\n<p>Osman Kulaks\u0131z ise, \u201cAllah nasip ederse Nuh ba\u015fkan\u0131mla, Dede ba\u015fkan\u0131mla \u0130stanbul\u2019a da gidece\u011fiz ayn\u0131 ekiple \u0130stanbul\u2019u da alaca\u011f\u0131z\u201d \u015feklide konu\u015ftu.<\/p>\n<p>Keskin\u2019de se\u00e7im s\u00fcrecinde Keskin\u2019li kad\u0131nlar\u0131n birbirine kenetlenerek var g\u00fcc\u00fcyle \u00e7al\u0131\u015ft\u0131klar\u0131n\u0131 ifade eden AK Parti \u0130l Ba\u015fkan Yard\u0131mc\u0131s\u0131 Nebahat Erk\u00f6k, \u201cNihayetinde de ba\u015far\u0131y\u0131 yakalad\u0131. Bunu neden \u00f6nemsedik? \u015eunun i\u00e7in; bir kere AK Parti belediyecili\u011fi, AK Parti g\u00f6n\u00fcl belediyecili\u011finin devam\u0131nda Keskin\u2019e daha g\u00fczel yat\u0131r\u0131mlar\u0131n gelece\u011fine inand\u0131lar. Bizimle beraber gayret ettiler\u201d dedi.<\/p>\n<p>K\u0131r\u0131kkale\u2019nin Keskin il\u00e7esinde resmi olmayan sonu\u00e7lara g\u00f6re AK Parti\u2019nin aday\u0131 Dede Y\u0131ld\u0131r\u0131m 2 bin 426 oy alarak, 2 bin 165 oy alan Milli \u0130ttifak\u0131 aday\u0131 \u0130Y\u0130 Partili Necati Alsancak\u2019\u0131n \u00f6n\u00fcnde se\u00e7imi kazand\u0131. MHP aday\u0131 ise 679 oy ald\u0131.<\/p>\n<p>AK Parti Keskin \u0130l\u00e7e Ba\u015fkanl\u0131\u011f\u0131 \u00f6n\u00fcnde toplanan kalabal\u0131k sahura saatine kadar bekledi. \u015eehit haberlerinden dolay\u0131 kutlamalar da iptal edildi.<\/p>\n","protected":false},"excerpt":{"rendered":"<p>KIRIKKALE\u2019N\u0130N KESK\u0130N \u0130L\u00c7ES\u0130NDE AK PART\u0130\u2019N\u0130N ADAYI DEDE YILDIRIM&#8217;IN BELED\u0130YE BA\u015eKANLI\u011eI SE\u00c7\u0130M\u0130N\u0130 ALMASININ ARDINDAN CUMHURBA\u015eKANI RECEP TAYY\u0130P ERDO\u011eAN, AK PART\u0130 KIRIKKALE \u0130L BA\u015eKANI NUH DA\u011eDELEN\u2019\u0130 TELEFONDAN ARAYARAK TEBR\u0130K ETT\u0130.<\/p>\n","protected":false},"author":1,"featured_media":165410,"comment_status":"closed","ping_status":"open","sticky":false,"template":"","format":"standard","meta":{"jetpack_post_was_ever_published":false,"_jetpack_newsletter_access":"","_jetpack_dont_email_post_to_subs":false,"_jetpack_newsletter_tier_id":0,"_jetpack_memberships_contains_paywalled_content":false,"_jetpack_memberships_contains_paid_content":false,"footnotes":"","jetpack_publicize_message":"","jetpack_publicize_feature_enabled":true,"jetpack_social_post_already_shared":true,"jetpack_social_options":{"image_generator_settings":{"template":"highway","default_image_id":0,"font":"","enabled":false},"version":2}},"categories":[1],"tags":[216,503,39369,39368,424,2272,10008],"class_list":["post-165409","post","type-post","status-publish","format-standard","has-post-thumbnail","hentry","category-genel","tag-baskani","tag-cumhurbaskani","tag-dagdelene","tag-erdaogandan","tag-il","tag-tebrik","tag-telefonu"],"jetpack_publicize_connections":[],"jetpack_featured_media_url":"https:\/\/i0.wp.com\/www.tvturk.com\/wp-content\/uploads\/2019\/06\/cumhurbaskani-erdaogandan-il-baskani-dagdelene-tebrik-telefonu_fdd1f79.jpg?fit=1000%2C562","jetpack_sharing_enabled":true,"jetpack_shortlink":"https:\/\/wp.me\/paKIfm-H1T","_links":{"self":[{"href":"http:\/\/www.tvturk.com\/index.php\/wp-json\/wp\/v2\/posts\/165409","targetHints":{"allow":["GET"]}}],"collection":[{"href":"http:\/\/www.tvturk.com\/index.php\/wp-json\/wp\/v2\/posts"}],"about":[{"href":"http:\/\/www.tvturk.com\/index.php\/wp-json\/wp\/v2\/types\/post"}],"author":[{"embeddable":true,"href":"http:\/\/www.tvturk.com\/index.php\/wp-json\/wp\/v2\/users\/1"}],"replies":[{"embeddable":true,"href":"http:\/\/www.tvturk.com\/index.php\/wp-json\/wp\/v2\/comments?post=165409"}],"version-history":[{"count":0,"href":"http:\/\/www.tvturk.com\/index.php\/wp-json\/wp\/v2\/posts\/165409\/revisions"}],"wp:featuredmedia":[{"embeddable":true,"href":"http:\/\/www.tvturk.com\/index.php\/wp-json\/wp\/v2\/media\/165410"}],"wp:attachment":[{"href":"http:\/\/www.tvturk.com\/index.php\/wp-json\/wp\/v2\/media?parent=165409"}],"wp:term":[{"taxonomy":"category","embeddable":true,"href":"http:\/\/www.tvturk.com\/index.php\/wp-json\/wp\/v2\/categories?post=165409"},{"taxonomy":"post_tag","embeddable":true,"href":"http:\/\/www.tvturk.com\/index.php\/wp-json\/wp\/v2\/tags?post=165409"}],"curies":[{"name":"wp","href":"https:\/\/api.w.org\/{rel}","templated":true}]}}