{"id":165427,"date":"2019-06-03T09:57:01","date_gmt":"2019-06-03T06:57:01","guid":{"rendered":"http:\/\/www.tvturk.com\/index.php\/temmuz-ayinda-kuru-caya-zam-beklentisi\/"},"modified":"2019-06-03T09:57:01","modified_gmt":"2019-06-03T06:57:01","slug":"temmuz-ayinda-kuru-caya-zam-beklentisi","status":"publish","type":"post","link":"http:\/\/www.tvturk.com\/index.php\/temmuz-ayinda-kuru-caya-zam-beklentisi\/","title":{"rendered":"Temmuz ay\u0131nda kuru \u00e7aya zam beklentisi"},"content":{"rendered":"<p>Trabzon Ticaret Borsas\u0131 (TTB) Meclis Ba\u015fkan\u0131 Sebahattin Arslant\u00fcrk, son iki y\u0131lda hem \u00c7AYKUR hem de \u00f6zel sekt\u00f6r\u00fcn ya\u015f \u00e7ay fiyatlar\u0131n\u0131n kuru \u00e7ayla dengeli olmamas\u0131ndan dolay\u0131 ciddi zararlar etti\u011fini belirterek \u201c\u015eu anda piyasadaki var olan fiyatlar sekt\u00f6r\u00fcn zarar fiyatlar\u0131. Biz yetkililerden talep ettik, gerekli giri\u015fimlerde bulunduk. Temmuz ay\u0131 i\u00e7erisinde kuru \u00e7aya bir zam yap\u0131laca\u011f\u0131 ifade edildi\u201d dedi.<\/p>\n<p>Konuyla ilgili de\u011ferlendirmelerde bulunan Arslant\u00fcrk \u201cBiz f\u0131nd\u0131kta oldu\u011fu gibi \u00e7ayda da \u00fczerimize d\u00fc\u015fen g\u00f6revi yapmaya haz\u0131r\u0131z. Son iki y\u0131ldan beri hem \u00c7AYKUR hem de \u00f6zel sekt\u00f6r, ya\u015f \u00e7ay fiyatlar\u0131n\u0131 kuru \u00e7ayla dengeli olmamas\u0131ndan dolay\u0131 ciddi zararlar ediyorlar. Bu y\u0131l ya\u015f \u00e7aya y\u00fczde 25 civar\u0131nda bir zam yap\u0131ld\u0131. Yakla\u015f\u0131k 2,5 y\u0131ldan beri maalesef kuru \u00e7aya zam yap\u0131lmad\u0131. G\u00f6n\u00fcl zam yap\u0131lmamas\u0131n\u0131 istiyor ama e\u011fer bu sanayi ya\u015fayacaksa, devlete kar\u015f\u0131 \u00f6zel sekt\u00f6r bu sekt\u00f6r\u00fcn i\u00e7inde yer alacaksa mutlaka bu d\u00fczenlemenin yap\u0131lmas\u0131 gerekiyor. \u015eu anda piyasadaki var olan fiyatlar sekt\u00f6r\u00fcn zarar fiyatlar\u0131. Yani 25 TL ve onun \u00fczerinde bir fiyat olacak ki sekt\u00f6r ancak nefes alabilsin&#8221; dedi.<\/p>\n<p>&#8220;Kuru \u00e7ay stoklar\u0131nda ciddi bir art\u0131\u015f var, \u00f6nlem al\u0131nmal\u0131&#8221;<\/p>\n<p>&#8220;Biz yetkililerden kuru \u00e7ay i\u00e7in zam talep ettik, gerekli giri\u015fimlerde bulunuyoruz&#8221; diyen Arslant\u00fcrk &#8220;Bize Temmuz ay\u0131 i\u00e7erisinde bir zam yap\u0131laca\u011f\u0131 ifade edildi. Bizim gelecekte \u00e7ayla ilgili ciddi endi\u015felerimiz var. T\u00fcrkiye\u2019nin kuru \u00e7aydaki stok miktar\u0131 her ge\u00e7en g\u00fcn art\u0131yor. T\u00fcrkiye ge\u00e7mi\u015fte de ayn\u0131 problemleri ya\u015fam\u0131\u015ft\u0131. Tekrar bu yola do\u011fru gidiyor. Stoklardaki \u00e7ay neredeyse bir y\u0131l yetebilecek miktarda. T\u00fcrkiye\u2019de son iki y\u0131ldan beri \u00fcretimde ciddi bir art\u0131\u015f var. Mutlaka hem \u00f6nlem almal\u0131y\u0131z hem de \u00e7ayda sat\u0131\u015f modelimizi hem ihracata da y\u00f6nelik bir altyap\u0131s\u0131n\u0131 haz\u0131rlay\u0131p ona y\u00f6nlenmemiz laz\u0131m\u201d ifadelerini kulland\u0131.<\/p>\n","protected":false},"excerpt":{"rendered":"<p>TTB MECL\u0130S BA\u015eKANI SEBAHATT\u0130N ARSLANT\u00dcRK, SON \u0130K\u0130 YILDA  HEM \u00c7AYKUR HEM DE \u00d6ZEL SEKT\u00d6R YA\u015e \u00c7AY F\u0130YATLARININ KURU \u00c7AYLA DENGEL\u0130 OLMAMASINDAN DOLAYI  C\u0130DD\u0130 ZARARLAR ETT\u0130\u011e\u0130N\u0130 BEL\u0130RTT\u0130.<\/p>\n","protected":false},"author":1,"featured_media":165428,"comment_status":"closed","ping_status":"open","sticky":false,"template":"","format":"standard","meta":{"jetpack_post_was_ever_published":false,"_jetpack_newsletter_access":"","_jetpack_dont_email_post_to_subs":false,"_jetpack_newsletter_tier_id":0,"_jetpack_memberships_contains_paywalled_content":false,"_jetpack_memberships_contains_paid_content":false,"footnotes":"","jetpack_publicize_message":"","jetpack_publicize_feature_enabled":true,"jetpack_social_post_already_shared":true,"jetpack_social_options":{"image_generator_settings":{"template":"highway","default_image_id":0,"font":"","enabled":false},"version":2}},"categories":[19],"tags":[211,10274,27041,6361,1148,4652],"class_list":["post-165427","post","type-post","status-publish","format-standard","has-post-thumbnail","hentry","category-ekonomi","tag-ayinda","tag-beklentisi","tag-caya","tag-kuru","tag-temmuz","tag-zam"],"jetpack_publicize_connections":[],"jetpack_featured_media_url":"https:\/\/i0.wp.com\/www.tvturk.com\/wp-content\/uploads\/2019\/06\/temmuz-ayinda-kuru-caya-zam-beklentisi_61b839a.jpg?fit=892%2C1000","jetpack_sharing_enabled":true,"jetpack_shortlink":"https:\/\/wp.me\/paKIfm-H2b","_links":{"self":[{"href":"http:\/\/www.tvturk.com\/index.php\/wp-json\/wp\/v2\/posts\/165427","targetHints":{"allow":["GET"]}}],"collection":[{"href":"http:\/\/www.tvturk.com\/index.php\/wp-json\/wp\/v2\/posts"}],"about":[{"href":"http:\/\/www.tvturk.com\/index.php\/wp-json\/wp\/v2\/types\/post"}],"author":[{"embeddable":true,"href":"http:\/\/www.tvturk.com\/index.php\/wp-json\/wp\/v2\/users\/1"}],"replies":[{"embeddable":true,"href":"http:\/\/www.tvturk.com\/index.php\/wp-json\/wp\/v2\/comments?post=165427"}],"version-history":[{"count":0,"href":"http:\/\/www.tvturk.com\/index.php\/wp-json\/wp\/v2\/posts\/165427\/revisions"}],"wp:featuredmedia":[{"embeddable":true,"href":"http:\/\/www.tvturk.com\/index.php\/wp-json\/wp\/v2\/media\/165428"}],"wp:attachment":[{"href":"http:\/\/www.tvturk.com\/index.php\/wp-json\/wp\/v2\/media?parent=165427"}],"wp:term":[{"taxonomy":"category","embeddable":true,"href":"http:\/\/www.tvturk.com\/index.php\/wp-json\/wp\/v2\/categories?post=165427"},{"taxonomy":"post_tag","embeddable":true,"href":"http:\/\/www.tvturk.com\/index.php\/wp-json\/wp\/v2\/tags?post=165427"}],"curies":[{"name":"wp","href":"https:\/\/api.w.org\/{rel}","templated":true}]}}