{"id":165431,"date":"2019-06-03T09:58:03","date_gmt":"2019-06-03T06:58:03","guid":{"rendered":"http:\/\/www.tvturk.com\/index.php\/ozel-kirmizi-listenin-duyarlisi-korumaya-aliniyor\/"},"modified":"2019-06-03T09:58:03","modified_gmt":"2019-06-03T06:58:03","slug":"ozel-kirmizi-listenin-duyarlisi-korumaya-aliniyor","status":"publish","type":"post","link":"http:\/\/www.tvturk.com\/index.php\/ozel-kirmizi-listenin-duyarlisi-korumaya-aliniyor\/","title":{"rendered":"(\u00d6zel) K\u0131rm\u0131z\u0131 Liste\u2019nin \u2018Duyarl\u0131\u2019s\u0131 korumaya al\u0131n\u0131yor"},"content":{"rendered":"<p>D\u00fcnya Do\u011fa ve Do\u011fal Kaynaklar\u0131 Koruma Birli\u011finin K\u0131rm\u0131z\u0131 Listesi\u2019nde \u201cDuyarl\u0131\u201d kategorisinde yer alan \u015fah kartallar, Do\u011fa Koruma ve Milli Parklar sorumlulu\u011funda y\u00fcr\u00fct\u00fclen t\u00fcr eylem plan\u0131 \u00e7al\u0131\u015fmalar\u0131 ile koruma alt\u0131na al\u0131n\u0131yor.<\/p>\n<p>Do\u011fa Koruma ve Milli Parklar Genel M\u00fcd\u00fcrl\u00fc\u011f\u00fcn\u00fcn uhdesinde yap\u0131lan \u015eah Kartal T\u00fcr Eylem Plan\u0131 kapsam\u0131nda K\u0131rklareli Do\u011fa Koruma ve Milli Parklar Genel M\u00fcd\u00fcrl\u00fc\u011f\u00fc \u015eubesi ekiplerince \u00e7al\u0131\u015fmalar\u0131n K\u0131rklareli aya\u011f\u0131 ger\u00e7ekle\u015ftiriliyor. Yap\u0131lan arazi \u00e7al\u0131\u015fmalar\u0131 neticesinde \u015fah kartal yuvalar\u0131 tespit edilip, yerel halk ile g\u00f6r\u00fc\u015f\u00fclerek yuvalar\u0131n ka\u00e7 y\u0131ll\u0131k oldu\u011fu, kartallar\u0131n yuvay\u0131 kullan\u0131p kullanmad\u0131klar\u0131 belirleniyor. Tespit edilen yuvalarda yavru olup olmad\u0131\u011f\u0131na y\u00f6nelik tespit \u00e7al\u0131\u015fmalar\u0131 da yap\u0131l\u0131yor.<\/p>\n<p>Atmacagiller ailesinin bir \u00fcyesi olan \u015fah kartal, d\u00fcnyada K\u0131br\u0131s da d\u00e2hil olmak \u00fczere G\u00fcney Avrupa\u2019dan G\u00fcney Rusya\u2019ya kadar geni\u015f bir alanda ya\u015f\u0131yor. T\u00fcrkiye\u2019de ise \u00f6zellikle \u0130\u00e7 Anadolu ve Ege taraflar\u0131nda g\u00f6r\u00fcl\u00fcyor. Geni\u015f kanat a\u00e7\u0131kl\u0131\u011f\u0131 ve b\u00fcy\u00fck g\u00f6vdesiyle kartal t\u00fcrleri i\u00e7inde kaya kartal\u0131ndan sonra en iri kartal t\u00fcrlerindenden olan \u015fah kartal\u0131n kanat a\u00e7\u0131kl\u0131klar\u0131 215 cm, boylar\u0131 ise 84 cm kadar olabiliyor. Eri\u015fkin bir bireyin s\u0131rt\u0131 siyah-kahverengi, g\u00f6vdesi koyu kahverengi, ba\u015f ve ense k\u0131s\u0131mlar\u0131 ise alt\u0131n sar\u0131s\u0131 renginde oluyor. Ense k\u0131sm\u0131nda pelerine benzer beyaz bir benek olan kartal, bu nedenle \u015fah kartal ya da imparator kartal ad\u0131yla biliniyor. Yavrular ise daha a\u00e7\u0131k ve alacal\u0131 renkte oluyor. Daha \u00e7ok ormanl\u0131k b\u00f6lgelerde ya\u015famay\u0131 tercih etseler de tepeler, da\u011flar ve nehir boylar\u0131 gibi yerlerde de bulunuyorlar.<\/p>\n<p>K\u0131rm\u0131z\u0131 Liste\u2019nin Duyarl\u0131 kategorisinde<\/p>\n<p>G\u00f6\u00e7ebe olan \u015fah kartallar, g\u00f6\u00e7 s\u0131ras\u0131nda farkl\u0131 ya\u015fam alanlar\u0131nda g\u00f6r\u00fclebiliyorlar. Genellikle a\u00e7\u0131k alanlarda ve sulak b\u00f6lgelerde avlanan \u015fah kartallar\u0131n besin kaynaklar\u0131n\u0131 ise tav\u015fan, yer sincab\u0131 gibi k\u00fc\u00e7\u00fck memelilerin yan\u0131 s\u0131ra baz\u0131 s\u00fcr\u00fcngen ve ku\u015flar olu\u015fturuyor. Avlan\u0131rken \u00f6nce a\u00e7\u0131k alanlar\u0131n ve ormanl\u0131k b\u00f6lgelerin s\u0131n\u0131rlar\u0131n\u0131n \u00fczerinde yava\u015f\u00e7a u\u00e7an kartallar, daha sonra \u00e7ok iyi g\u00f6rme becerilerini kullanarak avlar\u0131n\u0131n yerini belirleyip h\u0131zl\u0131 bir bi\u00e7imde a\u015fa\u011f\u0131ya do\u011fru s\u00fcz\u00fclerek onlar\u0131 yakal\u0131yorlar. \u015eah kartal, D\u00fcnya Do\u011fay\u0131 Koruma Birli\u011fi (IUCN) taraf\u0131ndan haz\u0131rlanan K\u0131rm\u0131z\u0131 Liste\u2019nin \u201cDuyarl\u0131\u201d kategorisinde yer al\u0131yor.<\/p>\n","protected":false},"excerpt":{"rendered":"<p>D\u00dcNYA DO\u011eA VE DO\u011eAL KAYNAKLARI KORUMA B\u0130RL\u0130\u011e\u0130 KIRMIZI L\u0130STES\u0130\u2019N\u0130N \u201cDUYARLI\u201d KATEGOR\u0130S\u0130NDE YER ALAN \u015eAH KARTALLAR, DO\u011eA KORUMA VE M\u0130LL\u0130 PARKLAR SORUMLULU\u011eUNDA Y\u00dcR\u00dcT\u00dcLEN T\u00dcR EYLEM PLANI \u00c7ALI\u015eMALARI \u0130LE KORUMA ALTINA ALINIYOR.<\/p>\n","protected":false},"author":1,"featured_media":165432,"comment_status":"closed","ping_status":"open","sticky":false,"template":"","format":"standard","meta":{"jetpack_post_was_ever_published":false,"_jetpack_newsletter_access":"","_jetpack_dont_email_post_to_subs":false,"_jetpack_newsletter_tier_id":0,"_jetpack_memberships_contains_paywalled_content":false,"_jetpack_memberships_contains_paid_content":false,"footnotes":"","jetpack_publicize_message":"","jetpack_publicize_feature_enabled":true,"jetpack_social_post_already_shared":true,"jetpack_social_options":{"image_generator_settings":{"template":"highway","default_image_id":0,"font":"","enabled":false},"version":2}},"categories":[1],"tags":[39379,1073,27694,6955,39380,39378],"class_list":["post-165431","post","type-post","status-publish","format-standard","has-post-thumbnail","hentry","category-genel","tag-duyarlisi","tag-ozel","tag-aliniyor","tag-kirmizi","tag-korumaya","tag-listenin"],"jetpack_publicize_connections":[],"jetpack_featured_media_url":"https:\/\/i0.wp.com\/www.tvturk.com\/wp-content\/uploads\/2019\/06\/ozel-kirmizi-listenin-duyarlisi-korumaya-aliniyor_003ef13.jpg?fit=960%2C640","jetpack_sharing_enabled":true,"jetpack_shortlink":"https:\/\/wp.me\/paKIfm-H2f","_links":{"self":[{"href":"http:\/\/www.tvturk.com\/index.php\/wp-json\/wp\/v2\/posts\/165431","targetHints":{"allow":["GET"]}}],"collection":[{"href":"http:\/\/www.tvturk.com\/index.php\/wp-json\/wp\/v2\/posts"}],"about":[{"href":"http:\/\/www.tvturk.com\/index.php\/wp-json\/wp\/v2\/types\/post"}],"author":[{"embeddable":true,"href":"http:\/\/www.tvturk.com\/index.php\/wp-json\/wp\/v2\/users\/1"}],"replies":[{"embeddable":true,"href":"http:\/\/www.tvturk.com\/index.php\/wp-json\/wp\/v2\/comments?post=165431"}],"version-history":[{"count":0,"href":"http:\/\/www.tvturk.com\/index.php\/wp-json\/wp\/v2\/posts\/165431\/revisions"}],"wp:featuredmedia":[{"embeddable":true,"href":"http:\/\/www.tvturk.com\/index.php\/wp-json\/wp\/v2\/media\/165432"}],"wp:attachment":[{"href":"http:\/\/www.tvturk.com\/index.php\/wp-json\/wp\/v2\/media?parent=165431"}],"wp:term":[{"taxonomy":"category","embeddable":true,"href":"http:\/\/www.tvturk.com\/index.php\/wp-json\/wp\/v2\/categories?post=165431"},{"taxonomy":"post_tag","embeddable":true,"href":"http:\/\/www.tvturk.com\/index.php\/wp-json\/wp\/v2\/tags?post=165431"}],"curies":[{"name":"wp","href":"https:\/\/api.w.org\/{rel}","templated":true}]}}