{"id":165433,"date":"2019-06-03T09:59:59","date_gmt":"2019-06-03T06:59:59","guid":{"rendered":"http:\/\/www.tvturk.com\/index.php\/binali-yildirim-sahurda-lacin-ailesinin-evine-misafir-oldu\/"},"modified":"2019-06-03T09:59:59","modified_gmt":"2019-06-03T06:59:59","slug":"binali-yildirim-sahurda-lacin-ailesinin-evine-misafir-oldu","status":"publish","type":"post","link":"http:\/\/www.tvturk.com\/index.php\/binali-yildirim-sahurda-lacin-ailesinin-evine-misafir-oldu\/","title":{"rendered":"Binali Y\u0131ld\u0131r\u0131m sahurda La\u00e7in ailesinin evine misafir oldu"},"content":{"rendered":"<p>AK Parti \u0130stanbul B\u00fcy\u00fck\u015fehir Belediye Ba\u015fkan Aday\u0131 Binali Y\u0131ld\u0131r\u0131m, sahurda Bayburtlu La\u00e7in ailesinin evine misafir oldu. Samimi bir ortamda ger\u00e7ekle\u015fen sahur program\u0131nda Binali Y\u0131ld\u0131r\u0131m aile fertleri ile tek tek sohbet etti. Y\u0131ld\u0131r\u0131m\u2019\u0131n ev halk\u0131yla sohbeti s\u0131ras\u0131nda renkli diyaloglar da ya\u015fand\u0131.<\/p>\n","protected":false},"excerpt":{"rendered":"<p>SAM\u0130M\u0130 B\u0130R ORTAMDA GER\u00c7EKLE\u015eEN SAHUR PROGRAMINDA B\u0130NAL\u0130 YILDIRIM A\u0130LE FERTLER\u0130 \u0130LE TEK TEK SOHBET ETT\u0130. YILDIRIM&#8217;IN EV HALKIYLA SOHBET\u0130 SIRASINDA RENKL\u0130 D\u0130YALOGLAR DA YA\u015eANDI.<\/p>\n","protected":false},"author":1,"featured_media":165434,"comment_status":"closed","ping_status":"open","sticky":false,"template":"","format":"standard","meta":{"jetpack_post_was_ever_published":false,"_jetpack_newsletter_access":"","_jetpack_dont_email_post_to_subs":false,"_jetpack_newsletter_tier_id":0,"_jetpack_memberships_contains_paywalled_content":false,"_jetpack_memberships_contains_paid_content":false,"footnotes":"","jetpack_publicize_message":"","jetpack_publicize_feature_enabled":true,"jetpack_social_post_already_shared":true,"jetpack_social_options":{"image_generator_settings":{"template":"highway","default_image_id":0,"font":"","enabled":false},"version":2}},"categories":[1],"tags":[951,3333,2558,39381,6140,77,34963,376],"class_list":["post-165433","post","type-post","status-publish","format-standard","has-post-thumbnail","hentry","category-genel","tag-ailesinin","tag-binali","tag-evine","tag-lacin","tag-misafir","tag-oldu","tag-sahurda","tag-yildirim"],"jetpack_publicize_connections":[],"jetpack_featured_media_url":"https:\/\/i0.wp.com\/www.tvturk.com\/wp-content\/uploads\/2019\/06\/binali-yildirim-sahurda-lacin-ailesinin-evine-misafir-oldu_2f590cd.jpg?fit=1000%2C750","jetpack_sharing_enabled":true,"jetpack_shortlink":"https:\/\/wp.me\/paKIfm-H2h","_links":{"self":[{"href":"http:\/\/www.tvturk.com\/index.php\/wp-json\/wp\/v2\/posts\/165433","targetHints":{"allow":["GET"]}}],"collection":[{"href":"http:\/\/www.tvturk.com\/index.php\/wp-json\/wp\/v2\/posts"}],"about":[{"href":"http:\/\/www.tvturk.com\/index.php\/wp-json\/wp\/v2\/types\/post"}],"author":[{"embeddable":true,"href":"http:\/\/www.tvturk.com\/index.php\/wp-json\/wp\/v2\/users\/1"}],"replies":[{"embeddable":true,"href":"http:\/\/www.tvturk.com\/index.php\/wp-json\/wp\/v2\/comments?post=165433"}],"version-history":[{"count":0,"href":"http:\/\/www.tvturk.com\/index.php\/wp-json\/wp\/v2\/posts\/165433\/revisions"}],"wp:featuredmedia":[{"embeddable":true,"href":"http:\/\/www.tvturk.com\/index.php\/wp-json\/wp\/v2\/media\/165434"}],"wp:attachment":[{"href":"http:\/\/www.tvturk.com\/index.php\/wp-json\/wp\/v2\/media?parent=165433"}],"wp:term":[{"taxonomy":"category","embeddable":true,"href":"http:\/\/www.tvturk.com\/index.php\/wp-json\/wp\/v2\/categories?post=165433"},{"taxonomy":"post_tag","embeddable":true,"href":"http:\/\/www.tvturk.com\/index.php\/wp-json\/wp\/v2\/tags?post=165433"}],"curies":[{"name":"wp","href":"https:\/\/api.w.org\/{rel}","templated":true}]}}