{"id":165441,"date":"2019-06-03T10:06:09","date_gmt":"2019-06-03T07:06:09","guid":{"rendered":"http:\/\/www.tvturk.com\/index.php\/osmaniyede-ebabil-kusu-bulundu\/"},"modified":"2019-06-03T10:06:09","modified_gmt":"2019-06-03T07:06:09","slug":"osmaniyede-ebabil-kusu-bulundu","status":"publish","type":"post","link":"http:\/\/www.tvturk.com\/index.php\/osmaniyede-ebabil-kusu-bulundu\/","title":{"rendered":"Osmaniye\u2019de ebabil ku\u015fu bulundu"},"content":{"rendered":"<p>D\u00fcnyan\u0131n en nadir g\u00f6r\u00fclen ku\u015flar\u0131ndan olan ve kendine has \u00f6zellikleriyle halen esrar\u0131n\u0131 koruyan, Kur\u2019an-\u0131 Kerim\u2019de de ad\u0131 ge\u00e7en ebabil ku\u015fu Osmaniye\u2019nin Kadirli il\u00e7esinde bulundu.<\/p>\n<p>Yusuf T\u00fcrkmeno\u011flu adl\u0131 gen\u00e7, spor yapmak i\u00e7in gitti\u011fi spor salonunda spor aletlerinin alt\u0131nda k\u0131p\u0131rdayan bir ku\u015f g\u00f6rd\u00fc. U\u00e7amayan ku\u015fu eline alan gen\u00e7 ku\u015fun farkl\u0131 oldu\u011funu d\u00fc\u015f\u00fcn\u00fcp internetten ara\u015ft\u0131rmaya ba\u015flad\u0131. Yusuf T\u00fcrkmeno\u011flu internette yapt\u0131\u011f\u0131 ara\u015ft\u0131rmada bu ku\u015fun ebabil ku\u015fu oldu\u011funu fark etti. B\u00fcy\u00fck bir \u015fa\u015fk\u0131nl\u0131k ya\u015fayan gen\u00e7, ku\u015fu bir kutunun i\u00e7ine koyup beslemeye karar verdi.<\/p>\n<p>Buldu\u011fu ebabil ku\u015fu i\u00e7in bir kafes yapt\u0131raca\u011f\u0131n\u0131 ve besleyece\u011fini belirten T\u00fcrkmeno\u011flu, \u201cBen BESYO \u00f6\u011frencisiyim. Spor yapmaya gitti\u011fimde ebabil ku\u015fu ile kar\u015f\u0131la\u015ft\u0131m. Tabi \u00f6nce farkl\u0131 geldi, ebabil oldu\u011funu bilmiyordum. U\u00e7am\u0131yordu da. Yapt\u0131\u011f\u0131m ara\u015ft\u0131rmada bu ku\u015flar \u00f6m\u00fcrleri boyunca sadece bir kez yere inerlermi\u015f. Havada u\u00e7arken uyuyorlarm\u0131\u015f. \u0130lgin\u00e7 geldi ve bundan sonra onu beslemeye karar verdim\u201d dedi.<\/p>\n<p>Ebabil ku\u015flar\u0131 di\u011fer ku\u015flardan farkl\u0131 olarak t\u00fcm \u00f6m\u00fcrlerini u\u00e7arak ge\u00e7iriyor. Sadece \u00fcremek i\u00e7in yere konuyorlar ve bir daha havalanm\u0131yorlar. Kendilerine has kanat yap\u0131s\u0131 u\u00e7arken ayn\u0131 zamanda uyumalar\u0131n\u0131 sa\u011fl\u0131yor. Tam canl\u0131 t\u00fcrlerinden ka\u00e7t\u0131klar\u0131 i\u00e7in nadir g\u00f6r\u00fcl\u00fcyorlar.<\/p>\n<p>Halk aras\u0131nda ebabil ku\u015fu g\u00f6renlerin o y\u0131l hi\u00e7bir s\u0131k\u0131nt\u0131 ya\u015famayacaklar\u0131na inan\u0131l\u0131yor.<\/p>\n","protected":false},"excerpt":{"rendered":"<p>KURAN-I KER\u0130M\u2019DE ADI GE\u00c7EN EBAB\u0130L KU\u015eU KAD\u0130RL\u0130\u2019DE BULUNDU<\/p>\n","protected":false},"author":1,"featured_media":165442,"comment_status":"closed","ping_status":"open","sticky":false,"template":"","format":"standard","meta":{"jetpack_post_was_ever_published":false,"_jetpack_newsletter_access":"","_jetpack_dont_email_post_to_subs":false,"_jetpack_newsletter_tier_id":0,"_jetpack_memberships_contains_paywalled_content":false,"_jetpack_memberships_contains_paid_content":false,"footnotes":"","jetpack_publicize_message":"","jetpack_publicize_feature_enabled":true,"jetpack_social_post_already_shared":true,"jetpack_social_options":{"image_generator_settings":{"template":"highway","default_image_id":0,"font":"","enabled":false},"version":2}},"categories":[1],"tags":[204,30956,18786,10083],"class_list":["post-165441","post","type-post","status-publish","format-standard","has-post-thumbnail","hentry","category-genel","tag-bulundu","tag-ebabil","tag-kusu","tag-osmaniyede"],"jetpack_publicize_connections":[],"jetpack_featured_media_url":"https:\/\/i0.wp.com\/www.tvturk.com\/wp-content\/uploads\/2019\/06\/osmaniyede-ebabil-kusu-bulundu_8c873a3.jpg?fit=1000%2C562","jetpack_sharing_enabled":true,"jetpack_shortlink":"https:\/\/wp.me\/paKIfm-H2p","_links":{"self":[{"href":"http:\/\/www.tvturk.com\/index.php\/wp-json\/wp\/v2\/posts\/165441","targetHints":{"allow":["GET"]}}],"collection":[{"href":"http:\/\/www.tvturk.com\/index.php\/wp-json\/wp\/v2\/posts"}],"about":[{"href":"http:\/\/www.tvturk.com\/index.php\/wp-json\/wp\/v2\/types\/post"}],"author":[{"embeddable":true,"href":"http:\/\/www.tvturk.com\/index.php\/wp-json\/wp\/v2\/users\/1"}],"replies":[{"embeddable":true,"href":"http:\/\/www.tvturk.com\/index.php\/wp-json\/wp\/v2\/comments?post=165441"}],"version-history":[{"count":0,"href":"http:\/\/www.tvturk.com\/index.php\/wp-json\/wp\/v2\/posts\/165441\/revisions"}],"wp:featuredmedia":[{"embeddable":true,"href":"http:\/\/www.tvturk.com\/index.php\/wp-json\/wp\/v2\/media\/165442"}],"wp:attachment":[{"href":"http:\/\/www.tvturk.com\/index.php\/wp-json\/wp\/v2\/media?parent=165441"}],"wp:term":[{"taxonomy":"category","embeddable":true,"href":"http:\/\/www.tvturk.com\/index.php\/wp-json\/wp\/v2\/categories?post=165441"},{"taxonomy":"post_tag","embeddable":true,"href":"http:\/\/www.tvturk.com\/index.php\/wp-json\/wp\/v2\/tags?post=165441"}],"curies":[{"name":"wp","href":"https:\/\/api.w.org\/{rel}","templated":true}]}}