{"id":165463,"date":"2019-06-03T10:27:09","date_gmt":"2019-06-03T07:27:09","guid":{"rendered":"http:\/\/www.tvturk.com\/index.php\/bayram-alisverisi-bit-pazarindan\/"},"modified":"2019-06-03T10:27:09","modified_gmt":"2019-06-03T07:27:09","slug":"bayram-alisverisi-bit-pazarindan","status":"publish","type":"post","link":"http:\/\/www.tvturk.com\/index.php\/bayram-alisverisi-bit-pazarindan\/","title":{"rendered":"Bayram al\u0131\u015fveri\u015fi bit pazar\u0131ndan"},"content":{"rendered":"<p>Adana\u2019da her pazar g\u00fcn\u00fc kurulan ve gelir d\u00fczeyi d\u00fc\u015f\u00fck vatanda\u015flar\u0131n al\u0131\u015fveri\u015f yapt\u0131\u011f\u0131 bit pazar\u0131nda Ramazan Bayram\u0131 hareketlili\u011fi ya\u015fan\u0131yor. Kendilerine ve \u00e7ocuklar\u0131na bayraml\u0131k almak isteyen vatanda\u015flar arefe g\u00fcn\u00fcnde de bit pazar\u0131na ilgi g\u00f6steriyor.<\/p>\n<p>Adana\u2019n\u0131n merkez Seyhan il\u00e7esine ba\u011fl\u0131 Kocavezir ile Mirza\u00e7elebi mahalleleri s\u0131n\u0131r\u0131nda kurulan ve bir hafta sonu gelene\u011fine d\u00f6n\u00fc\u015fen bit pazar\u0131, Ramazan Bayram\u0131 \u00f6ncesi bayraml\u0131k al\u0131\u015fveri\u015f yapan vatanda\u015flar\u0131n ilgisini \u00e7ekiyor. Pazar g\u00fcnleri gece yar\u0131s\u0131nda kurulan bitpazar\u0131, arefe g\u00fcn\u00fc dolay\u0131s\u0131yla k\u0131yafetlerle doldu, ta\u015ft\u0131. Gelir d\u00fczeyi d\u00fc\u015f\u00fck vatanda\u015flar da hem kendilerine hem \u00e7ocuklar\u0131na bayramda giyecek almak i\u00e7in bit pazar\u0131na ilgi g\u00f6sterdi.<\/p>\n<p>Torunlar\u0131na bayraml\u0131k almak i\u00e7in sabah\u0131n erken saatlerinde bit pazar\u0131na gelen Veysel Zeytun, \u201c\u00c7ocuklara, torunlara ucuz bayraml\u0131k al\u0131\u015fveri\u015fi yapmak i\u00e7in geldik. Bit pazar\u0131n\u0131 ucuz oldu\u011fu i\u00e7in tercih ediyoruz. Ayakkab\u0131, bluz ald\u0131m torunlara. Kendime de\u011fil de daha \u00e7ok torunlar i\u00e7in al\u0131\u015fveri\u015fe geldim. Buras\u0131 gelir d\u00fczeyi d\u00fc\u015f\u00fck kesim i\u00e7in \u00e7ok iyi\u201d diye konu\u015ftu.<\/p>\n","protected":false},"excerpt":{"rendered":"<p>ADANA\u2019DA HER PAZAR G\u00dcN\u00dc KURULAN VE GEL\u0130R D\u00dcZEY\u0130 D\u00dc\u015e\u00dcK VATANDA\u015eLARIN ALI\u015eVER\u0130\u015e YAPTI\u011eI B\u0130TPAZARI\u2019NDA RAMAZAN BAYRAMI HAREKETL\u0130L\u0130\u011e\u0130 YA\u015eANIYOR.<\/p>\n","protected":false},"author":1,"featured_media":165464,"comment_status":"closed","ping_status":"open","sticky":false,"template":"","format":"standard","meta":{"jetpack_post_was_ever_published":false,"_jetpack_newsletter_access":"","_jetpack_dont_email_post_to_subs":false,"_jetpack_newsletter_tier_id":0,"_jetpack_memberships_contains_paywalled_content":false,"_jetpack_memberships_contains_paid_content":false,"footnotes":"","jetpack_publicize_message":"","jetpack_publicize_feature_enabled":true,"jetpack_social_post_already_shared":true,"jetpack_social_options":{"image_generator_settings":{"template":"highway","default_image_id":0,"font":"","enabled":false},"version":2}},"categories":[1],"tags":[21185,23995,36183,29887],"class_list":["post-165463","post","type-post","status-publish","format-standard","has-post-thumbnail","hentry","category-genel","tag-alisverisi","tag-bayram","tag-bit","tag-pazarindan"],"jetpack_publicize_connections":[],"jetpack_featured_media_url":"https:\/\/i0.wp.com\/www.tvturk.com\/wp-content\/uploads\/2019\/06\/bayram-alisverisi-bit-pazarindan_f1154f3.jpg?fit=1000%2C658","jetpack_sharing_enabled":true,"jetpack_shortlink":"https:\/\/wp.me\/paKIfm-H2L","_links":{"self":[{"href":"http:\/\/www.tvturk.com\/index.php\/wp-json\/wp\/v2\/posts\/165463","targetHints":{"allow":["GET"]}}],"collection":[{"href":"http:\/\/www.tvturk.com\/index.php\/wp-json\/wp\/v2\/posts"}],"about":[{"href":"http:\/\/www.tvturk.com\/index.php\/wp-json\/wp\/v2\/types\/post"}],"author":[{"embeddable":true,"href":"http:\/\/www.tvturk.com\/index.php\/wp-json\/wp\/v2\/users\/1"}],"replies":[{"embeddable":true,"href":"http:\/\/www.tvturk.com\/index.php\/wp-json\/wp\/v2\/comments?post=165463"}],"version-history":[{"count":0,"href":"http:\/\/www.tvturk.com\/index.php\/wp-json\/wp\/v2\/posts\/165463\/revisions"}],"wp:featuredmedia":[{"embeddable":true,"href":"http:\/\/www.tvturk.com\/index.php\/wp-json\/wp\/v2\/media\/165464"}],"wp:attachment":[{"href":"http:\/\/www.tvturk.com\/index.php\/wp-json\/wp\/v2\/media?parent=165463"}],"wp:term":[{"taxonomy":"category","embeddable":true,"href":"http:\/\/www.tvturk.com\/index.php\/wp-json\/wp\/v2\/categories?post=165463"},{"taxonomy":"post_tag","embeddable":true,"href":"http:\/\/www.tvturk.com\/index.php\/wp-json\/wp\/v2\/tags?post=165463"}],"curies":[{"name":"wp","href":"https:\/\/api.w.org\/{rel}","templated":true}]}}