{"id":165493,"date":"2019-06-03T10:47:16","date_gmt":"2019-06-03T07:47:16","guid":{"rendered":"http:\/\/www.tvturk.com\/index.php\/bu-taksi-sehit-ailelerine-ucretsiz\/"},"modified":"2019-06-03T10:47:16","modified_gmt":"2019-06-03T07:47:16","slug":"bu-taksi-sehit-ailelerine-ucretsiz","status":"publish","type":"post","link":"http:\/\/www.tvturk.com\/index.php\/bu-taksi-sehit-ailelerine-ucretsiz\/","title":{"rendered":"Bu taksi \u015fehit ailelerine \u00fccretsiz"},"content":{"rendered":"<p>Ordu\u2019da bir ticari taksisi bulunan Taner Akta\u015f, arac\u0131na binen \u015fehit yak\u0131nlar\u0131ndan \u00fccret al\u0131nmamas\u0131 i\u00e7in uygulama ba\u015flatt\u0131.<\/p>\n<p>Ordu\u2019nun Alt\u0131nordu il\u00e7esinde yakla\u015f\u0131k 9 ay \u00f6nce sat\u0131n ald\u0131\u011f\u0131 ticari taksisinin arka cam\u0131na, \u2018\u015eehit \u00e7ocuklar\u0131na \u00fccretsizdir, bedelleri babalar\u0131 taraf\u0131ndan \u00f6denmi\u015ftir\u2019 \u015feklinde yaz\u0131 uygulayan Taner Akta\u015f, g\u00f6renlerin takdirini topluyor. Son g\u00fcnlerde art arda gelen \u015fehit haberlerinden etkilenip b\u00f6yle bir uygulamay\u0131 hayata ge\u00e7irdi\u011fini belirten taksici Akta\u015f, ellerinden geldi\u011fi kadar vefa borcunu \u00f6demeye \u00e7al\u0131\u015ft\u0131klar\u0131n\u0131 belirtiyor.<\/p>\n<p>\u201cKart g\u00f6stermelerine gerek yok, \u015fehit ailesi demeleri yeterli\u201d<\/p>\n<p>Taksinin arka cam\u0131na yazd\u0131klar\u0131 yaz\u0131n\u0131n \u00e7evredekiler taraf\u0131ndan takdirle kar\u015f\u0131land\u0131\u011f\u0131n\u0131, arefe g\u00fcn\u00fcnde de \u015fehitli\u011fe gitmek isteyen \u015fehit yak\u0131nlar\u0131n\u0131n kendilerine ula\u015fabileceklerini ifade eden Akta\u015f, \u201cElimizden geldi\u011fi kadar vefa borcumuzu \u00f6demeye \u00e7al\u0131\u015f\u0131yoruz. Onlar, \u015fehit ailesi dedi\u011fi zaman bizim i\u00e7in yeterli, kart g\u00f6stermelerine dahi gerek yok\u201d \u015feklinde konu\u015ftu.<\/p>\n<p>Taksiyi kullanan H\u00fcseyin Akta\u015f da haberlerde duyulan \u015fehit haberlerinden etkilendiklerini belirterek, b\u00f6yle bir hizmeti hayata ge\u00e7irdiklerini s\u00f6yledi. \u015eehitler ve aileleri i\u00e7in ne yapsalar yeterli olmayaca\u011f\u0131n\u0131 da belirten Akta\u015f, bu sayede bir nebze olsa vefa bor\u00e7lar\u0131n\u0131 \u00f6demeye \u00e7al\u0131\u015ft\u0131klar\u0131na dikkat \u00e7ekti.<\/p>\n","protected":false},"excerpt":{"rendered":"<p>TAKS\u0130N\u0130N ARKA CAMINA YAZDIKLARI YAZININ \u00c7EVREDEK\u0130LER TARAFINDAN TAKD\u0130RLE KAR\u015eILANDI\u011eINI, AR\u0130FE G\u00dcN\u00dcNDE DE \u015eEH\u0130TL\u0130\u011eE G\u0130TMEK \u0130STEYEN \u015eEH\u0130T YAKINLARININ KEND\u0130LER\u0130NE ULA\u015eAB\u0130LECEKLER\u0130N\u0130 \u0130FADE EDEN TANER AKTA\u015e (SOLDA) \u201cEL\u0130M\u0130ZDEN GELD\u0130\u011e\u0130 KADAR VEFA BORCUMUZU \u00d6DEMEYE \u00c7ALI\u015eIYORUZ. ONLAR, \u015eEH\u0130T A\u0130LES\u0130 DED\u0130\u011e\u0130 ZAMAN B\u0130Z\u0130M \u0130\u00c7\u0130N YETERL\u0130, KART G\u00d6STERMELER\u0130NE DAH\u0130 GEREK YOK\u201d \u015eEKL\u0130NDE KONU\u015eTU.<\/p>\n","protected":false},"author":1,"featured_media":165494,"comment_status":"closed","ping_status":"open","sticky":false,"template":"","format":"standard","meta":{"jetpack_post_was_ever_published":false,"_jetpack_newsletter_access":"","_jetpack_dont_email_post_to_subs":false,"_jetpack_newsletter_tier_id":0,"_jetpack_memberships_contains_paywalled_content":false,"_jetpack_memberships_contains_paid_content":false,"footnotes":"","jetpack_publicize_message":"","jetpack_publicize_feature_enabled":true,"jetpack_social_post_already_shared":true,"jetpack_social_options":{"image_generator_settings":{"template":"highway","default_image_id":0,"font":"","enabled":false},"version":2}},"categories":[1],"tags":[5724,237,441,324],"class_list":["post-165493","post","type-post","status-publish","format-standard","has-post-thumbnail","hentry","category-genel","tag-ailelerine","tag-sehit","tag-taksi","tag-ucretsiz"],"jetpack_publicize_connections":[],"jetpack_featured_media_url":"https:\/\/i0.wp.com\/www.tvturk.com\/wp-content\/uploads\/2019\/06\/bu-taksi-sehit-ailelerine-ucretsiz_d2ec3b3.jpg?fit=1000%2C662","jetpack_sharing_enabled":true,"jetpack_shortlink":"https:\/\/wp.me\/paKIfm-H3f","_links":{"self":[{"href":"http:\/\/www.tvturk.com\/index.php\/wp-json\/wp\/v2\/posts\/165493","targetHints":{"allow":["GET"]}}],"collection":[{"href":"http:\/\/www.tvturk.com\/index.php\/wp-json\/wp\/v2\/posts"}],"about":[{"href":"http:\/\/www.tvturk.com\/index.php\/wp-json\/wp\/v2\/types\/post"}],"author":[{"embeddable":true,"href":"http:\/\/www.tvturk.com\/index.php\/wp-json\/wp\/v2\/users\/1"}],"replies":[{"embeddable":true,"href":"http:\/\/www.tvturk.com\/index.php\/wp-json\/wp\/v2\/comments?post=165493"}],"version-history":[{"count":0,"href":"http:\/\/www.tvturk.com\/index.php\/wp-json\/wp\/v2\/posts\/165493\/revisions"}],"wp:featuredmedia":[{"embeddable":true,"href":"http:\/\/www.tvturk.com\/index.php\/wp-json\/wp\/v2\/media\/165494"}],"wp:attachment":[{"href":"http:\/\/www.tvturk.com\/index.php\/wp-json\/wp\/v2\/media?parent=165493"}],"wp:term":[{"taxonomy":"category","embeddable":true,"href":"http:\/\/www.tvturk.com\/index.php\/wp-json\/wp\/v2\/categories?post=165493"},{"taxonomy":"post_tag","embeddable":true,"href":"http:\/\/www.tvturk.com\/index.php\/wp-json\/wp\/v2\/tags?post=165493"}],"curies":[{"name":"wp","href":"https:\/\/api.w.org\/{rel}","templated":true}]}}