{"id":165523,"date":"2019-06-03T11:43:19","date_gmt":"2019-06-03T08:43:19","guid":{"rendered":"http:\/\/www.tvturk.com\/index.php\/ikizlerden-10-yil-sonra-gelen-isim-tesekkuru\/"},"modified":"2019-06-03T11:43:19","modified_gmt":"2019-06-03T08:43:19","slug":"ikizlerden-10-yil-sonra-gelen-isim-tesekkuru","status":"publish","type":"post","link":"http:\/\/www.tvturk.com\/index.php\/ikizlerden-10-yil-sonra-gelen-isim-tesekkuru\/","title":{"rendered":"\u0130kizlerden 10 y\u0131l sonra gelen isim te\u015fekk\u00fcr\u00fc"},"content":{"rendered":"<p>Sivas\u2019\u0131n Alt\u0131nyayla il\u00e7esinde 10 y\u0131l \u00f6nce d\u00fcnyaya gelen ikizler, babalar\u0131n\u0131 ikna ederek isimlerini kendisi veren Sivas Valisi Salih Ayhan\u2019\u0131 10 y\u0131l sonra ziyaret edip te\u015fekk\u00fcr etti.<\/p>\n<p>Sivas\u2019\u0131n Alt\u0131nyayla il\u00e7esinde 10 y\u0131l \u00f6nce do\u011fan ikizlere, babalar\u0131 izledi\u011fi dizi filmden etkilenerek kendilerine Asi ve Yesta isimlerini vermek \u00fczereyken, d\u00f6nemin Alt\u0131nyayla Kaymakam\u0131 Salih Ayhan, il\u00e7e n\u00fcfus m\u00fcd\u00fcrl\u00fc\u011f\u00fcnde olaya denk geldi. Ayhan her iki ismin de T\u00fcrk \u00f6rf ve adetlerinde yeri bulunmad\u0131\u011f\u0131n\u0131 belirtti, ikizlere kendisi isim vermek istedi. Babalar\u0131 Ayhan\u2019\u0131 k\u0131rmay\u0131nca Ayhan ikiz k\u0131zlara Elif ve Emine isimlerini verdi.<\/p>\n<p>Aradan ge\u00e7en 10 y\u0131l sonra Ayhan bu kez Sivas\u2019a vali olarak atand\u0131. Elif ve Emine isimli 10 ya\u015f\u0131ndaki ikizler, 10 y\u0131l \u00f6nce il\u00e7elerinde kaymakaml\u0131k yaparken isimlerini veren \u015fu anki Sivas Valisi Salih Ayhan\u2019a 10 y\u0131l sonra haz\u0131rlad\u0131klar\u0131 klip ile te\u015fekk\u00fcr etti.<\/p>\n<p>Klibi izleyen Ayhan ikizlere makam\u0131nda a\u011f\u0131rlayarak ikizlerle sohbet etti. \u0130kizler isimlerinden memnun olduklar\u0131n\u0131 belirtip, Ayhan\u2019a tekrar te\u015fekk\u00fcr ettiler.<\/p>\n","protected":false},"excerpt":{"rendered":"<p>S\u0130VAS&#8217;IN ALTINYAYLA \u0130L\u00c7ES\u0130NDE 10 YIL \u00d6NCE D\u00dcNYAYA GELEN \u0130K\u0130ZLER, BABALARINI \u0130KNA EDEREK \u0130S\u0130MLER\u0130N\u0130 KEND\u0130S\u0130 VEREN S\u0130VAS VAL\u0130S\u0130 SAL\u0130H AYHAN&#8217;I 10 YIL SONRA Z\u0130YARET ED\u0130P TE\u015eEKK\u00dcR ETT\u0130.<\/p>\n","protected":false},"author":1,"featured_media":165524,"comment_status":"closed","ping_status":"open","sticky":false,"template":"","format":"standard","meta":{"jetpack_post_was_ever_published":false,"_jetpack_newsletter_access":"","_jetpack_dont_email_post_to_subs":false,"_jetpack_newsletter_tier_id":0,"_jetpack_memberships_contains_paywalled_content":false,"_jetpack_memberships_contains_paid_content":false,"footnotes":"","jetpack_publicize_message":"","jetpack_publicize_feature_enabled":true,"jetpack_social_post_already_shared":true,"jetpack_social_options":{"image_generator_settings":{"template":"highway","default_image_id":0,"font":"","enabled":false},"version":2}},"categories":[1],"tags":[307,39412,5650,2022,11424,231],"class_list":["post-165523","post","type-post","status-publish","format-standard","has-post-thumbnail","hentry","category-genel","tag-gelen","tag-ikizlerden","tag-isim","tag-sonra","tag-tesekkuru","tag-yil"],"jetpack_publicize_connections":[],"jetpack_featured_media_url":"https:\/\/i0.wp.com\/www.tvturk.com\/wp-content\/uploads\/2019\/06\/ikizlerden-10-yil-sonra-gelen-isim-tesekkuru_70712a2.jpg?fit=1000%2C666","jetpack_sharing_enabled":true,"jetpack_shortlink":"https:\/\/wp.me\/paKIfm-H3J","_links":{"self":[{"href":"http:\/\/www.tvturk.com\/index.php\/wp-json\/wp\/v2\/posts\/165523","targetHints":{"allow":["GET"]}}],"collection":[{"href":"http:\/\/www.tvturk.com\/index.php\/wp-json\/wp\/v2\/posts"}],"about":[{"href":"http:\/\/www.tvturk.com\/index.php\/wp-json\/wp\/v2\/types\/post"}],"author":[{"embeddable":true,"href":"http:\/\/www.tvturk.com\/index.php\/wp-json\/wp\/v2\/users\/1"}],"replies":[{"embeddable":true,"href":"http:\/\/www.tvturk.com\/index.php\/wp-json\/wp\/v2\/comments?post=165523"}],"version-history":[{"count":0,"href":"http:\/\/www.tvturk.com\/index.php\/wp-json\/wp\/v2\/posts\/165523\/revisions"}],"wp:featuredmedia":[{"embeddable":true,"href":"http:\/\/www.tvturk.com\/index.php\/wp-json\/wp\/v2\/media\/165524"}],"wp:attachment":[{"href":"http:\/\/www.tvturk.com\/index.php\/wp-json\/wp\/v2\/media?parent=165523"}],"wp:term":[{"taxonomy":"category","embeddable":true,"href":"http:\/\/www.tvturk.com\/index.php\/wp-json\/wp\/v2\/categories?post=165523"},{"taxonomy":"post_tag","embeddable":true,"href":"http:\/\/www.tvturk.com\/index.php\/wp-json\/wp\/v2\/tags?post=165523"}],"curies":[{"name":"wp","href":"https:\/\/api.w.org\/{rel}","templated":true}]}}