{"id":165527,"date":"2019-06-03T11:44:20","date_gmt":"2019-06-03T08:44:20","guid":{"rendered":"http:\/\/www.tvturk.com\/index.php\/elazigda-bayram-oncesi-alisveris-yogunlugu\/"},"modified":"2019-06-03T11:44:20","modified_gmt":"2019-06-03T08:44:20","slug":"elazigda-bayram-oncesi-alisveris-yogunlugu","status":"publish","type":"post","link":"http:\/\/www.tvturk.com\/index.php\/elazigda-bayram-oncesi-alisveris-yogunlugu\/","title":{"rendered":"Elaz\u0131\u011f\u2019da bayram \u00f6ncesi al\u0131\u015fveri\u015f yo\u011funlu\u011fu"},"content":{"rendered":"<p>Elaz\u0131\u011f\u2019da Ramazan Bayram\u0131 \u00f6ncesi Kapal\u0131 \u00c7ar\u015f\u0131\u2019da al\u0131\u015fveri\u015f yo\u011funlu\u011fu ya\u015fan\u0131yor.<\/p>\n<p>Ramazan Bayram\u0131\u2019na haz\u0131rlanan vatanda\u015flar, kentin \u00f6nemli mekanlar\u0131ndan biri olan Kapal\u0131 \u00c7ar\u015f\u0131\u2019ya ak\u0131n etti. Kapal\u0131 \u00c7ar\u015f\u0131\u2019da bayram \u015fekeri, orcik, pestil gibi \u00fcr\u00fcnler alarak bayrama haz\u0131rlanan vatanda\u015flar, esnaf\u0131n y\u00fcz\u00fcn\u00fc g\u00fcld\u00fcr\u00fcyor. Yo\u011funluktan dolay\u0131 Kapal\u0131 \u00c7ar\u015f\u0131\u2019n\u0131n etraf\u0131na da tezgah kuran esnaflarda, ekstra kazan\u00e7 elde ediyor.<\/p>\n<p>Kurduklar\u0131 tezgahta \u00e7ocuk k\u0131yafetleri satt\u0131klar\u0131n\u0131 belirten Ahmet A\u011f\u0131rman, \u201cBayramda talep g\u00f6ren k\u0131yafetler satmaya \u00e7al\u0131\u015f\u0131yoruz. \u0130\u015fler bekledi\u011fimiz gibi,  fena de\u011fil. Yo\u011fun bir bayram tela\u015f\u0131 var\u201d dedi.<\/p>\n<p>Bayram i\u00e7in \u015feker satan esnaflardan Vedat \u00d6ks\u00fcz, &#8220;Herkes \u015feker yesin diye fiyatlar\u0131m\u0131z uygundur. \u015eeker fiyatlar\u0131 ucuz bu nedenle herkes \u015feker alabilmektedir. Herkesin b\u00fct\u00e7esine g\u00f6re \u015feker var. 11 ay\u0131n sultan\u0131 Ramazan ay\u0131n\u0131n sonu Bayram. Bu nedenle i\u015flerimiz yo\u011fun. Beklentimizin \u00fczerinde bir yo\u011funluk var\u201d diye konu\u015ftu.<\/p>\n<p>Elaz\u0131\u011f\u2019da bayram \u00f6ncesi yo\u011funluk oldu\u011funu aktaran Okan Aydemir, \u201cRamazan\u0131n son g\u00fcn\u00fc olmas\u0131 nedeniyle insanlar al\u0131\u015fveri\u015fe \u00e7\u0131k\u0131yorlar. \u015eeker, kolonya ve meyve gibi al\u0131\u015fveri\u015fte bulunuyorlar. Elaz\u0131\u011f halk\u0131 bayrama yo\u011fun bir \u015fekilde al\u0131\u015fveri\u015f yaparak giriyor\u201d ifadelerini kulland\u0131.<\/p>\n","protected":false},"excerpt":{"rendered":"<p>ELAZI\u011e\u2019DA RAMAZAN BAYRAMI \u00d6NCES\u0130 TAR\u0130H\u0130 KAPALI \u00c7AR\u015eI ALI\u015eVER\u0130\u015e YO\u011eUNLU\u011eU YA\u015eANIYOR.<\/p>\n","protected":false},"author":1,"featured_media":165528,"comment_status":"closed","ping_status":"open","sticky":false,"template":"","format":"standard","meta":{"jetpack_post_was_ever_published":false,"_jetpack_newsletter_access":"","_jetpack_dont_email_post_to_subs":false,"_jetpack_newsletter_tier_id":0,"_jetpack_memberships_contains_paywalled_content":false,"_jetpack_memberships_contains_paid_content":false,"footnotes":"","jetpack_publicize_message":"","jetpack_publicize_feature_enabled":true,"jetpack_social_post_already_shared":true,"jetpack_social_options":{"image_generator_settings":{"template":"highway","default_image_id":0,"font":"","enabled":false},"version":2}},"categories":[1],"tags":[1334,23995,2479,5360,10277],"class_list":["post-165527","post","type-post","status-publish","format-standard","has-post-thumbnail","hentry","category-genel","tag-alisveris","tag-bayram","tag-elazigda","tag-oncesi","tag-yogunlugu"],"jetpack_publicize_connections":[],"jetpack_featured_media_url":"https:\/\/i0.wp.com\/www.tvturk.com\/wp-content\/uploads\/2019\/06\/elazigda-bayram-oncesi-alisveris-yogunlugu_222cdb5.jpg?fit=1000%2C666","jetpack_sharing_enabled":true,"jetpack_shortlink":"https:\/\/wp.me\/paKIfm-H3N","_links":{"self":[{"href":"http:\/\/www.tvturk.com\/index.php\/wp-json\/wp\/v2\/posts\/165527","targetHints":{"allow":["GET"]}}],"collection":[{"href":"http:\/\/www.tvturk.com\/index.php\/wp-json\/wp\/v2\/posts"}],"about":[{"href":"http:\/\/www.tvturk.com\/index.php\/wp-json\/wp\/v2\/types\/post"}],"author":[{"embeddable":true,"href":"http:\/\/www.tvturk.com\/index.php\/wp-json\/wp\/v2\/users\/1"}],"replies":[{"embeddable":true,"href":"http:\/\/www.tvturk.com\/index.php\/wp-json\/wp\/v2\/comments?post=165527"}],"version-history":[{"count":0,"href":"http:\/\/www.tvturk.com\/index.php\/wp-json\/wp\/v2\/posts\/165527\/revisions"}],"wp:featuredmedia":[{"embeddable":true,"href":"http:\/\/www.tvturk.com\/index.php\/wp-json\/wp\/v2\/media\/165528"}],"wp:attachment":[{"href":"http:\/\/www.tvturk.com\/index.php\/wp-json\/wp\/v2\/media?parent=165527"}],"wp:term":[{"taxonomy":"category","embeddable":true,"href":"http:\/\/www.tvturk.com\/index.php\/wp-json\/wp\/v2\/categories?post=165527"},{"taxonomy":"post_tag","embeddable":true,"href":"http:\/\/www.tvturk.com\/index.php\/wp-json\/wp\/v2\/tags?post=165527"}],"curies":[{"name":"wp","href":"https:\/\/api.w.org\/{rel}","templated":true}]}}