{"id":165549,"date":"2019-06-03T12:33:20","date_gmt":"2019-06-03T09:33:20","guid":{"rendered":"http:\/\/www.tvturk.com\/index.php\/bayram-yogunlugu-yasayan-berberde-randevu-sistemi\/"},"modified":"2019-06-03T12:33:20","modified_gmt":"2019-06-03T09:33:20","slug":"bayram-yogunlugu-yasayan-berberde-randevu-sistemi","status":"publish","type":"post","link":"http:\/\/www.tvturk.com\/index.php\/bayram-yogunlugu-yasayan-berberde-randevu-sistemi\/","title":{"rendered":"Bayram yo\u011funlu\u011fu ya\u015fayan berberde randevu sistemi"},"content":{"rendered":"<p>Gaziantep\u2019te Ramazan Bayram\u0131 \u00f6ncesi yo\u011funluk ya\u015fayan bir berber vatanda\u015f\u0131n talebine yeti\u015febilmek i\u00e7in randevu sistemini devreye soktu.<\/p>\n<p>Gaziantep\u2019te vatanda\u015flar bayram t\u0131ra\u015f\u0131 olmak i\u00e7in berberlere ak\u0131n ederken, yo\u011funluk nedeniyle mesai saatlerini uzatan berberler gerginliklerin \u00f6n\u00fcne ge\u00e7ebilmek i\u00e7in randevu sistemine ge\u00e7ti. Bayram t\u0131ra\u015f\u0131 nedeniyle yo\u011fun mesai yapan berberler, sabah\u0131n erken saatlerinde ba\u015flad\u0131klar\u0131 mesaiye sahur vaktine kadar durmadan devam ediyor. Yo\u011fun \u00e7al\u0131\u015fan berberlerden R\u0131dvan Turgut, &#8220;Bayram nedeniyle 3-4 g\u00fcnd\u00fcr \u00e7ok yo\u011fun bir d\u00f6nem ge\u00e7iriyoruz. Vatanda\u015flar\u0131 t\u0131ra\u015f edebilmek ve bayrama haz\u0131rlamak i\u00e7in gece g\u00fcnd\u00fcz \u00e7al\u0131\u015f\u0131yoruz. Bu nedenle hem yo\u011funlu\u011fumuzu kontrol edebilmek hem de her vatanda\u015f\u0131m\u0131z\u0131n talebini kar\u015f\u0131lamak i\u00e7in randevu sistemini devreye soktuk. Bu sayede son 3-4 g\u00fcnl\u00fck yo\u011funlu\u011fumuzu randevu usul\u00fcyle biraz daha hafiflettik. Bu yeni sistemimizde m\u00fc\u015fterilerimiz bize internetten ula\u015farak veya telefonla arayarak uygun saatleri soruyorlar ve biz de uygun saatleri onlar i\u00e7in rezerve ediyoruz. Yani isteyen herkese bir saat belirliyoruz. Bu durum hem bizim hem de m\u00fc\u015fterilerimizin i\u015fine yar\u0131yor. Normal zamanda g\u00fcnl\u00fck 30-40 m\u00fc\u015fterimize hizmet verirken bayram nedeniyle son 3-4 g\u00fcnde ortalama 100-150 aras\u0131 m\u00fc\u015fteriye hizmet veriyoruz. Bu y\u00fczden sahur saatlerine kadar yo\u011fun \u015fekilde \u00e7al\u0131\u015f\u0131yoruz. Gelen vatanda\u015flar\u0131m\u0131za sa\u00e7, sakal t\u0131ra\u015f\u0131, cilt bak\u0131m\u0131, manik\u00fcr, pedik\u00fcr ve isterlerse masaj hizmeti veriyoruz&#8221; \u015feklinde konu\u015ftu.<\/p>\n<p>&#8220;Gelmeden \u00f6nce randevu ald\u0131m&#8221;<\/p>\n<p>Berbere t\u0131ra\u015f olmaya gelen Re\u015fit \u00c7elik isimli vatanda\u015f ise bayram yo\u011funlu\u011fu nedeniyle bo\u015f g\u00f6rmenin m\u00fcmk\u00fcn olmad\u0131\u011f\u0131 berber koltu\u011funa randevu alarak oturabildi\u011fini s\u00f6yledi. Ramazan \u00c7elik, &#8220;Bayram yo\u011funlu\u011fu nedeniyle berberin kalabal\u0131k olaca\u011f\u0131n\u0131 biliyordum. Hafta sonu da izinli oldu\u011fum i\u00e7in ona g\u00f6re bir ayarlama yapt\u0131m. O y\u00fczden gelmeden bir iki saat \u00f6nce randevu alarak geldim. Bayrama bak\u0131ml\u0131 girebilmek i\u00e7in sa\u00e7, sakal t\u0131ra\u015f\u0131m\u0131 oldum. Buralar bayram dolay\u0131s\u0131yla \u00e7ok yo\u011fun oldu\u011fu i\u00e7in berber arkada\u015f\u0131m\u0131za da devreye soktu\u011fu randevu sistemi i\u00e7in te\u015fekk\u00fcr ediyoruz. G\u00fczel bir sistem olmu\u015f&#8221; diye konu\u015ftu.<\/p>\n","protected":false},"excerpt":{"rendered":"<p>BAYRAM YO\u011eUNLU\u011eU YA\u015eAYAN BERBERLER RANDEVU S\u0130STEM\u0130NE GE\u00c7T\u0130<\/p>\n","protected":false},"author":1,"featured_media":165550,"comment_status":"closed","ping_status":"open","sticky":false,"template":"","format":"standard","meta":{"jetpack_post_was_ever_published":false,"_jetpack_newsletter_access":"","_jetpack_dont_email_post_to_subs":false,"_jetpack_newsletter_tier_id":0,"_jetpack_memberships_contains_paywalled_content":false,"_jetpack_memberships_contains_paid_content":false,"footnotes":"","jetpack_publicize_message":"","jetpack_publicize_feature_enabled":true,"jetpack_social_post_already_shared":true,"jetpack_social_options":{"image_generator_settings":{"template":"highway","default_image_id":0,"font":"","enabled":false},"version":2}},"categories":[1],"tags":[23995,32278,18425,6233,3462,10277],"class_list":["post-165549","post","type-post","status-publish","format-standard","has-post-thumbnail","hentry","category-genel","tag-bayram","tag-berberde","tag-randevu","tag-sistemi","tag-yasayan","tag-yogunlugu"],"jetpack_publicize_connections":[],"jetpack_featured_media_url":"https:\/\/i0.wp.com\/www.tvturk.com\/wp-content\/uploads\/2019\/06\/bayram-yogunlugu-yasayan-berberde-randevu-sistemi_7733ec2.jpg?fit=1000%2C666","jetpack_sharing_enabled":true,"jetpack_shortlink":"https:\/\/wp.me\/paKIfm-H49","_links":{"self":[{"href":"http:\/\/www.tvturk.com\/index.php\/wp-json\/wp\/v2\/posts\/165549","targetHints":{"allow":["GET"]}}],"collection":[{"href":"http:\/\/www.tvturk.com\/index.php\/wp-json\/wp\/v2\/posts"}],"about":[{"href":"http:\/\/www.tvturk.com\/index.php\/wp-json\/wp\/v2\/types\/post"}],"author":[{"embeddable":true,"href":"http:\/\/www.tvturk.com\/index.php\/wp-json\/wp\/v2\/users\/1"}],"replies":[{"embeddable":true,"href":"http:\/\/www.tvturk.com\/index.php\/wp-json\/wp\/v2\/comments?post=165549"}],"version-history":[{"count":0,"href":"http:\/\/www.tvturk.com\/index.php\/wp-json\/wp\/v2\/posts\/165549\/revisions"}],"wp:featuredmedia":[{"embeddable":true,"href":"http:\/\/www.tvturk.com\/index.php\/wp-json\/wp\/v2\/media\/165550"}],"wp:attachment":[{"href":"http:\/\/www.tvturk.com\/index.php\/wp-json\/wp\/v2\/media?parent=165549"}],"wp:term":[{"taxonomy":"category","embeddable":true,"href":"http:\/\/www.tvturk.com\/index.php\/wp-json\/wp\/v2\/categories?post=165549"},{"taxonomy":"post_tag","embeddable":true,"href":"http:\/\/www.tvturk.com\/index.php\/wp-json\/wp\/v2\/tags?post=165549"}],"curies":[{"name":"wp","href":"https:\/\/api.w.org\/{rel}","templated":true}]}}