{"id":165551,"date":"2019-06-03T12:41:32","date_gmt":"2019-06-03T09:41:32","guid":{"rendered":"http:\/\/www.tvturk.com\/index.php\/sehitlikler-ziyaret-edildi\/"},"modified":"2019-06-03T12:41:32","modified_gmt":"2019-06-03T09:41:32","slug":"sehitlikler-ziyaret-edildi","status":"publish","type":"post","link":"http:\/\/www.tvturk.com\/index.php\/sehitlikler-ziyaret-edildi\/","title":{"rendered":"\u015eehitlikler ziyaret edildi"},"content":{"rendered":"<p>Bursa\u2019da \u015fehit yak\u0131nlar\u0131 ve vatanda\u015flar, Ramazan Bayram\u0131 arifesinde mezarl\u0131k ve \u015fehitlikleri ziyaret etti, dualar okudu.<\/p>\n<p>Ramazan Bayram\u0131 arifesinde Bursa\u2019daki t\u00fcm mezarl\u0131klar ve \u015fehitlikler ziyaret ediliyor. P\u0131narba\u015f\u0131 \u015eehitli\u011fi\u2019nde \u015fehit yak\u0131nlar\u0131, mezarlar\u0131 sulad\u0131, temizledi, Kur\u2019an-\u0131 Kerim okuyup dualar etti. \u015eehitlikleri ziyaret eden sadece \u015fehit yak\u0131nlar\u0131 olmad\u0131. Di\u011fer vatanda\u015flar da \u015fehitli\u011fe girerek, vatan u\u011fruna can\u0131n\u0131 kaybeden t\u00fcm \u015fehitlerin mezar\u0131 ba\u015f\u0131nda dualar etti. \u015eehit olan kom\u015fu o\u011flunu ziyarete gelen bir kad\u0131n ise, \u201cKom\u015fum hasta oldu\u011fu i\u00e7in onun o\u011flunun mezar\u0131n\u0131 ziyaret edip, temizliyorum. Dualar ediyoruz. Allah b\u00fct\u00fcn \u015fehitlerimize rahmet eylesin\u201d dedi.<\/p>\n","protected":false},"excerpt":{"rendered":"<p>BURSA\u2019DA \u015eEH\u0130T YAKINLARI VE VATANDA\u015eLAR, RAMAZAN BAYRAMI AR\u0130FES\u0130NDE MEZARLIK VE \u015eEH\u0130TL\u0130KLER\u0130 Z\u0130YARET ETT\u0130, DUALAR OKUDU.<\/p>\n","protected":false},"author":1,"featured_media":165552,"comment_status":"closed","ping_status":"open","sticky":false,"template":"","format":"standard","meta":{"jetpack_post_was_ever_published":false,"_jetpack_newsletter_access":"","_jetpack_dont_email_post_to_subs":false,"_jetpack_newsletter_tier_id":0,"_jetpack_memberships_contains_paywalled_content":false,"_jetpack_memberships_contains_paid_content":false,"footnotes":"","jetpack_publicize_message":"","jetpack_publicize_feature_enabled":true,"jetpack_social_post_already_shared":true,"jetpack_social_options":{"image_generator_settings":{"template":"highway","default_image_id":0,"font":"","enabled":false},"version":2}},"categories":[1],"tags":[857,32380,150],"class_list":["post-165551","post","type-post","status-publish","format-standard","has-post-thumbnail","hentry","category-genel","tag-edildi","tag-sehitlikler","tag-ziyaret"],"jetpack_publicize_connections":[],"jetpack_featured_media_url":"https:\/\/i0.wp.com\/www.tvturk.com\/wp-content\/uploads\/2019\/06\/sehitlikler-ziyaret-edildi_50660b2.jpg?fit=1000%2C666","jetpack_sharing_enabled":true,"jetpack_shortlink":"https:\/\/wp.me\/paKIfm-H4b","_links":{"self":[{"href":"http:\/\/www.tvturk.com\/index.php\/wp-json\/wp\/v2\/posts\/165551","targetHints":{"allow":["GET"]}}],"collection":[{"href":"http:\/\/www.tvturk.com\/index.php\/wp-json\/wp\/v2\/posts"}],"about":[{"href":"http:\/\/www.tvturk.com\/index.php\/wp-json\/wp\/v2\/types\/post"}],"author":[{"embeddable":true,"href":"http:\/\/www.tvturk.com\/index.php\/wp-json\/wp\/v2\/users\/1"}],"replies":[{"embeddable":true,"href":"http:\/\/www.tvturk.com\/index.php\/wp-json\/wp\/v2\/comments?post=165551"}],"version-history":[{"count":0,"href":"http:\/\/www.tvturk.com\/index.php\/wp-json\/wp\/v2\/posts\/165551\/revisions"}],"wp:featuredmedia":[{"embeddable":true,"href":"http:\/\/www.tvturk.com\/index.php\/wp-json\/wp\/v2\/media\/165552"}],"wp:attachment":[{"href":"http:\/\/www.tvturk.com\/index.php\/wp-json\/wp\/v2\/media?parent=165551"}],"wp:term":[{"taxonomy":"category","embeddable":true,"href":"http:\/\/www.tvturk.com\/index.php\/wp-json\/wp\/v2\/categories?post=165551"},{"taxonomy":"post_tag","embeddable":true,"href":"http:\/\/www.tvturk.com\/index.php\/wp-json\/wp\/v2\/tags?post=165551"}],"curies":[{"name":"wp","href":"https:\/\/api.w.org\/{rel}","templated":true}]}}