{"id":165561,"date":"2019-06-03T12:52:21","date_gmt":"2019-06-03T09:52:21","guid":{"rendered":"http:\/\/www.tvturk.com\/index.php\/izmirde-erkek-kuaforlerinde-bayram-yogunlugu-basladi\/"},"modified":"2019-06-03T12:52:21","modified_gmt":"2019-06-03T09:52:21","slug":"izmirde-erkek-kuaforlerinde-bayram-yogunlugu-basladi","status":"publish","type":"post","link":"http:\/\/www.tvturk.com\/index.php\/izmirde-erkek-kuaforlerinde-bayram-yogunlugu-basladi\/","title":{"rendered":"\u0130zmir\u2019de erkek kuaf\u00f6rlerinde bayram yo\u011funlu\u011fu ba\u015flad\u0131"},"content":{"rendered":"<p>\u0130zmir\u2019de Ramazan Bayram\u0131\u2019na saatler kala berberlerde arefe g\u00fcn\u00fc yo\u011funlu\u011fu ya\u015fanmaya ba\u015flad\u0131.<\/p>\n<p>Ramazan Bayram\u0131\u2019na saatler kala erkek kuaf\u00f6rleri ve berberlerinde yo\u011funluk erken ba\u015flad\u0131. Bayram \u00f6ncesi t\u0131ra\u015f olmak isteyen vatanda\u015flar berberlere ak\u0131n ederken, berberler de yo\u011fun mesai yapmaya ba\u015flad\u0131. Berberler, vatanda\u015flar\u0131 ma\u011fdur etmemek i\u00e7in randevu sistemiyle \u00e7al\u0131\u015f\u0131rken, gecenin ge\u00e7 saatlerine kadar \u00e7al\u0131\u015facaklar\u0131n\u0131 belirtti.<\/p>\n<p>\u201cYo\u011funluk ba\u015flad\u0131\u201d<\/p>\n<p>35 senedir berberlik yapt\u0131\u011f\u0131n\u0131 s\u00f6yleyen Mehmet Kaya, arefe g\u00fcnleri i\u015flerinin her sene yo\u011fun oldu\u011funu belirtti. Kaya, \u201cBayram yo\u011funlu\u011fu ba\u015flad\u0131. Bayram \u00f6ncesinde herkes t\u0131ra\u015f\u0131n\u0131 olmak istiyor. Ge\u00e7mi\u015f y\u0131llarda sabaha kadar \u00e7al\u0131\u015ft\u0131\u011f\u0131m\u0131z olurdu. Ge\u00e7mi\u015f y\u0131llara g\u00f6re bu sene i\u015fler daha zay\u0131f gibi. \u0130n\u015fallah bu arefede de ge\u00e7mi\u015f y\u0131llarda oldu\u011fu gibi ge\u00e7 saatlere kadar \u00e7al\u0131\u015f\u0131r\u0131z\u201d ifadelerini kulland\u0131.<\/p>\n<p>Son y\u0131llarda toplum olarak bayram bilincinden uzakla\u015f\u0131ld\u0131\u011f\u0131n\u0131 dile getiren berber Kaya, \u201cMaalesef y\u0131llar ge\u00e7tik\u00e7e \u00f6rf ve adetlerimizden uzakla\u015f\u0131yoruz. Eskiden bayraml\u0131klar al\u0131n\u0131r, hamamlara gidilir ve t\u0131ra\u015flar olunurdu. Ne yaz\u0131k ki y\u0131llar ge\u00e7tikte bu adetlerimizi unutmaya ba\u015flad\u0131k\u201d dedi.<\/p>\n<p>&#8220;\u0130\u015fler \u00e7ok iyi&#8221;<\/p>\n<p>Yakla\u015f\u0131k 60 y\u0131ld\u0131r berberlik yapan \u0130smet Kaya ise yo\u011funluktan memnun oldu\u011funu s\u00f6yledi. Gecenin ilerleyen saatlerine kadar \u00e7al\u0131\u015facaklar\u0131n\u0131 tahmin etti\u011finin alt\u0131n\u0131 \u00e7izen Kaya, \u201c59 y\u0131ld\u0131r berberlik yap\u0131yorum ve arefe g\u00fcnleri her zaman \u00e7ok daha fazla yo\u011fun olmu\u015ftur. \u00c7ok \u015f\u00fck\u00fcr i\u015flerimiz iyi gidiyor. Tahminimce gece 02.00-03.00\u2019e kadar \u00e7al\u0131\u015f\u0131r\u0131z\u201d diye konu\u015ftu.<\/p>\n","protected":false},"excerpt":{"rendered":"<p>\u0130ZM\u0130R\u2019DE RAMAZAN BAYRAMI\u2019NA SAATLER KALA BERBERLERDE AREFE G\u00dcN\u00dc YO\u011eUNLU\u011eU YA\u015eANMAYA BA\u015eLANILDI.<\/p>\n","protected":false},"author":1,"featured_media":165562,"comment_status":"closed","ping_status":"open","sticky":false,"template":"","format":"standard","meta":{"jetpack_post_was_ever_published":false,"_jetpack_newsletter_access":"","_jetpack_dont_email_post_to_subs":false,"_jetpack_newsletter_tier_id":0,"_jetpack_memberships_contains_paywalled_content":false,"_jetpack_memberships_contains_paid_content":false,"footnotes":"","jetpack_publicize_message":"","jetpack_publicize_feature_enabled":true,"jetpack_social_post_already_shared":true,"jetpack_social_options":{"image_generator_settings":{"template":"highway","default_image_id":0,"font":"","enabled":false},"version":2}},"categories":[1],"tags":[55,23995,1320,1554,39428,10277],"class_list":["post-165561","post","type-post","status-publish","format-standard","has-post-thumbnail","hentry","category-genel","tag-basladi","tag-bayram","tag-erkek","tag-izmirde","tag-kuaforlerinde","tag-yogunlugu"],"jetpack_publicize_connections":[],"jetpack_featured_media_url":"https:\/\/i0.wp.com\/www.tvturk.com\/wp-content\/uploads\/2019\/06\/izmirde-erkek-kuaforlerinde-bayram-yogunlugu-basladi_8d03fe9.jpg?fit=1000%2C750","jetpack_sharing_enabled":true,"jetpack_shortlink":"https:\/\/wp.me\/paKIfm-H4l","_links":{"self":[{"href":"http:\/\/www.tvturk.com\/index.php\/wp-json\/wp\/v2\/posts\/165561","targetHints":{"allow":["GET"]}}],"collection":[{"href":"http:\/\/www.tvturk.com\/index.php\/wp-json\/wp\/v2\/posts"}],"about":[{"href":"http:\/\/www.tvturk.com\/index.php\/wp-json\/wp\/v2\/types\/post"}],"author":[{"embeddable":true,"href":"http:\/\/www.tvturk.com\/index.php\/wp-json\/wp\/v2\/users\/1"}],"replies":[{"embeddable":true,"href":"http:\/\/www.tvturk.com\/index.php\/wp-json\/wp\/v2\/comments?post=165561"}],"version-history":[{"count":0,"href":"http:\/\/www.tvturk.com\/index.php\/wp-json\/wp\/v2\/posts\/165561\/revisions"}],"wp:featuredmedia":[{"embeddable":true,"href":"http:\/\/www.tvturk.com\/index.php\/wp-json\/wp\/v2\/media\/165562"}],"wp:attachment":[{"href":"http:\/\/www.tvturk.com\/index.php\/wp-json\/wp\/v2\/media?parent=165561"}],"wp:term":[{"taxonomy":"category","embeddable":true,"href":"http:\/\/www.tvturk.com\/index.php\/wp-json\/wp\/v2\/categories?post=165561"},{"taxonomy":"post_tag","embeddable":true,"href":"http:\/\/www.tvturk.com\/index.php\/wp-json\/wp\/v2\/tags?post=165561"}],"curies":[{"name":"wp","href":"https:\/\/api.w.org\/{rel}","templated":true}]}}