{"id":165607,"date":"2019-06-03T14:27:27","date_gmt":"2019-06-03T11:27:27","guid":{"rendered":"http:\/\/www.tvturk.com\/index.php\/validen-suruculere-uyari-trafik-kurallarina-uyalim-uymayanlari-uyaralim\/"},"modified":"2019-06-03T14:27:27","modified_gmt":"2019-06-03T11:27:27","slug":"validen-suruculere-uyari-trafik-kurallarina-uyalim-uymayanlari-uyaralim","status":"publish","type":"post","link":"http:\/\/www.tvturk.com\/index.php\/validen-suruculere-uyari-trafik-kurallarina-uyalim-uymayanlari-uyaralim\/","title":{"rendered":"Validen s\u00fcr\u00fcc\u00fclere uyar\u0131: \u201cTrafik kurallar\u0131na uyal\u0131m, uymayanlar\u0131 uyaral\u0131m\u201d"},"content":{"rendered":"<p>MERS\u0130N (\u0130HA) \u2013 Mersin Valisi Ali \u0130hsan Su, \u00fclke genelinde Ramazan Bayram\u0131 tatili s\u00fcresince \u201cKarnemi dolduruyorum, trafi\u011fe g\u00fcvenle \u00e7\u0131k\u0131yorum\u201d slogan\u0131yla \u00e7ocuklara y\u00f6nelik ger\u00e7ekle\u015ftirilecek uygulamaya kat\u0131ld\u0131. \u00c7ocuklara k\u0131rm\u0131z\u0131 d\u00fcd\u00fck da\u011f\u0131tan Su, s\u00fcr\u00fcc\u00fcleri de uyararak, \u201cTrafik kurallar\u0131na uyal\u0131m, uymayanlar\u0131 uyaral\u0131m\u201d dedi.<\/p>\n<p>\u00dclke genelinde 31 May\u0131s-20 Haziran 2019 tarihleri aras\u0131nda \u00e7ocuklara y\u00f6nelik \u201cKarnemi dolduruyorum, trafi\u011fe g\u00fcvenle \u00e7\u0131k\u0131yorum\u201d slogan\u0131 ile d\u00fczenlenecek yar\u0131\u015fma sonunda 100 \u00e7ocu\u011fa bisiklet hediye edilecek. Bu kapsamda, Mersin \u0130l Emniyet M\u00fcd\u00fcrl\u00fc\u011f\u00fc Trafik Denetleme \u015eube M\u00fcd\u00fcrl\u00fc\u011f\u00fc taraf\u0131ndan Akbelen Bulvar\u0131 ile Adnan Menderes Bulvar\u0131 aras\u0131nda uygulama noktas\u0131 olu\u015fturarak stant a\u00e7\u0131ld\u0131. Seyir halindeki ara\u00e7lar durdurularak s\u00fcr\u00fcc\u00fclerin bilgilendirildi\u011fi uygulamada, ara\u00e7larda bulunan \u00e7ocuklara da k\u0131rm\u0131z\u0131 d\u00fcd\u00fck, ti\u015f\u00f6rt ve \u015fapka hediye edildi. \u00c7ocuklara, bisiklet yar\u0131\u015fmas\u0131na ili\u015fkin bilgiler veren trafik polisleri, ara\u00e7 kullanan ebeveynlerini de trafik kurallar\u0131na uymalar\u0131 i\u00e7in uyarmalar\u0131n\u0131 istediler.<\/p>\n<p>Mersin Valisi Su da ekiplerin Akbelen Bulvar\u0131 \u00fczerindeki uygulamas\u0131n\u0131 denetledi. Vali Su\u2019ya, \u0130l Emniyet M\u00fcd\u00fcr\u00fc Mehmet \u015eahne de e\u015flik etti. A\u00e7\u0131lan stantta kar\u015f\u0131la\u015ft\u0131\u011f\u0131 vatanda\u015flar ve s\u00fcr\u00fcc\u00fcleri, kurallara uymalar\u0131 konusunda uyaran Vali Su, \u00e7ocuklarla da yak\u0131ndan ilgilendi. Ara\u00e7lardaki \u00e7ocuklara k\u0131rm\u0131z\u0131 d\u00fcd\u00fck, ti\u015f\u00f6rt ve \u015fapka hediye eden Su, \u00e7ocuklar\u0131n kurallar konusunda ebeveynlerini uyarmalar\u0131n\u0131 da istedi. S\u00fcr\u00fcc\u00fclere iyi yolculuklar dileyen Su, Ramazan Bayramlar\u0131n\u0131 da kutlad\u0131.<\/p>\n<p>Uygulama esnas\u0131nda gazetecilere a\u00e7\u0131klama yapan Su, T\u00fcrkiye genelinde oldu\u011fu gibi Mersin\u2019de de bayram boyunca yo\u011fun bir trafik ak\u0131\u015f\u0131 ger\u00e7ekle\u015fti\u011fine dikkat \u00e7ekti. Su, \u201cBiz de bu trafik ak\u0131\u015f\u0131 yo\u011funlu\u011funda vatanda\u015flar\u0131m\u0131z\u0131n sa\u011fl\u0131kla g\u00fczellikle g\u00fcvenlikle seyretmeleri i\u00e7in il genelinde gerekli g\u00fcvenlik tedbirlerini ald\u0131k. Bu \u00e7er\u00e7evede, ekiplerimiz de gerekli kontrolleri yap\u0131yor\u201d diye konu\u015ftu.<\/p>\n<p>\u0130\u00e7i\u015fleri Bakanl\u0131\u011f\u0131\u2019n\u0131n ba\u015flatt\u0131\u011f\u0131 g\u00fczel projeleri de vatanda\u015flarla payla\u015ft\u0131klar\u0131n\u0131 belirten Su, \u201c\u00d6ncelik yay\u0131n, k\u0131rm\u0131z\u0131 d\u00fcd\u00fck gibi daha \u00f6nce payla\u015ft\u0131\u011f\u0131m\u0131z projelerimiz vard\u0131. Bu projede de \u00e7ocuklar\u0131m\u0131za bir karne da\u011f\u0131t\u0131yoruz. \u00c7ocuklar\u0131m\u0131z bu karneyi doldurup twitterden g\u00f6nderecekler. \u00c7ekili\u015fte de bir bisiklet kazanma imkanlar\u0131 olacak. Burada \u00f6nemli olan, vatanda\u015flar\u0131m\u0131z\u0131n, \u00e7ocuklar\u0131m\u0131z\u0131n, gen\u00e7lerimizin trafik konusunda bilin\u00e7lendirilmeleridir. Bu kampanyalarla hem bilin\u00e7lenmeyi art\u0131r\u0131yoruz hem de trafikte daha g\u00fcvenli seyir halini ger\u00e7ekle\u015ftiriyoruz. Biz, bayram tatili boyunca trafik kontrollerimizi s\u0131kl\u0131kla devam ettirece\u011fiz. \u0130stiyoruz ki, vatanda\u015flar\u0131m\u0131z sa\u011fl\u0131kla g\u00fcvenlikle yollar\u0131na devam etsinler. T\u00fcm vatanda\u015flar\u0131m\u0131za bir kez daha kurallara uymalar\u0131 \u00e7a\u011fr\u0131s\u0131nda bulunuyorum. Hem kendi g\u00fcvenlikleri a\u00e7\u0131s\u0131ndan hem de di\u011fer vatanda\u015flar\u0131m\u0131z\u0131n g\u00fcvenli\u011fi a\u00e7\u0131s\u0131ndan trafik kurallar\u0131na uyal\u0131m, uymayanlar\u0131 da uyaral\u0131m\u201d ifadelerini kulland\u0131.<\/p>\n","protected":false},"excerpt":{"rendered":"<p>MERS\u0130N VAL\u0130S\u0130 AL\u0130 \u0130HSAN SU, \u00dcLKE GENEL\u0130NDE RAMAZAN BAYRAMI TAT\u0130L\u0130 S\u00dcRES\u0130NCE \u201cKARNEM\u0130 DOLDURUYORUM, TRAF\u0130\u011eE G\u00dcVENLE \u00c7IKIYORUM\u201d SLOGANIYLA \u00c7OCUKLARA Y\u00d6NEL\u0130K GER\u00c7EKLE\u015eT\u0130R\u0130LECEK UYGULAMAYA KATILDI. \u00c7OCUKLARA KIRMIZI D\u00dcD\u00dcK DA\u011eITAN SU, S\u00dcR\u00dcC\u00dcLER\u0130 DE UYARARAK, \u201cTRAF\u0130K KURALLARINA UYALIM, UYMAYANLARI UYARALIM\u201d DED\u0130.<\/p>\n","protected":false},"author":1,"featured_media":165608,"comment_status":"closed","ping_status":"open","sticky":false,"template":"","format":"standard","meta":{"jetpack_post_was_ever_published":false,"_jetpack_newsletter_access":"","_jetpack_dont_email_post_to_subs":false,"_jetpack_newsletter_tier_id":0,"_jetpack_memberships_contains_paywalled_content":false,"_jetpack_memberships_contains_paid_content":false,"footnotes":"","jetpack_publicize_message":"","jetpack_publicize_feature_enabled":true,"jetpack_social_post_already_shared":true,"jetpack_social_options":{"image_generator_settings":{"template":"highway","default_image_id":0,"font":"","enabled":false},"version":2}},"categories":[1],"tags":[33449,2405,131,39348,39445,4084,39444,17093],"class_list":["post-165607","post","type-post","status-publish","format-standard","has-post-thumbnail","hentry","category-genel","tag-kurallarina","tag-suruculere","tag-trafik","tag-uyalim","tag-uyaralim","tag-uyari","tag-uymayanlari","tag-validen"],"jetpack_publicize_connections":[],"jetpack_featured_media_url":"https:\/\/i0.wp.com\/www.tvturk.com\/wp-content\/uploads\/2019\/06\/validen-suruculere-uyari-trafik-kurallarina-uyalim-uymayanlari-uyaralim_8b461bd.jpg?fit=1000%2C666","jetpack_sharing_enabled":true,"jetpack_shortlink":"https:\/\/wp.me\/paKIfm-H55","_links":{"self":[{"href":"http:\/\/www.tvturk.com\/index.php\/wp-json\/wp\/v2\/posts\/165607","targetHints":{"allow":["GET"]}}],"collection":[{"href":"http:\/\/www.tvturk.com\/index.php\/wp-json\/wp\/v2\/posts"}],"about":[{"href":"http:\/\/www.tvturk.com\/index.php\/wp-json\/wp\/v2\/types\/post"}],"author":[{"embeddable":true,"href":"http:\/\/www.tvturk.com\/index.php\/wp-json\/wp\/v2\/users\/1"}],"replies":[{"embeddable":true,"href":"http:\/\/www.tvturk.com\/index.php\/wp-json\/wp\/v2\/comments?post=165607"}],"version-history":[{"count":0,"href":"http:\/\/www.tvturk.com\/index.php\/wp-json\/wp\/v2\/posts\/165607\/revisions"}],"wp:featuredmedia":[{"embeddable":true,"href":"http:\/\/www.tvturk.com\/index.php\/wp-json\/wp\/v2\/media\/165608"}],"wp:attachment":[{"href":"http:\/\/www.tvturk.com\/index.php\/wp-json\/wp\/v2\/media?parent=165607"}],"wp:term":[{"taxonomy":"category","embeddable":true,"href":"http:\/\/www.tvturk.com\/index.php\/wp-json\/wp\/v2\/categories?post=165607"},{"taxonomy":"post_tag","embeddable":true,"href":"http:\/\/www.tvturk.com\/index.php\/wp-json\/wp\/v2\/tags?post=165607"}],"curies":[{"name":"wp","href":"https:\/\/api.w.org\/{rel}","templated":true}]}}