{"id":165649,"date":"2019-06-03T16:09:54","date_gmt":"2019-06-03T13:09:54","guid":{"rendered":"http:\/\/www.tvturk.com\/index.php\/sirbistanda-sel-felaketi-acil-durum-ilan-edildi\/"},"modified":"2019-06-03T16:09:54","modified_gmt":"2019-06-03T13:09:54","slug":"sirbistanda-sel-felaketi-acil-durum-ilan-edildi","status":"publish","type":"post","link":"http:\/\/www.tvturk.com\/index.php\/sirbistanda-sel-felaketi-acil-durum-ilan-edildi\/","title":{"rendered":"S\u0131rbistan\u2019da sel felaketi: Acil durum ilan edildi"},"content":{"rendered":"<p>S\u0131rbistan\u2019da \u015fiddetli ya\u011f\u0131\u015flar nedeniyle bir\u00e7ok b\u00f6lgede sel olu\u015fmas\u0131 acil durum ilan\u0131na neden oldu.<\/p>\n<p>S\u0131rbistan\u2019da \u015fiddetli ya\u011f\u0131\u015flar sele neden oldu. Baz\u0131 b\u00f6lgelerde acil durum ilan edildi. Devlet Sular\u0131 \u015eirketi Srbijavode, baz\u0131 b\u00f6lgelerde sele ba\u011fl\u0131 olarak ola\u011fan\u00fcst\u00fc hal ilan edilmesinin ard\u0131ndan \u00fclke genelinde sel savunma \u00f6nlemlerinin uygulanmas\u0131 talimat\u0131n\u0131 verdi. Srbijavode\u2019den yap\u0131lan a\u00e7\u0131klamada, S\u0131rbistan Hidrometeoroloji Kurumumun \u00f6n\u00fcm\u00fczdeki g\u00fcnlerde devam edecek olan ya\u011f\u0131\u015flar nedeniyle nehirlerdeki su seviyelerinin artmas\u0131n\u0131n beklendi\u011fini s\u00f6yledi.<\/p>\n<p>Kraljevo kasabas\u0131ndaki yerel makamlar, akarsulardan ve kanalizasyondan ta\u015fan sel sonras\u0131nda acil durum ilan etti.<\/p>\n<p>Ulusal Acil Durumlar Sekt\u00f6r \u015eefi Predrag Maric, birka\u00e7 k\u00f6y\u00fcn sular alt\u0131nda kald\u0131\u011f\u0131n\u0131 ve Kraljevo-Kragujevac yolunda s\u0131k\u0131\u015fan 15 ki\u015finin tahliye edildi\u011fini s\u00f6yledi. Lucani ve Cacak kasabalar\u0131nda ve Tutin kasabalar\u0131nda 15 saat boyunca ya\u011fmur ya\u011fd\u0131\u011f\u0131n\u0131 bildirdi.<\/p>\n<p>Yerel Meteoroloji Servisi d\u00f6rt saatlik bir s\u00fcrede metrekareye 85 litre ya\u011fmur kaydetti. Sremska Belediye Ba\u015fkan\u0131 Mitrovi\u00e7 Vladimir Sanader\u2019in yerel bir radyoya verdi\u011fi deme\u00e7te kasaban\u0131n yer alt\u0131 ak\u0131nt\u0131lar\u0131ndaki y\u00fcksek su seviyeleri nedeniyle sel tehlikesiyle kar\u015f\u0131 kar\u015f\u0131ya kald\u0131\u011f\u0131n\u0131 kanalizasyon kanallar\u0131n\u0131n Sava nehrine pompalanmas\u0131 gereken su miktar\u0131n\u0131 kald\u0131ramad\u0131\u011f\u0131n\u0131 s\u00f6yledi.<\/p>\n<p>Gruze ve Cestinska nehirleri Kragujevac b\u00f6lgesinde ta\u015ft\u0131, meydana gelen sel Garuza kasabas\u0131nda yollar ve k\u00f6pr\u00fclerde hasara neden olurken, Knic kasabas\u0131nda yerel makamlar insanlara b\u00f6lgeyi tahliye etme talimat\u0131 verdi. Su bask\u0131n\u0131, S\u0131rbistan\u2019\u0131n bat\u0131s\u0131ndaki Lucani kasabas\u0131na ba\u011fl\u0131 birka\u00e7 k\u00f6y\u00fc vurdu. Yerel makamlar en az 20 haneyi b\u00f6lgeyi bo\u015faltmaya zorlad\u0131. Novi Pazar b\u00f6lgesinde sel bask\u0131n\u0131 meydana geldi\u011fi rapor edildi.<\/p>\n","protected":false},"excerpt":{"rendered":"<p>SIRB\u0130STAN&#8217;DA \u015e\u0130DDETL\u0130 YA\u011eI\u015eLAR NEDEN\u0130YLE B\u0130R\u00c7OK B\u00d6LGEDE SEL OLU\u015eMASI AC\u0130L DURUM \u0130LANINA NEDEN OLDU.<\/p>\n","protected":false},"author":1,"featured_media":165650,"comment_status":"closed","ping_status":"open","sticky":false,"template":"","format":"standard","meta":{"jetpack_post_was_ever_published":false,"_jetpack_newsletter_access":"","_jetpack_dont_email_post_to_subs":false,"_jetpack_newsletter_tier_id":0,"_jetpack_memberships_contains_paywalled_content":false,"_jetpack_memberships_contains_paid_content":false,"footnotes":"","jetpack_publicize_message":"","jetpack_publicize_feature_enabled":true,"jetpack_social_post_already_shared":true,"jetpack_social_options":{"image_generator_settings":{"template":"highway","default_image_id":0,"font":"","enabled":false},"version":2}},"categories":[10],"tags":[695,7016,3763,857,16494,904,20461],"class_list":["post-165649","post","type-post","status-publish","format-standard","has-post-thumbnail","hentry","category-dunya","tag-sel","tag-acil","tag-durum","tag-edildi","tag-felaketi","tag-ilan","tag-sirbistanda"],"jetpack_publicize_connections":[],"jetpack_featured_media_url":"https:\/\/i0.wp.com\/www.tvturk.com\/wp-content\/uploads\/2019\/06\/sirbistanda-sel-felaketi-acil-durum-ilan-edildi_2eca050.jpg?fit=750%2C1000","jetpack_sharing_enabled":true,"jetpack_shortlink":"https:\/\/wp.me\/paKIfm-H5L","_links":{"self":[{"href":"http:\/\/www.tvturk.com\/index.php\/wp-json\/wp\/v2\/posts\/165649","targetHints":{"allow":["GET"]}}],"collection":[{"href":"http:\/\/www.tvturk.com\/index.php\/wp-json\/wp\/v2\/posts"}],"about":[{"href":"http:\/\/www.tvturk.com\/index.php\/wp-json\/wp\/v2\/types\/post"}],"author":[{"embeddable":true,"href":"http:\/\/www.tvturk.com\/index.php\/wp-json\/wp\/v2\/users\/1"}],"replies":[{"embeddable":true,"href":"http:\/\/www.tvturk.com\/index.php\/wp-json\/wp\/v2\/comments?post=165649"}],"version-history":[{"count":0,"href":"http:\/\/www.tvturk.com\/index.php\/wp-json\/wp\/v2\/posts\/165649\/revisions"}],"wp:featuredmedia":[{"embeddable":true,"href":"http:\/\/www.tvturk.com\/index.php\/wp-json\/wp\/v2\/media\/165650"}],"wp:attachment":[{"href":"http:\/\/www.tvturk.com\/index.php\/wp-json\/wp\/v2\/media?parent=165649"}],"wp:term":[{"taxonomy":"category","embeddable":true,"href":"http:\/\/www.tvturk.com\/index.php\/wp-json\/wp\/v2\/categories?post=165649"},{"taxonomy":"post_tag","embeddable":true,"href":"http:\/\/www.tvturk.com\/index.php\/wp-json\/wp\/v2\/tags?post=165649"}],"curies":[{"name":"wp","href":"https:\/\/api.w.org\/{rel}","templated":true}]}}