{"id":165673,"date":"2019-06-03T18:39:01","date_gmt":"2019-06-03T15:39:01","guid":{"rendered":"http:\/\/www.tvturk.com\/index.php\/avrupanin-ilk-sualti-restorani-norvecte-acildi\/"},"modified":"2019-06-03T18:39:01","modified_gmt":"2019-06-03T15:39:01","slug":"avrupanin-ilk-sualti-restorani-norvecte-acildi","status":"publish","type":"post","link":"http:\/\/www.tvturk.com\/index.php\/avrupanin-ilk-sualti-restorani-norvecte-acildi\/","title":{"rendered":"Avrupa\u2019n\u0131n ilk sualt\u0131 restoran\u0131 Norve\u00e7\u2019te a\u00e7\u0131ld\u0131"},"content":{"rendered":"<p>Avrupa\u2019n\u0131n ilk sualt\u0131 restoran\u0131, Norve\u00e7\u2019in Lindesnes \u015fehrinde a\u00e7\u0131ld\u0131. \u00dclkenin g\u00fcney k\u0131y\u0131s\u0131ndaki bat\u0131k restoran\u0131n\u0131n en dikkat \u00e7eken \u00f6zelli\u011fi, Kuzey Denizi ve egzotik sakinlerinin panoramik manzaras\u0131n\u0131 sunan 36 metrekarelik dev bir penceresinin bulunmas\u0131.<\/p>\n<p>Norve\u00e7\u2019in Lindesnes \u015fehrinde Avrupa\u2019n\u0131n ilk sualt\u0131 restoran\u0131 hizmete girdi. \u00dclkenin g\u00fcney k\u0131y\u0131s\u0131ndaki bat\u0131k restoran\u0131n\u0131n en dikkat \u00e7eken \u00f6zelli\u011fi, Kuzey Denizi ve egzotik sakinlerinin panoramik manzaras\u0131n\u0131 sunan 36 metrekarelik dev bir penceresinin bulunmas\u0131. Sahibi taraf\u0131ndan d\u00fcnyan\u0131n en b\u00fcy\u00fc\u011f\u00fc olarak lanse edilen restoranda deniz mahsulleri 5 metre su alt\u0131nda servis ediliyor. Restoran sahibi Stig Ubostad bas\u0131n mensuplar\u0131na verdi\u011fi deme\u00e7te \u201cRestoran\u0131m\u0131z, hi\u00e7 \u015f\u00fcphesiz d\u00fcnyan\u0131n en b\u00fcy\u00fc\u011f\u00fc ve Avrupa\u2019da tek. O kadar \u00e7ok dan\u0131\u015fmandan ge\u00e7tik ki bence her \u015feyden daha g\u00fcvenli oldu\u011funu s\u00f6yleyebilirim\u201d dedi.<\/p>\n<p>Oslo\u2019da pek \u00e7ok estetik binan\u0131n mimar\u0131 Snhetta \u015firketi taraf\u0131ndan tasarlanan restoran \u201cbat\u0131k periskop\u201d olarak adland\u0131r\u0131lan 36 metrekarelik penceresiyle okyanus ya\u015fam\u0131n\u0131n e\u015fsiz panoramik manzaras\u0131n\u0131 sunuyor. 26 cm kal\u0131nl\u0131\u011f\u0131ndaki pleksiglas pencere, f\u0131rt\u0131nalara dayanacak \u015fekilde tasarland\u0131. T\u00fcm yap\u0131, kal\u0131n beton duvarlar\u0131 ile zorlu deniz ko\u015fullar\u0131ndan kaynaklanan bas\u0131n\u00e7 ve \u015foklara dayanacak \u015fekilde in\u015fa edildi.<\/p>\n<p>34 metrelik restoran, haftan\u0131n 5 gecesi 40 farkl\u0131 yemekle hizmet verecek. M\u00fc\u015fteriler ah\u015fap panelli me\u015fe merdivenlerden olu\u015fan bir ge\u00e7itten inerek, restoran\u0131n lo\u015f \u0131\u015f\u0131kl\u0131 yemek odas\u0131na ula\u015fabilecek.<\/p>\n<p>Restoran\u0131n ismi zekice bir kelime oyununa dayan\u0131yor. \u0130ngilizce &#8220;Under&#8221; yani alt\u0131nda anlam\u0131na gelen restoran\u0131n ismi Norve\u00e7\u00e7e ise \u201charika\u201d anlam\u0131na geliyor.<\/p>\n","protected":false},"excerpt":{"rendered":"<p>AVRUPA\u2019NIN \u0130LK SUALTI RESTORANI, NORVE\u00c7&#8217;\u0130N L\u0130NDESNES \u015eEHR\u0130NDE A\u00c7ILDI. \u00dcLKEN\u0130N G\u00dcNEY KIYISINDAK\u0130 BATIK RESTORANININ EN D\u0130KKAT \u00c7EKEN \u00d6ZELL\u0130\u011e\u0130, KUZEY DEN\u0130Z\u0130 VE EGZOT\u0130K SAK\u0130NLER\u0130N\u0130N PANORAM\u0130K MANZARASINI SUNAN 36 METREKAREL\u0130K DEV B\u0130R PENCERES\u0130N\u0130N BULUNMASI.<\/p>\n","protected":false},"author":1,"featured_media":165674,"comment_status":"closed","ping_status":"open","sticky":false,"template":"","format":"standard","meta":{"jetpack_post_was_ever_published":false,"_jetpack_newsletter_access":"","_jetpack_dont_email_post_to_subs":false,"_jetpack_newsletter_tier_id":0,"_jetpack_memberships_contains_paywalled_content":false,"_jetpack_memberships_contains_paid_content":false,"footnotes":"","jetpack_publicize_message":"","jetpack_publicize_feature_enabled":true,"jetpack_social_post_already_shared":true,"jetpack_social_options":{"image_generator_settings":{"template":"highway","default_image_id":0,"font":"","enabled":false},"version":2}},"categories":[10],"tags":[288,6082,37,27505,12626,19915],"class_list":["post-165673","post","type-post","status-publish","format-standard","has-post-thumbnail","hentry","category-dunya","tag-acildi","tag-avrupanin","tag-ilk","tag-norvecte","tag-restorani","tag-sualti"],"jetpack_publicize_connections":[],"jetpack_featured_media_url":"https:\/\/i0.wp.com\/www.tvturk.com\/wp-content\/uploads\/2019\/06\/avrupanin-ilk-sualti-restorani-norvecte-acildi_61b839a.jpg?fit=1000%2C665","jetpack_sharing_enabled":true,"jetpack_shortlink":"https:\/\/wp.me\/paKIfm-H69","_links":{"self":[{"href":"http:\/\/www.tvturk.com\/index.php\/wp-json\/wp\/v2\/posts\/165673","targetHints":{"allow":["GET"]}}],"collection":[{"href":"http:\/\/www.tvturk.com\/index.php\/wp-json\/wp\/v2\/posts"}],"about":[{"href":"http:\/\/www.tvturk.com\/index.php\/wp-json\/wp\/v2\/types\/post"}],"author":[{"embeddable":true,"href":"http:\/\/www.tvturk.com\/index.php\/wp-json\/wp\/v2\/users\/1"}],"replies":[{"embeddable":true,"href":"http:\/\/www.tvturk.com\/index.php\/wp-json\/wp\/v2\/comments?post=165673"}],"version-history":[{"count":0,"href":"http:\/\/www.tvturk.com\/index.php\/wp-json\/wp\/v2\/posts\/165673\/revisions"}],"wp:featuredmedia":[{"embeddable":true,"href":"http:\/\/www.tvturk.com\/index.php\/wp-json\/wp\/v2\/media\/165674"}],"wp:attachment":[{"href":"http:\/\/www.tvturk.com\/index.php\/wp-json\/wp\/v2\/media?parent=165673"}],"wp:term":[{"taxonomy":"category","embeddable":true,"href":"http:\/\/www.tvturk.com\/index.php\/wp-json\/wp\/v2\/categories?post=165673"},{"taxonomy":"post_tag","embeddable":true,"href":"http:\/\/www.tvturk.com\/index.php\/wp-json\/wp\/v2\/tags?post=165673"}],"curies":[{"name":"wp","href":"https:\/\/api.w.org\/{rel}","templated":true}]}}