{"id":165677,"date":"2019-06-03T18:41:29","date_gmt":"2019-06-03T15:41:29","guid":{"rendered":"http:\/\/www.tvturk.com\/index.php\/binali-yildirim-yapilacak-secimlere-simdiden-soru-isareti-olusturmustur\/"},"modified":"2019-06-03T18:41:29","modified_gmt":"2019-06-03T15:41:29","slug":"binali-yildirim-yapilacak-secimlere-simdiden-soru-isareti-olusturmustur","status":"publish","type":"post","link":"http:\/\/www.tvturk.com\/index.php\/binali-yildirim-yapilacak-secimlere-simdiden-soru-isareti-olusturmustur\/","title":{"rendered":"Binali Y\u0131ld\u0131r\u0131m: \u201cYap\u0131lacak se\u00e7imlere \u015fimdiden soru i\u015fareti olu\u015fturmu\u015ftur\u201d"},"content":{"rendered":"<p>AK Parti \u0130stanbul B\u00fcy\u00fck\u015fehir Belediye Ba\u015fkan aday\u0131 Binali Y\u0131ld\u0131r\u0131m, Y\u00fcksek Se\u00e7im Kurulunun (YSK) il\u00e7e se\u00e7im kurullar\u0131 ile ilgili verilen karar\u0131 de\u011ferlendirerek, &#8220;Su\u00e7lad\u0131\u011f\u0131 insanlar\u0131 yap\u0131lacak bir se\u00e7imde tekrar se\u00e7imde g\u00f6rev yapabilir diye karar vermesi yap\u0131lacak se\u00e7imlere \u015fimdiden soru i\u015fareti olu\u015fturmu\u015ftur&#8221; dedi.<\/p>\n<p>AK Parti \u0130stanbul B\u00fcy\u00fck\u015fehir Belediye Ba\u015fkan Aday\u0131 Binali Y\u0131ld\u0131r\u0131m, K\u00fc\u00e7\u00fck\u00e7ekmece\u2019de esnaf ziyaretinde bulundu. Vatanda\u015flar\u0131n yo\u011fun ilgisiyle kar\u015f\u0131lanan Y\u0131ld\u0131r\u0131m, vatanda\u015flar\u0131n ilgisinden dolay\u0131 zaman zaman y\u00fcr\u00fcmekte g\u00fc\u00e7l\u00fck \u00e7ekti. Kar\u015f\u0131lar\u0131nda Binali Y\u0131ld\u0131r\u0131m\u0131 g\u00f6ren vatanda\u015flar foto\u011fraf \u00e7ektirmek i\u00e7in adeta birbirleriyle yar\u0131\u015ft\u0131. Y\u0131ld\u0131r\u0131m, ziyaretler s\u0131ras\u0131nda \u0130Y\u0130 Parti\u2019nin se\u00e7im \u00e7ad\u0131r\u0131n\u0131 da ziyaret ederek, \u0130Y\u0130 Parti \u00e7al\u0131\u015fanlar\u0131yla selamla\u015f\u0131p sonra kolayl\u0131klar dileyip ayr\u0131ld\u0131.<\/p>\n<p>Esnaf ziyareti s\u0131ras\u0131nda YSK\u2019n\u0131n il\u00e7e se\u00e7im kurulu ba\u015fkanlar\u0131 ile ilgili vermi\u015f oldu\u011fu karara y\u00f6nelik bas\u0131n mensuplar\u0131n\u0131n sorular\u0131n\u0131 yan\u0131tlayan AK Parti \u0130stanbul B\u00fcy\u00fck\u015fehir Belediye Ba\u015fkan Aday\u0131 Binali Y\u0131ld\u0131r\u0131m, \u201cBu karar fevkalade talihsiz bir karard\u0131r. \u00c7\u00fcnk\u00fc se\u00e7imin yenilenmesine YSK karar verirken bir\u00e7ok sebep sayd\u0131. Bunlardan bir tanesi de bu se\u00e7imdeki yolsuzlu\u011fa, usuls\u00fczl\u00fc\u011fe, yanl\u0131\u015flara sebep olan her kimse bunlar\u0131n hakk\u0131nda su\u00e7 duyurusunda bulunulmas\u0131n\u0131 karara ba\u011flad\u0131. Hal b\u00f6yleyken bir yandan sorumlu tuttu\u011fu, su\u00e7lad\u0131\u011f\u0131 insanlar\u0131 yap\u0131lacak bir se\u00e7imde tekrar se\u00e7imde g\u00f6rev yapabilir diye karar vermesi yap\u0131lacak se\u00e7imlere \u015fimdiden soru i\u015fareti olu\u015fturmu\u015ftur. AK Parti bu karara itiraz\u0131n\u0131 yapm\u0131\u015ft\u0131r. \u00dcmit ederim YSK bunu akl\u0131selim ile de\u011ferlendirir ve oy verecek milyonlarca vatanda\u015f\u0131n kafas\u0131n\u0131 kar\u0131\u015f\u0131kl\u0131\u011fa sebep olacak bu i\u015ften vazge\u00e7er&#8221; ifadelerini kulland\u0131.<\/p>\n","protected":false},"excerpt":{"rendered":"<p>AK PART\u0130 \u0130STANBUL B\u00dcY\u00dcK\u015eEH\u0130R BELED\u0130YE BA\u015eKAN ADAYI B\u0130NAL\u0130 YILDIRIM, K\u00dc\u00c7\u00dcK\u00c7EKMECE&#8217;DE ESNAF Z\u0130YARET\u0130NDE BULUNDU.<\/p>\n","protected":false},"author":1,"featured_media":165678,"comment_status":"closed","ping_status":"open","sticky":false,"template":"","format":"standard","meta":{"jetpack_post_was_ever_published":false,"_jetpack_newsletter_access":"","_jetpack_dont_email_post_to_subs":false,"_jetpack_newsletter_tier_id":0,"_jetpack_memberships_contains_paywalled_content":false,"_jetpack_memberships_contains_paid_content":false,"footnotes":"","jetpack_publicize_message":"","jetpack_publicize_feature_enabled":true,"jetpack_social_post_already_shared":true,"jetpack_social_options":{"image_generator_settings":{"template":"highway","default_image_id":0,"font":"","enabled":false},"version":2}},"categories":[1],"tags":[3333,12864,39466,12746,7006,5754,158,376],"class_list":["post-165677","post","type-post","status-publish","format-standard","has-post-thumbnail","hentry","category-genel","tag-binali","tag-isareti","tag-olusturmustur","tag-secimlere","tag-simdiden","tag-soru","tag-yapilacak","tag-yildirim"],"jetpack_publicize_connections":[],"jetpack_featured_media_url":"https:\/\/i0.wp.com\/www.tvturk.com\/wp-content\/uploads\/2019\/06\/binali-yildirim-yapilacak-secimlere-simdiden-soru-isareti-olusturmustur_67d6291.jpg?fit=1000%2C562","jetpack_sharing_enabled":true,"jetpack_shortlink":"https:\/\/wp.me\/paKIfm-H6d","_links":{"self":[{"href":"http:\/\/www.tvturk.com\/index.php\/wp-json\/wp\/v2\/posts\/165677","targetHints":{"allow":["GET"]}}],"collection":[{"href":"http:\/\/www.tvturk.com\/index.php\/wp-json\/wp\/v2\/posts"}],"about":[{"href":"http:\/\/www.tvturk.com\/index.php\/wp-json\/wp\/v2\/types\/post"}],"author":[{"embeddable":true,"href":"http:\/\/www.tvturk.com\/index.php\/wp-json\/wp\/v2\/users\/1"}],"replies":[{"embeddable":true,"href":"http:\/\/www.tvturk.com\/index.php\/wp-json\/wp\/v2\/comments?post=165677"}],"version-history":[{"count":0,"href":"http:\/\/www.tvturk.com\/index.php\/wp-json\/wp\/v2\/posts\/165677\/revisions"}],"wp:featuredmedia":[{"embeddable":true,"href":"http:\/\/www.tvturk.com\/index.php\/wp-json\/wp\/v2\/media\/165678"}],"wp:attachment":[{"href":"http:\/\/www.tvturk.com\/index.php\/wp-json\/wp\/v2\/media?parent=165677"}],"wp:term":[{"taxonomy":"category","embeddable":true,"href":"http:\/\/www.tvturk.com\/index.php\/wp-json\/wp\/v2\/categories?post=165677"},{"taxonomy":"post_tag","embeddable":true,"href":"http:\/\/www.tvturk.com\/index.php\/wp-json\/wp\/v2\/tags?post=165677"}],"curies":[{"name":"wp","href":"https:\/\/api.w.org\/{rel}","templated":true}]}}