{"id":165679,"date":"2019-06-03T18:41:33","date_gmt":"2019-06-03T15:41:33","guid":{"rendered":"http:\/\/www.tvturk.com\/index.php\/icisleri-bakani-soylu-ab-komiseri-avramopoulosu-kabul-etti\/"},"modified":"2019-06-03T18:41:33","modified_gmt":"2019-06-03T15:41:33","slug":"icisleri-bakani-soylu-ab-komiseri-avramopoulosu-kabul-etti","status":"publish","type":"post","link":"http:\/\/www.tvturk.com\/index.php\/icisleri-bakani-soylu-ab-komiseri-avramopoulosu-kabul-etti\/","title":{"rendered":"\u0130\u00e7i\u015fleri Bakan\u0131 Soylu, AB Komiseri Avramopoulos\u2019u kabul etti"},"content":{"rendered":"<p>G\u00f6\u00e7, \u0130\u00e7i\u015fleri ve Vatanda\u015fl\u0131ktan Sorumlu AB Komiseri Avramopoulos ile g\u00f6r\u00fc\u015fen \u0130\u00e7i\u015fleri Bakan\u0131 S\u00fcleyman Soylu, \u201cSadece Avrupa\u2019ya y\u00f6nelik bir d\u00fczensiz g\u00f6\u00e7\u00fc engelleyen bir giri\u015fim ortaya koymuyoruz. Ayn\u0131 zamanda gerek F\u0131rat Kalkan\u0131 Harekat\u0131 b\u00f6lgesinde gerek Zeytindal\u0131 Harekat\u0131 b\u00f6lgesinde huzuru olu\u015fturup oraya g\u00f6n\u00fcll\u00fc geri d\u00f6n\u00fc\u015fleri sa\u011fl\u0131yoruz. Bu rakam 331 bine geldi. Bu konuda belki \u00f6n\u00fcm\u00fczdeki g\u00fcnlerde yo\u011funla\u015facak g\u00f6\u00e7 dalgalar\u0131na kar\u015f\u0131 Avrupa ile i\u015fbirli\u011fi i\u00e7inde \u00e7al\u0131\u015fmam\u0131z ka\u00e7\u0131n\u0131lmazd\u0131r\u201d dedi.<\/p>\n<p>\u0130\u00e7i\u015fleri Bakan\u0131 S\u00fcleyman Soylu, G\u00f6\u00e7, \u0130\u00e7i\u015fleri ve Vatanda\u015fl\u0131ktan Sorumlu Avrupa Birli\u011fi (AB) Komiseri Dimitris Avramopoulos\u2019u kabul etti. \u0130stanbul Valili\u011fi\u2019nde ger\u00e7ekle\u015fen g\u00f6r\u00fc\u015fmeye, AB T\u00fcrkiye Delegasyonu Ba\u015fkan\u0131 B\u00fcy\u00fckel\u00e7i Christian Berger,  Sahil G\u00fcvenlik Komutan\u0131 Tu\u011famiral Ahmet Kendir, Edirne Valisi Ekrem Canalp, \u0130ller \u0130daresi Genel M\u00fcd\u00fcr\u00fc Ali \u00c7elik, G\u00f6\u00e7 \u0130daresi Genel M\u00fcd\u00fcr\u00fc Abdullah Ayaz ve AB D\u0131\u015fili\u015fkiler Daire Ba\u015fkan\u0131 Sava\u015f \u00dcnl\u00fc kat\u0131ld\u0131.<\/p>\n<p>Verimli bir toplant\u0131 olaca\u011f\u0131n\u0131 s\u00f6yleyen \u0130\u00e7i\u015fleri Bakan\u0131 S\u00fcleyman Soylu, \u201cGe\u00e7en s\u00fcre i\u00e7erisinde iyi bir i\u015fbirli\u011fi ortaya koymaya \u00e7al\u0131\u015f\u0131yoruz. \u00c7ok y\u00f6nl\u00fc bir d\u00fczensiz g\u00f6\u00e7 m\u00fccadelesi yap\u0131yoruz. Maalesef d\u00fcnyan\u0131n i\u00e7erisinde bulundu\u011fu durum bu g\u00f6\u00e7 m\u00fccadelesini daha da zorla\u015ft\u0131r\u0131yor. D\u00fcnyada geli\u015fen b\u00fct\u00fcn olumsuzluklar, co\u011frafyam\u0131zda, etraf\u0131m\u0131zda d\u00fczensiz g\u00f6\u00e7 olarak \u00fclkelerimize yans\u0131yor. Tabi ki bu m\u00fccadelemizi devam ettirece\u011fiz ama bu d\u00fczensiz g\u00f6\u00e7 vakalar\u0131n\u0131n d\u00fcnyada sona erebilmesi i\u00e7in \u00fclkelerdeki olumsuzluklar\u0131n sonland\u0131r\u0131lmas\u0131 gerekir. Bizim hem \u0130stanbul\u2019umuz g\u00fczel, hem co\u011frafyam\u0131z g\u00fczel. Muhakkak ki avantajlar\u0131m\u0131z var. Fakat d\u00fcnyan\u0131n en kritik ge\u00e7i\u015f b\u00f6lgesi olmas\u0131 da b\u00f6yle bir maliyet y\u00fckl\u00fcyor. Bunu \u00f6zellikle Avrupa\u2019n\u0131n \u00e7ok daha iyi anlamas\u0131n\u0131 bekliyoruz. \u00c7\u00fcnk\u00fc g\u00fcn ge\u00e7tik\u00e7e \u015fartlar daha da a\u011f\u0131rla\u015f\u0131yor\u201d dedi.<\/p>\n<p>\u201cAvrupa ile i\u015fbirli\u011fi i\u00e7inde \u00e7al\u0131\u015fmam\u0131z ka\u00e7\u0131n\u0131lmazd\u0131r\u201d<\/p>\n<p>T\u00fcrkiye\u2019nin g\u00f6\u00e7 konusunda ortaya koydu\u011fu ba\u015far\u0131l\u0131 i\u015flere vurgu yapan Bakan Soylu, \u201cT\u00fcrkiye \u00f6zellikle g\u00f6\u00e7 konusunda \u00e7ok ba\u015far\u0131l\u0131 i\u015fler ger\u00e7ekle\u015ftirdi ki siz de d\u00f6nem d\u00f6nem takdir edersiniz. \u0130yi de izliyorsunuz. Sadece Avrupa\u2019ya y\u00f6nelik bir d\u00fczensiz g\u00f6\u00e7\u00fc engelleyen bir giri\u015fim ortaya koymuyoruz. Ayn\u0131 zamanda gerek F\u0131rat Kalkan\u0131 Harekat\u0131 b\u00f6lgesinde gerek Zeytindal\u0131 Harekat\u0131 b\u00f6lgesinde huzuru olu\u015fturup oraya g\u00f6n\u00fcll\u00fc geri d\u00f6n\u00fc\u015fleri sa\u011fl\u0131yoruz. Bu rakam 331 bine geldi. Bu konuda belki \u00f6n\u00fcm\u00fczdeki g\u00fcnlerde yo\u011funla\u015facak g\u00f6\u00e7 dalgalar\u0131na kar\u015f\u0131 Avrupa ile i\u015fbirli\u011fi i\u00e7inde \u00e7al\u0131\u015fmam\u0131z ka\u00e7\u0131n\u0131lmazd\u0131r. Tabi tehlike kap\u0131y\u0131 \u00e7ald\u0131\u011f\u0131 zaman de\u011fil \u00e7almadan \u00f6nce gerekli tedbirleri almak en \u00f6nemlisidir\u201d diye konu\u015ftu.<\/p>\n<p>\u201cSahil G\u00fcvenlik gemilerimizin y\u00fczde 70\u2019i sadece g\u00f6\u00e7 ile m\u00fccadelede u\u011fra\u015fmaktad\u0131r\u201d<\/p>\n<p>Avrupa\u2019daki se\u00e7im s\u00fcrecinin sona erdi\u011fini hat\u0131rlatan Bakan Soylu, \u201cBiz bu bo\u015flu\u011fu doldurmalar\u0131n\u0131 bekliyoruz. \u00d6zellikle g\u00f6\u00e7 dalgas\u0131n\u0131n ba\u015flad\u0131\u011f\u0131 tarihlerden itibaren bizim g\u00f6\u00e7le m\u00fccadelemizdeki t\u00fcm rakamlar \u00f6nemli bir noktaya gelmi\u015ftir. \u00d6rne\u011fin; Sahil G\u00fcvenlik gemilerimizin y\u00fczde 70\u2019i sadece g\u00f6\u00e7 ile m\u00fccadele  u\u011fra\u015fmaktad\u0131r. Hem kara s\u0131n\u0131rlar\u0131m\u0131zda hem de sahillerimizde \u00e7ok y\u00fcksek yo\u011funlukla bir m\u00fccadele ger\u00e7ekle\u015fiyor. Avrupa\u2019n\u0131n T\u00fcrkiye\u2019ye g\u00f6\u00e7 konusunda biraz daha duyarl\u0131 olmas\u0131n\u0131, bu konuda i\u015f birli\u011fini biraz daha iyi bir noktaya ta\u015f\u0131mas\u0131n\u0131 bekliyoruz. Sizin bu konuda katk\u0131lar\u0131n\u0131z\u0131 da takdirle kar\u015f\u0131l\u0131yoruz. De\u011ferli b\u00fcy\u00fckel\u00e7iyle de burada iyi bir \u00e7al\u0131\u015fma ortaya koymaya \u00e7al\u0131\u015f\u0131yoruz\u201d \u015feklinde konu\u015ftu.<\/p>\n<p>\u201cBirlikte belirledi\u011fimiz ama\u00e7lara ula\u015fmak i\u00e7in deste\u011fim sizinle\u201d<\/p>\n<p>T\u00fcrkiye\u2019nin \u00e7ok b\u00fcy\u00fck say\u0131da m\u00fclteciyi misafir etti\u011fini hat\u0131rlatan Avramopoulos, \u201cAyn\u0131 zamanda g\u00fcvenlik alan\u0131nda da sizle y\u00fcr\u00fctt\u00fc\u011f\u00fcm\u00fcz i\u015f birli\u011fi i\u00e7in size te\u015fekk\u00fcrlerimi sunuyorum. Sizi bir kez daha temin etmek isterim ki benim t\u00fcm deste\u011fim sizinle. Birlikte belirledi\u011fimiz ama\u00e7lara ula\u015fmak i\u00e7in deste\u011fim sizinle. Bazen biraz zaman alabiliyor. \u00d6nemli olan kap\u0131lar\u0131n, o yolun a\u00e7\u0131k olmas\u0131. Bug\u00fcn de baz\u0131 meselelerimizi konu\u015fma f\u0131rsat\u0131 bulaca\u011f\u0131z. Ba\u015fta da s\u00f6yledi\u011fim gibi, yan\u0131m\u0131zda \u00e7ok iyi bir dostumuz oldu\u011funu ve b\u00f6lgedeki durumu \u00e7ok iyi anlayan bir dostumuz oldu\u011funu bilmek g\u00fczel. T\u00fcrkiye\u2019nin bu zorlu problemler kar\u015f\u0131s\u0131nda g\u00f6sterdi\u011fi bu hassasiyeti g\u00f6rmek de \u00e7ok g\u00fczel\u201d ifadelerini kulland\u0131.<\/p>\n","protected":false},"excerpt":{"rendered":"<p>G\u00d6\u00c7, \u0130\u00c7\u0130\u015eLER\u0130 VE VATANDA\u015eLIKTAN SORUMLU AB KOM\u0130SER\u0130 AVRAMOPOULOS \u0130LE G\u00d6R\u00dc\u015eEN \u0130\u00c7\u0130\u015eLER\u0130 BAKANI S\u00dcLEYMAN SOYLU, \u201cSADECE AVRUPA\u2019YA Y\u00d6NEL\u0130K B\u0130R D\u00dcZENS\u0130Z G\u00d6\u00c7\u00dc ENGELLEYEN B\u0130R G\u0130R\u0130\u015e\u0130M ORTAYA KOYMUYORUZ. AYNI ZAMANDA GEREK FIRAT KALKANI HAREKATI B\u00d6LGES\u0130NDE GEREK ZEYT\u0130NDALI HAREKATI B\u00d6LGES\u0130NDE HUZURU OLU\u015eTURUP ORAYA G\u00d6N\u00dcLL\u00dc GER\u0130 D\u00d6N\u00dc\u015eLER\u0130 SA\u011eLIYORUZ. BU RAKAM 331 B\u0130NE GELD\u0130. BU KONUDA BELK\u0130 \u00d6N\u00dcM\u00dcZDEK\u0130 G\u00dcNLERDE YO\u011eUNLA\u015eACAK G\u00d6\u00c7 DALGALARINA KAR\u015eI AVRUPA \u0130LE \u0130\u015eB\u0130RL\u0130\u011e\u0130 \u0130\u00c7\u0130NDE \u00c7ALI\u015eMAMIZ KA\u00c7INILMAZDIR\u201d DED\u0130.<\/p>\n","protected":false},"author":1,"featured_media":165680,"comment_status":"closed","ping_status":"open","sticky":false,"template":"","format":"standard","meta":{"jetpack_post_was_ever_published":false,"_jetpack_newsletter_access":"","_jetpack_dont_email_post_to_subs":false,"_jetpack_newsletter_tier_id":0,"_jetpack_memberships_contains_paywalled_content":false,"_jetpack_memberships_contains_paid_content":false,"footnotes":"","jetpack_publicize_message":"","jetpack_publicize_feature_enabled":true,"jetpack_social_post_already_shared":true,"jetpack_social_options":{"image_generator_settings":{"template":"highway","default_image_id":0,"font":"","enabled":false},"version":2}},"categories":[1],"tags":[39446,933,207,1914,654,19690,79],"class_list":["post-165679","post","type-post","status-publish","format-standard","has-post-thumbnail","hentry","category-genel","tag-avramopoulosu","tag-bakani","tag-etti","tag-icisleri","tag-kabul","tag-komiseri","tag-soylu"],"jetpack_publicize_connections":[],"jetpack_featured_media_url":"https:\/\/i0.wp.com\/www.tvturk.com\/wp-content\/uploads\/2019\/06\/icisleri-bakani-soylu-ab-komiseri-avramopoulosu-kabul-etti_c96e4c3.jpg?fit=1000%2C666","jetpack_sharing_enabled":true,"jetpack_shortlink":"https:\/\/wp.me\/paKIfm-H6f","_links":{"self":[{"href":"http:\/\/www.tvturk.com\/index.php\/wp-json\/wp\/v2\/posts\/165679","targetHints":{"allow":["GET"]}}],"collection":[{"href":"http:\/\/www.tvturk.com\/index.php\/wp-json\/wp\/v2\/posts"}],"about":[{"href":"http:\/\/www.tvturk.com\/index.php\/wp-json\/wp\/v2\/types\/post"}],"author":[{"embeddable":true,"href":"http:\/\/www.tvturk.com\/index.php\/wp-json\/wp\/v2\/users\/1"}],"replies":[{"embeddable":true,"href":"http:\/\/www.tvturk.com\/index.php\/wp-json\/wp\/v2\/comments?post=165679"}],"version-history":[{"count":0,"href":"http:\/\/www.tvturk.com\/index.php\/wp-json\/wp\/v2\/posts\/165679\/revisions"}],"wp:featuredmedia":[{"embeddable":true,"href":"http:\/\/www.tvturk.com\/index.php\/wp-json\/wp\/v2\/media\/165680"}],"wp:attachment":[{"href":"http:\/\/www.tvturk.com\/index.php\/wp-json\/wp\/v2\/media?parent=165679"}],"wp:term":[{"taxonomy":"category","embeddable":true,"href":"http:\/\/www.tvturk.com\/index.php\/wp-json\/wp\/v2\/categories?post=165679"},{"taxonomy":"post_tag","embeddable":true,"href":"http:\/\/www.tvturk.com\/index.php\/wp-json\/wp\/v2\/tags?post=165679"}],"curies":[{"name":"wp","href":"https:\/\/api.w.org\/{rel}","templated":true}]}}