{"id":165681,"date":"2019-06-03T19:19:04","date_gmt":"2019-06-03T16:19:04","guid":{"rendered":"http:\/\/www.tvturk.com\/index.php\/avusturyada-gecici-hukumet-yemin-etti\/"},"modified":"2019-06-03T19:19:04","modified_gmt":"2019-06-03T16:19:04","slug":"avusturyada-gecici-hukumet-yemin-etti","status":"publish","type":"post","link":"http:\/\/www.tvturk.com\/index.php\/avusturyada-gecici-hukumet-yemin-etti\/","title":{"rendered":"Avusturya\u2019da ge\u00e7ici h\u00fck\u00fcmet yemin etti"},"content":{"rendered":"<p>Avusturya\u2019da eski \u015eans\u00f6lye Sebastian Kurz ve h\u00fck\u00fcmetinin g\u00fcvenoyu alamamas\u0131n\u0131n ard\u0131ndan Cumhurba\u015fkan\u0131 Alexander Van der Bellen taraf\u0131ndan g\u00f6revlendirilen eski Anayasa Mahkemesi Ba\u015fkan\u0131 Dr. Brigitte Bierlein ve kabinesi yemin ederek g\u00f6reve ba\u015flad\u0131.<\/p>\n<p>Avusturya\u2019da erken se\u00e7imlerin yap\u0131laca\u011f\u0131 Eyl\u00fcl ay\u0131na kadar \u00fclkeyi y\u00f6netecek ge\u00e7ici h\u00fck\u00fcmet yemin ederek g\u00f6reve ba\u015flad\u0131. Avusturya\u2019da eski \u015eans\u00f6lye Sebastian Kurz ve h\u00fck\u00fcmetinin g\u00fcvenoyu alamamas\u0131n\u0131n ard\u0131ndan Cumhurba\u015fkan\u0131 Alexander Van der Bellen, eski Anayasa Mahkemesi Ba\u015fkan\u0131 Dr. Brigitte Bierlein\u2019e h\u00fck\u00fcmet kurma g\u00f6revi verdi. Bug\u00fcn d\u00fczenlenen t\u00f6rende Brigitte Bierlein liderli\u011findeki se\u00e7im h\u00fck\u00fcmeti yemin ederek g\u00f6reve ba\u015flad\u0131.<\/p>\n<p>Hofburg Saray\u0131\u2019nda d\u00fczenlenen, yemin t\u00f6reninde a\u00e7\u0131klamalarda bulunan Cumhurba\u015fkan\u0131 Bellen, \u00fclkedeki siyasi krize de\u011finerek anayasan\u0131n b\u00f6yle durumlara haz\u0131rl\u0131kl\u0131 olmas\u0131 sayesinde s\u0131k\u0131nt\u0131l\u0131 s\u00fcrecin g\u00fczel y\u00f6netildi\u011fini s\u00f6yledi.<\/p>\n","protected":false},"excerpt":{"rendered":"<p>CUMHURBA\u015eKANI ALEXANDER VAN DER BELLEN VE YEN\u0130 AVUSTURYA \u015eANS\u00d6LYES\u0130 DR. BR\u0130G\u0130TTE B\u0130ERLE\u0130N<\/p>\n","protected":false},"author":1,"featured_media":165682,"comment_status":"closed","ping_status":"open","sticky":false,"template":"","format":"standard","meta":{"jetpack_post_was_ever_published":false,"_jetpack_newsletter_access":"","_jetpack_dont_email_post_to_subs":false,"_jetpack_newsletter_tier_id":0,"_jetpack_memberships_contains_paywalled_content":false,"_jetpack_memberships_contains_paid_content":false,"footnotes":"","jetpack_publicize_message":"","jetpack_publicize_feature_enabled":true,"jetpack_social_post_already_shared":true,"jetpack_social_options":{"image_generator_settings":{"template":"highway","default_image_id":0,"font":"","enabled":false},"version":2}},"categories":[10],"tags":[28296,207,16706,3563,5575],"class_list":["post-165681","post","type-post","status-publish","format-standard","has-post-thumbnail","hentry","category-dunya","tag-avusturyada","tag-etti","tag-gecici","tag-hukumet","tag-yemin"],"jetpack_publicize_connections":[],"jetpack_featured_media_url":"https:\/\/i0.wp.com\/www.tvturk.com\/wp-content\/uploads\/2019\/06\/avusturyada-gecici-hukumet-yemin-etti_5079354.jpg?fit=1000%2C666","jetpack_sharing_enabled":true,"jetpack_shortlink":"https:\/\/wp.me\/paKIfm-H6h","_links":{"self":[{"href":"http:\/\/www.tvturk.com\/index.php\/wp-json\/wp\/v2\/posts\/165681","targetHints":{"allow":["GET"]}}],"collection":[{"href":"http:\/\/www.tvturk.com\/index.php\/wp-json\/wp\/v2\/posts"}],"about":[{"href":"http:\/\/www.tvturk.com\/index.php\/wp-json\/wp\/v2\/types\/post"}],"author":[{"embeddable":true,"href":"http:\/\/www.tvturk.com\/index.php\/wp-json\/wp\/v2\/users\/1"}],"replies":[{"embeddable":true,"href":"http:\/\/www.tvturk.com\/index.php\/wp-json\/wp\/v2\/comments?post=165681"}],"version-history":[{"count":0,"href":"http:\/\/www.tvturk.com\/index.php\/wp-json\/wp\/v2\/posts\/165681\/revisions"}],"wp:featuredmedia":[{"embeddable":true,"href":"http:\/\/www.tvturk.com\/index.php\/wp-json\/wp\/v2\/media\/165682"}],"wp:attachment":[{"href":"http:\/\/www.tvturk.com\/index.php\/wp-json\/wp\/v2\/media?parent=165681"}],"wp:term":[{"taxonomy":"category","embeddable":true,"href":"http:\/\/www.tvturk.com\/index.php\/wp-json\/wp\/v2\/categories?post=165681"},{"taxonomy":"post_tag","embeddable":true,"href":"http:\/\/www.tvturk.com\/index.php\/wp-json\/wp\/v2\/tags?post=165681"}],"curies":[{"name":"wp","href":"https:\/\/api.w.org\/{rel}","templated":true}]}}