{"id":165683,"date":"2019-06-03T19:41:33","date_gmt":"2019-06-03T16:41:33","guid":{"rendered":"http:\/\/www.tvturk.com\/index.php\/siirtte-koy-yolunda-heyelan-2\/"},"modified":"2019-06-03T19:41:33","modified_gmt":"2019-06-03T16:41:33","slug":"siirtte-koy-yolunda-heyelan-2","status":"publish","type":"post","link":"http:\/\/www.tvturk.com\/index.php\/siirtte-koy-yolunda-heyelan-2\/","title":{"rendered":"Siirt\u2019te k\u00f6y yolunda heyelan"},"content":{"rendered":"<p>Siirt\u2019in Eruh il\u00e7esine ba\u011fl\u0131 \u00c7etinkol k\u00f6y yolunda heyelan meydana geldi.<\/p>\n<p>Eruh il\u00e7esine ba\u011fl\u0131 \u00c7etinkol k\u00f6y yolunda heyelan meydana geldi. Heyelan\u0131n oldu\u011fu b\u00f6lgede k\u00f6y yollar\u0131 ula\u015f\u0131ma kapand\u0131. \u00c7etinkol k\u00f6y yolunda meydana gelen heyelan nedeniyle s\u00fcr\u00fcc\u00fcler yolda mahsur kald\u0131. Yolda mahsur kalan s\u00fcr\u00fcc\u00fcler yetkililerden yard\u0131m istedi. Siirt \u0130l \u00d6zel \u0130daresine ait i\u015f makinalar\u0131 \u00e7al\u0131\u015fma ba\u015flatt\u0131. 2 saat s\u00fcren \u00e7al\u0131\u015fma sonucu yol tekrardan ula\u015f\u0131ma a\u00e7\u0131ld\u0131.<\/p>\n","protected":false},"excerpt":{"rendered":"<p>S\u0130\u0130RT&#8217;TE K\u00d6Y YOLUNDA HEYELAN ARA\u00c7LAR MAHSUR KALDI<\/p>\n","protected":false},"author":1,"featured_media":165684,"comment_status":"closed","ping_status":"open","sticky":false,"template":"","format":"standard","meta":{"jetpack_post_was_ever_published":false,"_jetpack_newsletter_access":"","_jetpack_dont_email_post_to_subs":false,"_jetpack_newsletter_tier_id":0,"_jetpack_memberships_contains_paywalled_content":false,"_jetpack_memberships_contains_paid_content":false,"footnotes":"","jetpack_publicize_message":"","jetpack_publicize_feature_enabled":true,"jetpack_social_post_already_shared":true,"jetpack_social_options":{"image_generator_settings":{"template":"highway","default_image_id":0,"font":"","enabled":false},"version":2}},"categories":[1],"tags":[8768,1703,890,1464],"class_list":["post-165683","post","type-post","status-publish","format-standard","has-post-thumbnail","hentry","category-genel","tag-heyelan","tag-koy","tag-siirtte","tag-yolunda"],"jetpack_publicize_connections":[],"jetpack_featured_media_url":"https:\/\/i0.wp.com\/www.tvturk.com\/wp-content\/uploads\/2019\/06\/siirtte-koy-yolunda-heyelan_957f297.jpg?fit=1000%2C610","jetpack_sharing_enabled":true,"jetpack_shortlink":"https:\/\/wp.me\/paKIfm-H6j","_links":{"self":[{"href":"http:\/\/www.tvturk.com\/index.php\/wp-json\/wp\/v2\/posts\/165683","targetHints":{"allow":["GET"]}}],"collection":[{"href":"http:\/\/www.tvturk.com\/index.php\/wp-json\/wp\/v2\/posts"}],"about":[{"href":"http:\/\/www.tvturk.com\/index.php\/wp-json\/wp\/v2\/types\/post"}],"author":[{"embeddable":true,"href":"http:\/\/www.tvturk.com\/index.php\/wp-json\/wp\/v2\/users\/1"}],"replies":[{"embeddable":true,"href":"http:\/\/www.tvturk.com\/index.php\/wp-json\/wp\/v2\/comments?post=165683"}],"version-history":[{"count":0,"href":"http:\/\/www.tvturk.com\/index.php\/wp-json\/wp\/v2\/posts\/165683\/revisions"}],"wp:featuredmedia":[{"embeddable":true,"href":"http:\/\/www.tvturk.com\/index.php\/wp-json\/wp\/v2\/media\/165684"}],"wp:attachment":[{"href":"http:\/\/www.tvturk.com\/index.php\/wp-json\/wp\/v2\/media?parent=165683"}],"wp:term":[{"taxonomy":"category","embeddable":true,"href":"http:\/\/www.tvturk.com\/index.php\/wp-json\/wp\/v2\/categories?post=165683"},{"taxonomy":"post_tag","embeddable":true,"href":"http:\/\/www.tvturk.com\/index.php\/wp-json\/wp\/v2\/tags?post=165683"}],"curies":[{"name":"wp","href":"https:\/\/api.w.org\/{rel}","templated":true}]}}