{"id":165705,"date":"2019-06-04T01:18:56","date_gmt":"2019-06-03T22:18:56","guid":{"rendered":"http:\/\/www.tvturk.com\/index.php\/uzman-onbasinin-sehadet-haberi-adanadaki-ailesine-ulasti\/"},"modified":"2019-06-04T01:18:56","modified_gmt":"2019-06-03T22:18:56","slug":"uzman-onbasinin-sehadet-haberi-adanadaki-ailesine-ulasti","status":"publish","type":"post","link":"http:\/\/www.tvturk.com\/index.php\/uzman-onbasinin-sehadet-haberi-adanadaki-ailesine-ulasti\/","title":{"rendered":"Uzman Onba\u015f\u0131\u2019n\u0131n \u015fehadet haberi Adana\u2019daki ailesine ula\u015ft\u0131"},"content":{"rendered":"<p>Tunceli\u2019nin Ovac\u0131k \u0130l\u00e7esinde g\u00fcvenlik g\u00fc\u00e7leri ile PKK\u2019l\u0131lar aras\u0131nda \u00e7\u0131kan \u00e7at\u0131\u015fmada \u015fehit olan Uzman Onba\u015f\u0131 Eren Y\u00fccel\u2019in (28) \u015fehadet haberi Adana\u2019daki ailesine verildi.<\/p>\n<p>Tunceli\u2019nin Ovac\u0131k \u0130l\u00e7esinde g\u00fcvenlik g\u00fc\u00e7leri ile PKK\u2019l\u0131lar aras\u0131nda \u00e7\u0131kan \u00e7at\u0131\u015fmada Uzman Onba\u015f\u0131 Eren Y\u00fccel (28) hayat\u0131n\u0131 kaybetti. Seyhan \u0130l\u00e7esine ba\u011fl\u0131 Gazipa\u015fa Mahallesi\u2019nde bulunan \u015fehidin babaoca\u011f\u0131na ac\u0131 haber, askeri yetkililer taraf\u0131ndan verildi.  Baba Cabbar ile anne Sevtap Y\u00fccel ac\u0131 haberi al\u0131nca g\u00f6zya\u015flar\u0131na bo\u011fuldu. \u015eehidin babaevinin bulundu\u011fu soka\u011fa yetkililer taraf\u0131ndan T\u00fcrk bayraklar\u0131 as\u0131ld\u0131.<\/p>\n<p>Kabasakal mezarl\u0131\u011f\u0131nda cenaze t\u00f6renin ard\u0131ndan buraya defnedilece\u011fi \u00f6\u011frenildi.<\/p>\n","protected":false},"excerpt":{"rendered":"<p>TUNCEL\u0130&#8217;N\u0130N OVACIK \u0130L\u00c7ES\u0130NDE G\u00dcVENL\u0130K G\u00dc\u00c7LER\u0130 \u0130LE PKK&#8217;LILAR ARASINDA \u00c7IKAN \u00c7ATI\u015eMADA \u015eEH\u0130T OLAN UZMAN ONBA\u015eI EREN Y\u00dcCEL&#8217;\u0130N (28) \u015eEHADET HABER\u0130 ADANA&#8217;DAK\u0130 A\u0130LES\u0130NE VER\u0130LD\u0130.<\/p>\n","protected":false},"author":1,"featured_media":165706,"comment_status":"closed","ping_status":"open","sticky":false,"template":"","format":"standard","meta":{"jetpack_post_was_ever_published":false,"_jetpack_newsletter_access":"","_jetpack_dont_email_post_to_subs":false,"_jetpack_newsletter_tier_id":0,"_jetpack_memberships_contains_paywalled_content":false,"_jetpack_memberships_contains_paid_content":false,"footnotes":"","jetpack_publicize_message":"","jetpack_publicize_feature_enabled":true,"jetpack_social_post_already_shared":true,"jetpack_social_options":{"image_generator_settings":{"template":"highway","default_image_id":0,"font":"","enabled":false},"version":2}},"categories":[1],"tags":[8793,1213,19144,30330,32288,2574,2568],"class_list":["post-165705","post","type-post","status-publish","format-standard","has-post-thumbnail","hentry","category-genel","tag-adanadaki","tag-ailesine","tag-haberi","tag-onbasinin","tag-sehadet","tag-ulasti","tag-uzman"],"jetpack_publicize_connections":[],"jetpack_featured_media_url":"https:\/\/i0.wp.com\/www.tvturk.com\/wp-content\/uploads\/2019\/06\/uzman-onbasinin-sehadet-haberi-adanadaki-ailesine-ulasti_9411d64.jpg?fit=960%2C960","jetpack_sharing_enabled":true,"jetpack_shortlink":"https:\/\/wp.me\/paKIfm-H6F","_links":{"self":[{"href":"http:\/\/www.tvturk.com\/index.php\/wp-json\/wp\/v2\/posts\/165705","targetHints":{"allow":["GET"]}}],"collection":[{"href":"http:\/\/www.tvturk.com\/index.php\/wp-json\/wp\/v2\/posts"}],"about":[{"href":"http:\/\/www.tvturk.com\/index.php\/wp-json\/wp\/v2\/types\/post"}],"author":[{"embeddable":true,"href":"http:\/\/www.tvturk.com\/index.php\/wp-json\/wp\/v2\/users\/1"}],"replies":[{"embeddable":true,"href":"http:\/\/www.tvturk.com\/index.php\/wp-json\/wp\/v2\/comments?post=165705"}],"version-history":[{"count":0,"href":"http:\/\/www.tvturk.com\/index.php\/wp-json\/wp\/v2\/posts\/165705\/revisions"}],"wp:featuredmedia":[{"embeddable":true,"href":"http:\/\/www.tvturk.com\/index.php\/wp-json\/wp\/v2\/media\/165706"}],"wp:attachment":[{"href":"http:\/\/www.tvturk.com\/index.php\/wp-json\/wp\/v2\/media?parent=165705"}],"wp:term":[{"taxonomy":"category","embeddable":true,"href":"http:\/\/www.tvturk.com\/index.php\/wp-json\/wp\/v2\/categories?post=165705"},{"taxonomy":"post_tag","embeddable":true,"href":"http:\/\/www.tvturk.com\/index.php\/wp-json\/wp\/v2\/tags?post=165705"}],"curies":[{"name":"wp","href":"https:\/\/api.w.org\/{rel}","templated":true}]}}