{"id":165713,"date":"2019-06-04T08:08:03","date_gmt":"2019-06-04T05:08:03","guid":{"rendered":"http:\/\/www.tvturk.com\/index.php\/buyuk-camlica-camii-ilk-bayram-namazinda-havadan-goruntulendi\/"},"modified":"2019-06-04T08:08:03","modified_gmt":"2019-06-04T05:08:03","slug":"buyuk-camlica-camii-ilk-bayram-namazinda-havadan-goruntulendi","status":"publish","type":"post","link":"http:\/\/www.tvturk.com\/index.php\/buyuk-camlica-camii-ilk-bayram-namazinda-havadan-goruntulendi\/","title":{"rendered":"B\u00fcy\u00fck \u00c7aml\u0131ca Camii ilk bayram namaz\u0131nda havadan g\u00f6r\u00fcnt\u00fclendi"},"content":{"rendered":"<p>Bayram namaz\u0131n\u0131 k\u0131lmak i\u00e7in binlerce vatanda\u015f \u00c7aml\u0131ca Camii\u2019sine ak\u0131n etti. \u0130lk Bayram namaz\u0131n\u0131n k\u0131l\u0131nd\u0131\u011f\u0131 \u00c7aml\u0131ca Camii havadan g\u00f6r\u00fcnt\u00fcledi.<\/p>\n<p>Ramazan ay\u0131n\u0131 sona ermesiyle vatanda\u015flar bayram namaz\u0131n\u0131 k\u0131lmak i\u00e7in \u00c7aml\u0131ca Camii\u2019ne gitti. Binlerce vatanda\u015f\u0131n bayram namaz\u0131n\u0131 k\u0131lmak i\u00e7in tercih etti\u011fi \u00c7aml\u0131ca Camii havadan g\u00f6r\u00fcnt\u00fclendi. Camiinin avlusuna kadar ta\u015fan kalabal\u0131k g\u00f6r\u00fcl\u00fcrken ara\u00e7larda metrelerce trafik olu\u015fturdu. Cumhurba\u015fkan\u0131 Recep Tayyip Erdo\u011fan ile Diyanet \u0130\u015fleri Ba\u015fkan\u0131 Ali Erba\u015f\u2019ta bayram namaz\u0131n\u0131 k\u0131lmak i\u00e7in \u00c7aml\u0131ca Camii\u2019ne geldi.<\/p>\n","protected":false},"excerpt":{"rendered":"<p>B\u00dcY\u00dcK \u00c7AMLICA CAM\u0130\u0130 \u0130LK BAYRAM NAMAZINDA HAVADAN G\u00d6R\u00dcNT\u00dcLEND\u0130<\/p>\n","protected":false},"author":1,"featured_media":165714,"comment_status":"closed","ping_status":"open","sticky":false,"template":"","format":"standard","meta":{"jetpack_post_was_ever_published":false,"_jetpack_newsletter_access":"","_jetpack_dont_email_post_to_subs":false,"_jetpack_newsletter_tier_id":0,"_jetpack_memberships_contains_paywalled_content":false,"_jetpack_memberships_contains_paid_content":false,"footnotes":"","jetpack_publicize_message":"","jetpack_publicize_feature_enabled":true,"jetpack_social_post_already_shared":true,"jetpack_social_options":{"image_generator_settings":{"template":"highway","default_image_id":0,"font":"","enabled":false},"version":2}},"categories":[1],"tags":[23995,545,19937,21827,3388,3387,37,7635],"class_list":["post-165713","post","type-post","status-publish","format-standard","has-post-thumbnail","hentry","category-genel","tag-bayram","tag-buyuk","tag-camii","tag-camlica","tag-goruntulendi","tag-havadan","tag-ilk","tag-namazinda"],"jetpack_publicize_connections":[],"jetpack_featured_media_url":"https:\/\/i0.wp.com\/www.tvturk.com\/wp-content\/uploads\/2019\/06\/buyuk-camlica-camii-ilk-bayram-namazinda-havadan-goruntulendi_793a140.jpg?fit=1000%2C562","jetpack_sharing_enabled":true,"jetpack_shortlink":"https:\/\/wp.me\/paKIfm-H6N","_links":{"self":[{"href":"http:\/\/www.tvturk.com\/index.php\/wp-json\/wp\/v2\/posts\/165713","targetHints":{"allow":["GET"]}}],"collection":[{"href":"http:\/\/www.tvturk.com\/index.php\/wp-json\/wp\/v2\/posts"}],"about":[{"href":"http:\/\/www.tvturk.com\/index.php\/wp-json\/wp\/v2\/types\/post"}],"author":[{"embeddable":true,"href":"http:\/\/www.tvturk.com\/index.php\/wp-json\/wp\/v2\/users\/1"}],"replies":[{"embeddable":true,"href":"http:\/\/www.tvturk.com\/index.php\/wp-json\/wp\/v2\/comments?post=165713"}],"version-history":[{"count":0,"href":"http:\/\/www.tvturk.com\/index.php\/wp-json\/wp\/v2\/posts\/165713\/revisions"}],"wp:featuredmedia":[{"embeddable":true,"href":"http:\/\/www.tvturk.com\/index.php\/wp-json\/wp\/v2\/media\/165714"}],"wp:attachment":[{"href":"http:\/\/www.tvturk.com\/index.php\/wp-json\/wp\/v2\/media?parent=165713"}],"wp:term":[{"taxonomy":"category","embeddable":true,"href":"http:\/\/www.tvturk.com\/index.php\/wp-json\/wp\/v2\/categories?post=165713"},{"taxonomy":"post_tag","embeddable":true,"href":"http:\/\/www.tvturk.com\/index.php\/wp-json\/wp\/v2\/tags?post=165713"}],"curies":[{"name":"wp","href":"https:\/\/api.w.org\/{rel}","templated":true}]}}