{"id":165741,"date":"2019-06-04T09:09:56","date_gmt":"2019-06-04T06:09:56","guid":{"rendered":"http:\/\/www.tvturk.com\/index.php\/cumhurbaskani-erdogandan-ysknin-ilce-secim-kurullariyla-ilgili-kararini-degerlendirdi-biz-butun-bunlara-karsi-tedbiren-parti-olarak-yskya-bu-konuda-itirazi-kaydimiz-dustu\/"},"modified":"2019-06-04T09:09:56","modified_gmt":"2019-06-04T06:09:56","slug":"cumhurbaskani-erdogandan-ysknin-ilce-secim-kurullariyla-ilgili-kararini-degerlendirdi-biz-butun-bunlara-karsi-tedbiren-parti-olarak-yskya-bu-konuda-itirazi-kaydimiz-dustu","status":"publish","type":"post","link":"http:\/\/www.tvturk.com\/index.php\/cumhurbaskani-erdogandan-ysknin-ilce-secim-kurullariyla-ilgili-kararini-degerlendirdi-biz-butun-bunlara-karsi-tedbiren-parti-olarak-yskya-bu-konuda-itirazi-kaydimiz-dustu\/","title":{"rendered":"Cumhurba\u015fkan\u0131 Erdo\u011fan\u2019dan YSK\u2019n\u0131n il\u00e7e se\u00e7im kurullar\u0131yla ilgili karar\u0131n\u0131 de\u011ferlendirdi: &#8220;Biz b\u00fct\u00fcn bunlara kar\u015f\u0131 tedbiren parti olarak YSK\u2019ya bu konuda itirazi kayd\u0131m\u0131z d\u00fc\u015ft\u00fck&#8221;"},"content":{"rendered":"<p>Cumhurba\u015fkan\u0131 Recep Tayyip Erdo\u011fan, B\u00fcy\u00fck \u00c7aml\u0131ca Camisi\u2019nde bayram namaz\u0131n\u0131 k\u0131ld\u0131ktan sonra yapt\u0131\u011f\u0131 a\u00e7\u0131klamada, YSK\u2019n\u0131n il\u00e7e se\u00e7im kurullar\u0131yla ilgili karar\u0131n\u0131 de\u011ferlendirerek, &#8220;Biz b\u00fct\u00fcn bunlara kar\u015f\u0131 tedbiren parti olarak YSK\u2019ya bu konuda itirazi kayd\u0131m\u0131z d\u00fc\u015ft\u00fck&#8221; dedi. S-400 anla\u015fmas\u0131 konusunda geri ad\u0131m atman\u0131n s\u00f6z konusu olmad\u0131\u011f\u0131n\u0131 s\u00f6yleyen Cumhurba\u015fkan\u0131 Erdo\u011fan, &#8220;Amerika\u2019n\u0131n ter\u00f6r \u00f6rg\u00fctlerine verdi\u011fi silah deste\u011fi \u00fcz\u00fcnt\u00fc verici&#8221; diye konu\u015ftu.<\/p>\n<p>Cumhurba\u015fkan\u0131 Recep Tayyip Erdo\u011fan, bayram namaz\u0131n\u0131 B\u00fcy\u00fck \u00c7aml\u0131ca Camisi\u2019nde k\u0131ld\u0131. Namaz\u0131n ard\u0131ndan vatanda\u015flarla bayramla\u015fan Cumhurba\u015fkan\u0131 Erdo\u011fan, ard\u0131ndan bas\u0131n mensuplar\u0131na a\u00e7\u0131klamalarda bulundu.<\/p>\n<p>Ramazan bayram\u0131n\u0131 tebrik eden Cumhurba\u015fkan\u0131 Erdo\u011fan, &#8220;\u0130nsanl\u0131\u011f\u0131n birli\u011fine , beraberli\u011fine, vesile olmas\u0131n\u0131 diliyorum. \u00c7ok farkl\u0131 d\u00f6nemde bayram\u0131m\u0131z kutlad\u0131k. T\u00fcm temennimiz \u00fclkemizin birli\u011finin, beraberli\u011finin, daim olmas\u0131. \u0130\u00e7i\u015fleri Bakan\u0131m\u0131z Kato Da\u011f\u0131\u2019nda jandarma genel komutan\u0131m\u0131zla beraber. Telefon g\u00f6r\u00fc\u015fmesi yapt\u0131m. Pen\u00e7e Harekat\u0131\u2019n\u0131 y\u00fcr\u00fctmek \u00fczere savunma bakan\u0131m\u0131z, kuvvet komutanlar\u0131m\u0131z s\u0131n\u0131r boylar\u0131nda. Onlarla ayn\u0131 ayn\u0131 \u015fekilde telefonda g\u00f6r\u00fc\u015fme yapt\u0131k. Pen\u00e7e Harekat\u0131 devam ediyor. En ufak bir sapma yok. Kararl\u0131 bir \u015fekilde ediyor. Sonland\u0131rana kadar da devam edecek&#8221; dedi.<\/p>\n<p>YSK\u2019nin il\u00e7e se\u00e7im kurullar\u0131 ile ilgili karar\u0131n\u0131n de\u011ferlendiren Cumhurba\u015fkan\u0131 Erdo\u011fan, &#8220;Yanl\u0131\u015f anla\u015f\u0131lma var. Netle\u015fmi\u015f de\u011fil. Biz b\u00fct\u00fcn bunlara kar\u015f\u0131 tedbiren parti olarak YSK\u2019ya bu konuda itirazi kayd\u0131m\u0131z d\u00fc\u015ft\u00fcr. Baz\u0131lar bunu sand\u0131k kurulu olarak ifade ediyor. Sand\u0131k kuruluyla alakas\u0131 yok. Se\u00e7im kuruluyla b\u00f6yle bir \u015fey s\u00f6z konusu. YSK\u2019da karar verecek. Burada \u015f\u00f6yle bir incelik var. Hakimlerle ilgili karar mercii YSK de\u011fil. Hakimlerle ilgili karar\u0131 HSK verir. T\u00fcm bunlarla beraber b\u00f6yle bir s\u00fcre\u00e7te bu t\u00fcr ad\u0131mlar\u0131n at\u0131lmas\u0131 da her t\u00fcrl\u00fc \u015f\u00fcpheye vesile eder &#8221; \u015feklinde konu\u015ftu.<\/p>\n<p>ABD Ba\u015fkan\u0131 Trump\u2019\u0131n \u0130dlib\u2019de bombard\u0131man\u0131 durdurma \u00e7a\u011fr\u0131s\u0131na da de\u011finen Cumhurba\u015fkan\u0131 Erdo\u011fan, &#8220;Putin ile bu konuyu g\u00f6r\u00fc\u015ft\u00fck. Trump ile de g\u00f6r\u00fc\u015ft\u00fck .Suriye, \u0130dlib , M\u00fcnbi\u00e7 , F\u0131rat\u2019\u0131n do\u011fusu o koridorla alakas\u0131 olan b\u00fct\u00fcn \u00fclkelerle g\u00f6r\u00fc\u015fmeye devam ediyoruz. Bu konudaki hassasiyetimiz , kararl\u0131l\u0131\u011f\u0131m\u0131z aynen devam edecektir. Trump\u2019\u0131n \u0130ngiltere seyahati var. Herhangi bir durumda yine kendisiyle g\u00f6r\u00fc\u015f\u00fcr\u00fcz. Varil bombalar\u0131yla falan yap\u0131lan sald\u0131r\u0131lar, siviller \u00fczerinde \u00fcz\u00fcnt\u00fc verici. Bundan bir an \u00f6nce s\u0131yr\u0131lmak gayreti i\u00e7erisindeyiz. Oradaki \u00f6rg\u00fctler konusunda hassasiyetimiz istihbarat \u00f6rg\u00fct\u00fcm\u00fcz vas\u0131tas\u0131yla devam ediyor.  Dileriz ki bir an \u00f6nce sukut sa\u011flans\u0131n&#8221; dedi.<\/p>\n<p>S-400\u2019ler ile ilgili soruya Cumhurba\u015fkan\u0131 Erdo\u011fan, &#8220;S- 400 konusunda bizim att\u0131\u011f\u0131m\u0131z bir ad\u0131m var, anla\u015fma var. Kararl\u0131l\u0131\u011f\u0131m\u0131z var. Geri ad\u0131m atmak gibi bir \u015fey s\u00f6z konusu de\u011fil. Amerika\u2019ya kar\u015f\u0131 teklifimiz yapt\u0131k. Heyetler olu\u015fturulsun, \u00e7al\u0131\u015fma yaps\u0131n diye. Bize en az Rusya kadar olumlu bir teklif gelirse Patriotlar konusunda ad\u0131m atabiliriz. Fakat Patriot ile ilgili Amerika taraf\u0131ndan olumlu kar\u015f\u0131 teklif gelmedi. . Uluslararas\u0131 ticarette kazan kazan esas\u0131 her \u00fclkenin menfaatinin gere\u011fidir . Bu olmad\u0131\u011f\u0131 takdirde almaya ne mecburuz ne mahkumuz. Amerika nas\u0131l kendi menfaatine g\u00f6re hassas hareket ediyorsa, biz de T\u00fcrkiye olarak menfaatimizi d\u00fc\u015f\u00fcnerek ad\u0131m ataca\u011f\u0131z. NATO \u00e7er\u00e7evesinde Amerika ile stratejik orta\u011f\u0131z. Amerika\u2019n\u0131n ter\u00f6r \u00f6rg\u00fctlerine verdi\u011fi silah m\u00fchimmat deste\u011fi \u00fcz\u00fcnt\u00fc vericidir. Bunlar az rakamlar de\u011fil. Biz param\u0131zla istedi\u011fimiz halde alam\u0131yoruz. Bunlar d\u00fc\u015f\u00fcnd\u00fcr\u00fcc\u00fc. Zaman\u0131n bizi hakl\u0131 \u00e7\u0131karaca\u011f\u0131na inan\u0131yoruz&#8221; ifadelerini kulland\u0131.<\/p>\n<p>Cumhurba\u015fkan\u0131 Erdo\u011fan, genelde \u0130stanbul\u2019da olaca\u011f\u0131n\u0131 s\u00f6yleyerek bas\u0131n mensuplar\u0131yla \u015fakala\u015ft\u0131. Bu s\u0131rada gazeteciler Cumhurba\u015fkan\u0131 Erdo\u011fan\u2019a selfie \u00e7ekilmek istediklerini s\u00f6yleyince Cumhurba\u015fkan\u0131 Erdo\u011fan, &#8220;Selfie de\u011fil \u00f6z \u00e7ekim&#8221; diyerek bas\u0131n mensuplar\u0131n\u0131n bu iste\u011fini geri \u00e7evirmedi.<\/p>\n","protected":false},"excerpt":{"rendered":"<p>CUMHURBA\u015eKANI RECEP TAYY\u0130P ERDO\u011eAN, BAYRAM NAMAZINI B\u00dcY\u00dcK \u00c7AMLICA CAM\u0130S\u0130&#8217;NDE KILDI. NAMAZIN ARDINDAN VATANDA\u015eLARLA BAYRAMLA\u015eAN CUMHURBA\u015eKANI ERDO\u011eAN, ARDINDAN BASIN MENSUPLARINA A\u00c7IKLAMALARDA BULUNDU.<\/p>\n","protected":false},"author":1,"featured_media":165742,"comment_status":"closed","ping_status":"open","sticky":false,"template":"","format":"standard","meta":{"jetpack_post_was_ever_published":false,"_jetpack_newsletter_access":"","_jetpack_dont_email_post_to_subs":false,"_jetpack_newsletter_tier_id":0,"_jetpack_memberships_contains_paywalled_content":false,"_jetpack_memberships_contains_paid_content":false,"footnotes":"","jetpack_publicize_message":"","jetpack_publicize_feature_enabled":true,"jetpack_social_post_already_shared":true,"jetpack_social_options":{"image_generator_settings":{"template":"highway","default_image_id":0,"font":"","enabled":false},"version":2}},"categories":[1],"tags":[1322,21975,1866,503,3221,39483,11926,511,3012,26461,12619,2541,39482,28960,39480,5030,510,402,39481,39479,19165],"class_list":["post-165741","post","type-post","status-publish","format-standard","has-post-thumbnail","hentry","category-genel","tag-biz","tag-bunlara","tag-butun","tag-cumhurbaskani","tag-degerlendirdi","tag-dustuk","tag-erdogandan","tag-ilce","tag-ilgili","tag-itirazi","tag-kararini","tag-karsi","tag-kaydimiz","tag-konuda","tag-kurullariyla","tag-olarak","tag-parti","tag-secim","tag-tedbiren","tag-ysknin","tag-yskya"],"jetpack_publicize_connections":[],"jetpack_featured_media_url":"https:\/\/i0.wp.com\/www.tvturk.com\/wp-content\/uploads\/2019\/06\/cumhurbaskani-erdogandan-ysknin-ilce-secim-kurullariyla-ilgili-kararini-degerlendirdi-biz-butun-bunlara-karsi-tedbiren-parti-olarak-yskya-bu-konuda-itirazi-kaydimiz-dustuk_31121c2.jpg?fit=1000%2C770","jetpack_sharing_enabled":true,"jetpack_shortlink":"https:\/\/wp.me\/paKIfm-H7f","_links":{"self":[{"href":"http:\/\/www.tvturk.com\/index.php\/wp-json\/wp\/v2\/posts\/165741","targetHints":{"allow":["GET"]}}],"collection":[{"href":"http:\/\/www.tvturk.com\/index.php\/wp-json\/wp\/v2\/posts"}],"about":[{"href":"http:\/\/www.tvturk.com\/index.php\/wp-json\/wp\/v2\/types\/post"}],"author":[{"embeddable":true,"href":"http:\/\/www.tvturk.com\/index.php\/wp-json\/wp\/v2\/users\/1"}],"replies":[{"embeddable":true,"href":"http:\/\/www.tvturk.com\/index.php\/wp-json\/wp\/v2\/comments?post=165741"}],"version-history":[{"count":0,"href":"http:\/\/www.tvturk.com\/index.php\/wp-json\/wp\/v2\/posts\/165741\/revisions"}],"wp:featuredmedia":[{"embeddable":true,"href":"http:\/\/www.tvturk.com\/index.php\/wp-json\/wp\/v2\/media\/165742"}],"wp:attachment":[{"href":"http:\/\/www.tvturk.com\/index.php\/wp-json\/wp\/v2\/media?parent=165741"}],"wp:term":[{"taxonomy":"category","embeddable":true,"href":"http:\/\/www.tvturk.com\/index.php\/wp-json\/wp\/v2\/categories?post=165741"},{"taxonomy":"post_tag","embeddable":true,"href":"http:\/\/www.tvturk.com\/index.php\/wp-json\/wp\/v2\/tags?post=165741"}],"curies":[{"name":"wp","href":"https:\/\/api.w.org\/{rel}","templated":true}]}}