{"id":165751,"date":"2019-06-04T09:40:03","date_gmt":"2019-06-04T06:40:03","guid":{"rendered":"http:\/\/www.tvturk.com\/index.php\/uzun-tatil-davulculari-da-vurdu\/"},"modified":"2019-06-04T09:40:03","modified_gmt":"2019-06-04T06:40:03","slug":"uzun-tatil-davulculari-da-vurdu","status":"publish","type":"post","link":"http:\/\/www.tvturk.com\/index.php\/uzun-tatil-davulculari-da-vurdu\/","title":{"rendered":"Uzun tatil davulcular\u0131 da vurdu"},"content":{"rendered":"<p>Ramazan gelene\u011fi olan davulcular\u0131 9 g\u00fcnl\u00fck bayram tatili vurdu. Ramazan ay\u0131n\u0131n sona ermesiyle bayram\u0131n ilk g\u00fcn\u00fc bah\u015fi\u015f toplamaya \u00e7\u0131kan davulcular, tatile \u00e7\u0131kanlar nedeniyle elleri bo\u015f kald\u0131.<\/p>\n<p>11 ay\u0131n sultan\u0131 Ramazan ay\u0131n\u0131n vazge\u00e7ilmezi olan Ramazan davulcular\u0131 gelene\u011fi ya\u015fatmak i\u00e7in Ramazan ay\u0131 boyunca tokmak sallayarak, sahurda insanlar\u0131 uyand\u0131rd\u0131lar. Ancak Ramazan Bayram\u0131 tatilinin 9 g\u00fcn olmas\u0131 nedeniyle bayram tatiline erken \u00e7\u0131kan tatilciler, gelenekleri ya\u015fatmaya \u00e7al\u0131\u015fan davulcular\u0131 vurdu.<\/p>\n<p>Tatile \u00e7\u0131kan vatanda\u015flar\u0131 evlerinde bulamayan davulcular, elleri bo\u015f d\u00f6n\u00fcyor. Ramazan davulcular\u0131, ilahi ve maniler s\u00f6yleyerek \u00e7ald\u0131klar\u0131 kap\u0131larda kimseler olmad\u0131\u011f\u0131 i\u00e7in elleri bo\u015f kal\u0131yor.<\/p>\n<p>Ramazan davulcular\u0131, \u201c9 G\u00fcnl\u00fck tatil bizi vurdu. Evler bo\u015f oldu\u011fu i\u00e7in kimseden bah\u015fi\u015f alam\u0131yoruz\u201d dedi.<\/p>\n","protected":false},"excerpt":{"rendered":"<p>RAMAZAN GELENE\u011e\u0130 OLAN DAVULCULARI 9 G\u00dcNL\u00dcK BAYRAM TAT\u0130L\u0130 VURDU. RAMAZAN AYININ SONA ERMES\u0130YLE BAYRAMIN \u0130LK G\u00dcN\u00dc BAH\u015e\u0130\u015e TOPLAMAYA \u00c7IKAN DAVULCULAR, TAT\u0130LE \u00c7IKANLAR NEDEN\u0130YLE ELLER\u0130 BO\u015e KALDI.<\/p>\n","protected":false},"author":1,"featured_media":165752,"comment_status":"closed","ping_status":"open","sticky":false,"template":"","format":"standard","meta":{"jetpack_post_was_ever_published":false,"_jetpack_newsletter_access":"","_jetpack_dont_email_post_to_subs":false,"_jetpack_newsletter_tier_id":0,"_jetpack_memberships_contains_paywalled_content":false,"_jetpack_memberships_contains_paid_content":false,"footnotes":"","jetpack_publicize_message":"","jetpack_publicize_feature_enabled":true,"jetpack_social_post_already_shared":true,"jetpack_social_options":{"image_generator_settings":{"template":"highway","default_image_id":0,"font":"","enabled":false},"version":2}},"categories":[1],"tags":[34623,3575,482,2180],"class_list":["post-165751","post","type-post","status-publish","format-standard","has-post-thumbnail","hentry","category-genel","tag-davulculari","tag-tatil","tag-uzun","tag-vurdu"],"jetpack_publicize_connections":[],"jetpack_featured_media_url":"https:\/\/i0.wp.com\/www.tvturk.com\/wp-content\/uploads\/2019\/06\/uzun-tatil-davulculari-da-vurdu_8e327dc.jpg?fit=1000%2C562","jetpack_sharing_enabled":true,"jetpack_shortlink":"https:\/\/wp.me\/paKIfm-H7p","_links":{"self":[{"href":"http:\/\/www.tvturk.com\/index.php\/wp-json\/wp\/v2\/posts\/165751","targetHints":{"allow":["GET"]}}],"collection":[{"href":"http:\/\/www.tvturk.com\/index.php\/wp-json\/wp\/v2\/posts"}],"about":[{"href":"http:\/\/www.tvturk.com\/index.php\/wp-json\/wp\/v2\/types\/post"}],"author":[{"embeddable":true,"href":"http:\/\/www.tvturk.com\/index.php\/wp-json\/wp\/v2\/users\/1"}],"replies":[{"embeddable":true,"href":"http:\/\/www.tvturk.com\/index.php\/wp-json\/wp\/v2\/comments?post=165751"}],"version-history":[{"count":0,"href":"http:\/\/www.tvturk.com\/index.php\/wp-json\/wp\/v2\/posts\/165751\/revisions"}],"wp:featuredmedia":[{"embeddable":true,"href":"http:\/\/www.tvturk.com\/index.php\/wp-json\/wp\/v2\/media\/165752"}],"wp:attachment":[{"href":"http:\/\/www.tvturk.com\/index.php\/wp-json\/wp\/v2\/media?parent=165751"}],"wp:term":[{"taxonomy":"category","embeddable":true,"href":"http:\/\/www.tvturk.com\/index.php\/wp-json\/wp\/v2\/categories?post=165751"},{"taxonomy":"post_tag","embeddable":true,"href":"http:\/\/www.tvturk.com\/index.php\/wp-json\/wp\/v2\/tags?post=165751"}],"curies":[{"name":"wp","href":"https:\/\/api.w.org\/{rel}","templated":true}]}}