{"id":165753,"date":"2019-06-04T09:40:07","date_gmt":"2019-06-04T06:40:07","guid":{"rendered":"http:\/\/www.tvturk.com\/index.php\/antalyada-yoruklerin-yayla-gocu-basladi\/"},"modified":"2019-06-04T09:40:07","modified_gmt":"2019-06-04T06:40:07","slug":"antalyada-yoruklerin-yayla-gocu-basladi","status":"publish","type":"post","link":"http:\/\/www.tvturk.com\/index.php\/antalyada-yoruklerin-yayla-gocu-basladi\/","title":{"rendered":"Antalya\u2019da Y\u00f6r\u00fcklerin yayla g\u00f6\u00e7\u00fc ba\u015flad\u0131"},"content":{"rendered":"<p>Antalya\u2019n\u0131n Akseki, Manavgat, G\u00fcndo\u011fmu\u015f ve Alanya  il\u00e7elerinde ya\u015fayan Y\u00f6r\u00fckler, havalar\u0131n \u0131s\u0131nmas\u0131yla daha so\u011fuk olan Akseki\u2019nin G\u00f6ktepe, G\u00fcndo\u011fmu\u015f\u2019un E\u011fri G\u00f6l, Alanya\u2019n\u0131n S\u00f6b\u00fc\u00e7imen Yaylalar\u0131na yerle\u015fmeye ba\u015flad\u0131. Akseki, Manavgat, G\u00fcndo\u011fmu\u015f ve Alanya il\u00e7elerinde hayvanc\u0131l\u0131k d\u0131\u015f\u0131nda ge\u00e7im kaynaklar\u0131 bulunmayan Y\u00f6r\u00fckler, havalar\u0131n \u0131s\u0131nmas\u0131 \u00fczerine daha serin olan yaylalar\u0131n yolunu tuttu.<\/p>\n<p>Yaz mevsimini Akseki\u2019nin 2 bin 200 rak\u0131ml\u0131 G\u00f6ktepe ve G\u00fcndo\u011fmu\u015f il\u00e7esinin 2 bin 50 metre rak\u0131ml\u0131 E\u011frig\u00f6l ve Alanya\u2019n\u0131n 2 bin 200 metre rak\u0131ml\u0131 S\u00f6b\u00fc\u00e7imen Yaylalar\u0131nda ge\u00e7irecek Y\u00f6r\u00fckler, geli\u015fen teknolojiye ba\u011fl\u0131 olarak at ve deve s\u0131rt\u0131nda de\u011fil, motorlu ara\u00e7larla g\u00f6\u00e7 ediyor.<\/p>\n<p>Un, bulgur, tuz, kazan, tencere, yay\u0131k, be\u015fik, yatak ve yorganlar\u0131n\u0131 kamyonet, kamyon, trakt\u00f6r ve otomobil gibi \u00e7e\u015fitli ara\u00e7larla ta\u015f\u0131yan Y\u00f6r\u00fcklerin ana ge\u00e7im kayna\u011f\u0131 olan ke\u00e7iler ise \u00e7obanlar taraf\u0131ndan otlat\u0131larak g\u00f6t\u00fcr\u00fcl\u00fcp getiriliyor. Baz\u0131 Y\u00f6r\u00fckler ise hayvanlar\u0131n\u0131 kamyonlara y\u00fckleyerek yaylalar\u0131na getiriyorlar.<\/p>\n<p>Manavgat il\u00e7esinin Namaras (\u00c7aml\u0131bel) Mahallesi\u2019nden yaylaya \u00e7\u0131kan 56 ya\u015f\u0131ndaki Ahmet G\u00fcnd\u00fcz, \u00e7ocuklu\u011funden beri hayvanc\u0131l\u0131kla u\u011fra\u015ft\u0131\u011f\u0131n\u0131, hayvanc\u0131l\u0131k mesle\u011finin atalar\u0131ndan kalan bir meslek oldu\u011funu s\u00f6yledi. Sahilde havalar \u0131s\u0131nd\u0131\u011f\u0131nda hayvanlar\u0131n durmad\u0131\u011f\u0131n\u0131 anlatan G\u00fcnd\u00fcz, &#8220;Hayvanc\u0131l\u0131k bize dededen kalmad\u0131r. Dedelerimiz y\u0131llarca bu yaylalara \u00e7\u0131km\u0131\u015f. O zamandan beri bu yaylalara \u00e7\u0131k\u0131yoruz. Hayvanlar\u0131m\u0131z\u0131 eskiden kara yolundan yaya olarak getiriyorduk. \u015eimdi trafi\u011fin engellememek i\u00e7in hayvanlar\u0131m\u0131z\u0131 kamyonlarla getiriyoruz. Bu mevsimde sahiller \u0131s\u0131nd\u0131\u011f\u0131ndan Toros Da\u011flar\u0131na, Yaylalara \u00e7\u0131kmak zorunday\u0131z. Burada Eyl\u00fcl ay\u0131 sonuna kadar kal\u0131p, tekrar sahile d\u00f6n\u00fcyoruz&#8221; dedi.<\/p>\n<p>Kar nedeni ile bu y\u0131l ge\u00e7 \u00e7\u0131kt\u0131lar<\/p>\n<p>Bu y\u0131l fazla kar  ya\u011fmas\u0131ndan dolay\u0131 yaylaya 15 g\u00fcn ge\u00e7 \u00e7\u0131kt\u0131klar\u0131n\u0131 anlatan G\u00fcnd\u00fcz, &#8220;Eskiden G\u00f6ktepe, uzunlar yaylas\u0131na bundan 15 g\u00fcn \u00f6nce \u00e7\u0131kard\u0131k. Hayvanlar\u0131m\u0131zdan elde etti\u011fimiz ya\u011f ve peynirleri kar obruklar\u0131nda sakl\u0131yoruz. G\u00f6\u00e7 zaman\u0131 buzhanelere koyuyoruz ve daha sonra ise pazarl\u0131yoruz. Bizim burada hayvanlar\u0131m\u0131z do\u011fal ortamda beslenir. Peyniri ve ya\u011f\u0131 olduk\u00e7a lezzetlidir&#8221; diye konu\u015ftu.<\/p>\n<p>Manavgat il\u00e7esi Gebece Mahallesi\u2019nde ya\u015fayan Duran Topa\u00e7a (67) ise hayvanc\u0131l\u0131k mesle\u011finin atalar\u0131ndan kald\u0131\u011f\u0131n\u0131 s\u00f6yledi. Hayvanlar\u0131n\u0131 yaylaya \u00e7\u0131kararak obalar\u0131na yerle\u015ftiklerini anlatan Topa\u00e7a, &#8220;Her y\u0131l may\u0131s ay\u0131 sonlar\u0131nda, hayvanlar\u0131m\u0131zla beraber Akseki\u2019nin Yarpuz Mahallesi yak\u0131nlar\u0131ndaki Kakl\u0131kta\u015f Yaylas\u0131\u2019na \u00e7\u0131k\u0131yoruz. \u015eu an obalar\u0131m\u0131za yerle\u015ftik, Eyl\u00fcl ay\u0131 sonunda, kas\u0131m ay\u0131 ba\u015flar\u0131nda ise tekrar k\u00f6y\u00fcm\u00fcze d\u00f6nece\u011fiz&#8221; diye konu\u015ftu.<\/p>\n<p>Topa\u00e7a, ke\u00e7ilerin s\u00fct\u00fcnden yo\u011furt ve peynir yapt\u0131klar\u0131n\u0131 dile getirerek, bunlar\u0131 yaylaya kadar gelen \u00f6zel m\u00fc\u015fterilere satt\u0131klar\u0131n\u0131 belirtti.<\/p>\n<p>Eyl\u00fcl sonuna kadar yaylada kalacaklar<\/p>\n<p>Manavgat\u2019\u0131n Uzunlar mahallesinden yaylaya \u00e7\u0131kan Abdi Sezen, Toros Da\u011flar\u0131nda koyunlar\u0131n\u0131 otlatmak i\u00e7in \u00e7\u0131kt\u0131klar\u0131n\u0131 ve obalarda kald\u0131klar\u0131n\u0131 s\u00f6yledi. Devaml\u0131 olarak yaylalara \u00e7\u0131kt\u0131klar\u0131n\u0131 ifade eden Sezen, &#8220;S\u0131caklarda koyunlar sahilde durmaz Hayvanlar\u0131m\u0131z may\u0131s ay\u0131n\u0131n ba\u015f\u0131 gelince yaylaya gitmek ister. Yola \u00e7\u0131k\u0131nca kendileri giderler. Yollarda s\u0131k\u0131nt\u0131lar \u00e7ekiyoruz. Bu y\u0131l kar \u00e7ok ya\u011fd\u0131\u011f\u0131 i\u00e7in yayla yollar\u0131 ge\u00e7 a\u00e7\u0131ld\u0131. Yaylalarda hava ve kar \u00e7ok g\u00fczel. Kendim eskiden kamyonculuk yap\u0131yordum. \u015eimdi ise 20 y\u0131ld\u0131r hayvanc\u0131l\u0131kla u\u011fra\u015f\u0131yorum. E\u015fim ile birlikte yaylaya \u00e7\u0131k\u0131yoruz.  Biz her y\u0131l yaylaya \u00e7\u0131kmak zorunday\u0131z. Bizde hayvanlar\u0131m\u0131zda yaylada huzur buluyoruz. Ekim ay\u0131n\u0131n ortalar\u0131na kadar yaylada kal\u0131yoruz.  Daha sonra ise evlerimize yeniden g\u00f6\u00e7 ediyoruz&#8221; dedi.<\/p>\n","protected":false},"excerpt":{"rendered":"<p>ANTALYA&#8217;NIN AKSEK\u0130, MANAVGAT, G\u00dcNDO\u011eMU\u015e VE ALANYA  \u0130L\u00c7ELER\u0130NDE YA\u015eAYAN Y\u00d6R\u00dcKLER, HAVALARIN ISINMASIYLA AKSEK\u0130&#8217;N\u0130N G\u00d6KTEPE, G\u00dcNDO\u011eMU\u015e&#8217;UN E\u011eR\u0130 G\u00d6L, ALANYA&#8217;NIN S\u00d6B\u00dc\u00c7\u0130MEN YAYLALARINA YERLE\u015eMEYE BA\u015eLADI.<\/p>\n","protected":false},"author":1,"featured_media":165754,"comment_status":"closed","ping_status":"open","sticky":false,"template":"","format":"standard","meta":{"jetpack_post_was_ever_published":false,"_jetpack_newsletter_access":"","_jetpack_dont_email_post_to_subs":false,"_jetpack_newsletter_tier_id":0,"_jetpack_memberships_contains_paywalled_content":false,"_jetpack_memberships_contains_paid_content":false,"footnotes":"","jetpack_publicize_message":"","jetpack_publicize_feature_enabled":true,"jetpack_social_post_already_shared":true,"jetpack_social_options":{"image_generator_settings":{"template":"highway","default_image_id":0,"font":"","enabled":false},"version":2}},"categories":[1],"tags":[1327,55,13210,21092,3075],"class_list":["post-165753","post","type-post","status-publish","format-standard","has-post-thumbnail","hentry","category-genel","tag-antalyada","tag-basladi","tag-gocu","tag-yayla","tag-yoruklerin"],"jetpack_publicize_connections":[],"jetpack_featured_media_url":"https:\/\/i0.wp.com\/www.tvturk.com\/wp-content\/uploads\/2019\/06\/antalyada-yoruklerin-yayla-gocu-basladi_249ffc0.jpg?fit=960%2C640","jetpack_sharing_enabled":true,"jetpack_shortlink":"https:\/\/wp.me\/paKIfm-H7r","_links":{"self":[{"href":"http:\/\/www.tvturk.com\/index.php\/wp-json\/wp\/v2\/posts\/165753","targetHints":{"allow":["GET"]}}],"collection":[{"href":"http:\/\/www.tvturk.com\/index.php\/wp-json\/wp\/v2\/posts"}],"about":[{"href":"http:\/\/www.tvturk.com\/index.php\/wp-json\/wp\/v2\/types\/post"}],"author":[{"embeddable":true,"href":"http:\/\/www.tvturk.com\/index.php\/wp-json\/wp\/v2\/users\/1"}],"replies":[{"embeddable":true,"href":"http:\/\/www.tvturk.com\/index.php\/wp-json\/wp\/v2\/comments?post=165753"}],"version-history":[{"count":0,"href":"http:\/\/www.tvturk.com\/index.php\/wp-json\/wp\/v2\/posts\/165753\/revisions"}],"wp:featuredmedia":[{"embeddable":true,"href":"http:\/\/www.tvturk.com\/index.php\/wp-json\/wp\/v2\/media\/165754"}],"wp:attachment":[{"href":"http:\/\/www.tvturk.com\/index.php\/wp-json\/wp\/v2\/media?parent=165753"}],"wp:term":[{"taxonomy":"category","embeddable":true,"href":"http:\/\/www.tvturk.com\/index.php\/wp-json\/wp\/v2\/categories?post=165753"},{"taxonomy":"post_tag","embeddable":true,"href":"http:\/\/www.tvturk.com\/index.php\/wp-json\/wp\/v2\/tags?post=165753"}],"curies":[{"name":"wp","href":"https:\/\/api.w.org\/{rel}","templated":true}]}}