{"id":165765,"date":"2019-06-04T09:51:20","date_gmt":"2019-06-04T06:51:20","guid":{"rendered":"http:\/\/www.tvturk.com\/index.php\/korunan-alanlar-engelsiz-alanlara-donusuyor\/"},"modified":"2019-06-04T09:51:20","modified_gmt":"2019-06-04T06:51:20","slug":"korunan-alanlar-engelsiz-alanlara-donusuyor","status":"publish","type":"post","link":"http:\/\/www.tvturk.com\/index.php\/korunan-alanlar-engelsiz-alanlara-donusuyor\/","title":{"rendered":"Korunan alanlar engelsiz alanlara d\u00f6n\u00fc\u015f\u00fcyor"},"content":{"rendered":"<p>Tar\u0131m ve Orman Bakanl\u0131\u011f\u0131 Do\u011fa Koruma ve Milli Parklar (DKMP) Genel M\u00fcd\u00fcrl\u00fc\u011f\u00fc, korunan alanlarda in\u015fa edilen yap\u0131 ve tesisleri engelli ve ya\u015fl\u0131lar\u0131n rahatl\u0131kla kullanabilece\u011fi konseptte tasarl\u0131yor.<\/p>\n<p>Her insan\u0131n bir engelli aday\u0131 oldu\u011fu ger\u00e7e\u011finden hareketle g\u00f6rme, i\u015fitme ve fiziki engelli vatanda\u015flar\u0131n hayat\u0131n b\u00fct\u00fcn alanlar\u0131ndaki hak ve hizmetlere ula\u015fabilmesi i\u00e7in Do\u011fa Koruma ve Milli Parklar Genel M\u00fcd\u00fcrl\u00fc\u011f\u00fc alanlar\u0131 planlarken bu alanlar\u0131n her kesim a\u00e7\u0131s\u0131ndan eri\u015filebilir olmas\u0131na gayret ediyor. Korunan alanlarda in\u015fa edilen yap\u0131 ve tesisler engelli ve ya\u015fl\u0131 vatanda\u015flar\u0131n rahatl\u0131kla kullanabilece\u011fi bir konseptte tasarlan\u0131yor.<\/p>\n<p>T\u00fcrkiye\u2019nin ilk engelsiz ku\u015f g\u00f6zlem kulesi Hersek<\/p>\n<p>Ge\u00e7ti\u011fimiz y\u0131l Hersek Lag\u00fcn\u00fc Ekoturizm Projesi kapsam\u0131nda DKMP Genel M\u00fcd\u00fcrl\u00fc\u011f\u00fcnce yap\u0131lan yat\u0131r\u0131mla \u00fclkemizin ilk Engelsiz Ku\u015f G\u00f6zlem Kulesi tamamland\u0131. 21 metre y\u00fcksekli\u011finde olan kuleye hem tekerlekli sandalye kullanan ki\u015filer, hem \u00e7ocuklar\u0131 ile alan\u0131 ziyaret edenler hem de ya\u015fl\u0131 vatanda\u015flar rahatl\u0131kla eri\u015ferek ku\u015flar\u0131 g\u00f6zlemleyebiliyor. Hersek Lag\u00fcn\u00fc Sulak Alan\u0131 Geli\u015ftirme Projesi kapsam\u0131nda yer alan g\u00f6zlem kulesinin yan\u0131 s\u0131ra alanda k\u0131r kahvesi, botanik bah\u00e7esi, kanatl\u0131 m\u00fcdahale merkezi, y\u00fcr\u00fcy\u00fc\u015f yollar\u0131 gibi tesisler de \u201ceri\u015filebilir\u201d olacak \u015fekilde projelendirildi.<\/p>\n<p>\u00c7amkoru T\u00fcrkiye\u2019nin ilk engelsiz tabiat park\u0131 olacak<\/p>\n<p>DKMP Genel M\u00fcd\u00fcrl\u00fc\u011f\u00fc, Ankara\u2019da yer alan \u00c7amkoru Tabiat Park\u0131\u2019n\u0131 da T\u00fcrkiye\u2019nin ilk engelsiz tabiat park\u0131 yapmak i\u00e7in \u00e7al\u0131\u015fmalara ba\u015flad\u0131. Alanda yap\u0131lacak tabelalar, hediyelik e\u015fya stantlar\u0131, flora ve fauna tan\u0131t\u0131m alanlar\u0131, \u00e7ocuk oyun alanlar\u0131, g\u00f6zlem platformu, iskele ve piknik alanlar\u0131 gibi pek \u00e7ok yap\u0131 engelli dostu olacak. T\u00fcrkiye\u2019nin ilk engelsiz tabiat park\u0131 olacak olan \u00c7amkoru Tabiat Park\u0131\u2019ndan sonra bu uygulaman\u0131n \u00f6rneklerini di\u011fer korunan alanlarda da g\u00f6rmek m\u00fcmk\u00fcn olacak.<\/p>\n<p>\u201cEri\u015filebilir Korunan Alan\u201d projelerinde hedef, toplumun t\u00fcm kesimi i\u00e7in hayat\u0131n kolayla\u015ft\u0131r\u0131c\u0131 olabilmesi ve \u00e7e\u015fitli sebeplerle k\u0131s\u0131tl\u0131l\u0131klar\u0131 olan bireylerin o k\u0131s\u0131tlamalar\u0131 hissetmeden \u00f6zg\u00fcrce do\u011fada vakit ge\u00e7irebilmesini sa\u011flamak.<\/p>\n","protected":false},"excerpt":{"rendered":"<p>TARIM VE ORMAN BAKANLI\u011eI DO\u011eA KORUMA VE M\u0130LL\u0130 PARKLAR (DKMP) GENEL M\u00dcD\u00dcRL\u00dc\u011e\u00dc, ENGELL\u0130 B\u0130REYLER \u0130\u00c7\u0130N HAYATI KOLAYLA\u015eTIRIYOR.<\/p>\n","protected":false},"author":1,"featured_media":165766,"comment_status":"closed","ping_status":"open","sticky":false,"template":"","format":"standard","meta":{"jetpack_post_was_ever_published":false,"_jetpack_newsletter_access":"","_jetpack_dont_email_post_to_subs":false,"_jetpack_newsletter_tier_id":0,"_jetpack_memberships_contains_paywalled_content":false,"_jetpack_memberships_contains_paid_content":false,"footnotes":"","jetpack_publicize_message":"","jetpack_publicize_feature_enabled":true,"jetpack_social_post_already_shared":true,"jetpack_social_options":{"image_generator_settings":{"template":"highway","default_image_id":0,"font":"","enabled":false},"version":2}},"categories":[1],"tags":[14190,34241,11254,7590,39488],"class_list":["post-165765","post","type-post","status-publish","format-standard","has-post-thumbnail","hentry","category-genel","tag-alanlar","tag-alanlara","tag-donusuyor","tag-engelsiz","tag-korunan"],"jetpack_publicize_connections":[],"jetpack_featured_media_url":"https:\/\/i0.wp.com\/www.tvturk.com\/wp-content\/uploads\/2019\/06\/korunan-alanlar-engelsiz-alanlara-donusuyor_928ae11.jpg?fit=1000%2C562","jetpack_sharing_enabled":true,"jetpack_shortlink":"https:\/\/wp.me\/paKIfm-H7D","_links":{"self":[{"href":"http:\/\/www.tvturk.com\/index.php\/wp-json\/wp\/v2\/posts\/165765","targetHints":{"allow":["GET"]}}],"collection":[{"href":"http:\/\/www.tvturk.com\/index.php\/wp-json\/wp\/v2\/posts"}],"about":[{"href":"http:\/\/www.tvturk.com\/index.php\/wp-json\/wp\/v2\/types\/post"}],"author":[{"embeddable":true,"href":"http:\/\/www.tvturk.com\/index.php\/wp-json\/wp\/v2\/users\/1"}],"replies":[{"embeddable":true,"href":"http:\/\/www.tvturk.com\/index.php\/wp-json\/wp\/v2\/comments?post=165765"}],"version-history":[{"count":0,"href":"http:\/\/www.tvturk.com\/index.php\/wp-json\/wp\/v2\/posts\/165765\/revisions"}],"wp:featuredmedia":[{"embeddable":true,"href":"http:\/\/www.tvturk.com\/index.php\/wp-json\/wp\/v2\/media\/165766"}],"wp:attachment":[{"href":"http:\/\/www.tvturk.com\/index.php\/wp-json\/wp\/v2\/media?parent=165765"}],"wp:term":[{"taxonomy":"category","embeddable":true,"href":"http:\/\/www.tvturk.com\/index.php\/wp-json\/wp\/v2\/categories?post=165765"},{"taxonomy":"post_tag","embeddable":true,"href":"http:\/\/www.tvturk.com\/index.php\/wp-json\/wp\/v2\/tags?post=165765"}],"curies":[{"name":"wp","href":"https:\/\/api.w.org\/{rel}","templated":true}]}}