{"id":165787,"date":"2019-06-04T10:31:54","date_gmt":"2019-06-04T07:31:54","guid":{"rendered":"http:\/\/www.tvturk.com\/index.php\/bakan-kasapglu-genclerimizin-bayram-coskusunu-eski-gunlerdeki-gibi-yasamalarini-diliyorum\/"},"modified":"2019-06-04T10:31:54","modified_gmt":"2019-06-04T07:31:54","slug":"bakan-kasapglu-genclerimizin-bayram-coskusunu-eski-gunlerdeki-gibi-yasamalarini-diliyorum","status":"publish","type":"post","link":"http:\/\/www.tvturk.com\/index.php\/bakan-kasapglu-genclerimizin-bayram-coskusunu-eski-gunlerdeki-gibi-yasamalarini-diliyorum\/","title":{"rendered":"Bakan Kasap\u011flu: \u201cGen\u00e7lerimizin bayram co\u015fkusunu eski g\u00fcnlerdeki gibi ya\u015famalar\u0131n\u0131 diliyorum\u201d"},"content":{"rendered":"<p>Gen\u00e7lik ve Spor Bakan\u0131 Dr. Mehmet Muharrem Kasapo\u011flu, bayram namaz\u0131n\u0131 Ankara\u2019da Hac\u0131 Bayram Veli Camii\u2019nde k\u0131ld\u0131. Bakan Kasapo\u011flu, bayramlar\u0131n birlik, beraberlik ve karde\u015fli\u011fin peki\u015fti\u011fi g\u00fcnler oldu\u011funu belirterek, \u201cGen\u00e7lerimizin bayram co\u015fkusunu eski g\u00fcnlerdeki gibi ya\u015famalar\u0131n\u0131 diliyorum\u201d dedi.<\/p>\n<p>Gen\u00e7lik ve Spor Bakan\u0131 Dr. Mehmet Muharrem Kasapo\u011flu, bayram namaz\u0131n\u0131 Ankara\u2019da Hac\u0131 Bayram Veli Camii\u2019nde vatanda\u015flarla birlikte k\u0131ld\u0131. Namaz\u0131n ard\u0131ndan vatanda\u015flar\u0131n Ramazan Bayram\u0131n\u0131 kutlayan Bakan Kasapo\u011flu, namaz sonras\u0131 yapt\u0131\u011f\u0131 a\u00e7\u0131klamada ba\u015f\u0131 rahmet, ortas\u0131 ma\u011ffiret sonu ise cehennem azab\u0131ndan kurtulu\u015f olan Ramazan-\u0131 \u015eerifi Millet ve \u00dcmmet olarak idrak ettiklerini ifade etti.<\/p>\n<p>Bakan Kasapo\u011flu, Ramazan Ay\u0131 boyunca oru\u00e7lar\u0131n tutuldu\u011funu, ibadetlerin yap\u0131ld\u0131\u011f\u0131n\u0131 belirterek, \u201c\u0130n\u015fallah lay\u0131k\u0131yla idrak etmi\u015fizdir. Bayramlar; birli\u011fin, beraberli\u011fin, karde\u015fli\u011fin peki\u015fti\u011fi g\u00fcnler. Millet ve \u00dcmmetimize hay\u0131rl\u0131 olmas\u0131n\u0131 temenni ediyorum. Gen\u00e7lerimizin bayram co\u015fkusunu eski g\u00fcnlerdeki gibi ya\u015famalar\u0131n\u0131 diliyorum. Bu vesileyle t\u00fcm Milletimizin Ramazan Bayram\u0131\u2019n\u0131 can\u0131 g\u00f6n\u00fclden tebrik ediyorum. Sa\u011fl\u0131k, afiyet, birlik ve beraberlik i\u00e7erisinde nice bayramlar temenni ediyorum\u201d dedi.<\/p>\n","protected":false},"excerpt":{"rendered":"<p>GEN\u00c7L\u0130K VE SPOR BAKANI DR. MEHMET MUHARREM KASAPO\u011eLU, BAYRAM NAMAZINI ANKARA\u2019DA HACI BAYRAM VEL\u0130 CAM\u0130\u0130\u2019NDE VATANDA\u015eLARLA B\u0130RL\u0130KTE KILDI. NAMAZIN ARDINDAN VATANDA\u015eLARIN RAMAZAN BAYRAMINI KUTLAYAN BAKAN KASAPO\u011eLU, NAMAZ SONRASI YAPTI\u011eI A\u00c7IKLAMADA BA\u015eI RAHMET, ORTASI MA\u011eF\u0130RET SONU \u0130SE CEHENNEM AZABINDAN KURTULU\u015e OLAN RAMAZAN-I \u015eER\u0130F\u0130 M\u0130LLET VE \u00dcMMET OLARAK \u0130DRAK ETT\u0130KLER\u0130N\u0130 \u0130FADE ETT\u0130.<\/p>\n","protected":false},"author":1,"featured_media":165788,"comment_status":"closed","ping_status":"open","sticky":false,"template":"","format":"standard","meta":{"jetpack_post_was_ever_published":false,"_jetpack_newsletter_access":"","_jetpack_dont_email_post_to_subs":false,"_jetpack_newsletter_tier_id":0,"_jetpack_memberships_contains_paywalled_content":false,"_jetpack_memberships_contains_paid_content":false,"footnotes":"","jetpack_publicize_message":"","jetpack_publicize_feature_enabled":true,"jetpack_social_post_already_shared":true,"jetpack_social_options":{"image_generator_settings":{"template":"highway","default_image_id":0,"font":"","enabled":false},"version":2}},"categories":[657],"tags":[7988,742,23995,31544,39392,1123,981,39493,39492,39494],"class_list":["post-165787","post","type-post","status-publish","format-standard","has-post-thumbnail","hentry","category-spor","tag-genclerimizin","tag-bakan","tag-bayram","tag-coskusunu","tag-diliyorum","tag-eski","tag-gibi","tag-gunlerdeki","tag-kasapglu","tag-yasamalarini"],"jetpack_publicize_connections":[],"jetpack_featured_media_url":"https:\/\/i0.wp.com\/www.tvturk.com\/wp-content\/uploads\/2019\/06\/bakan-kasapglu-genclerimizin-bayram-coskusunu-eski-gunlerdeki-gibi-yasamalarini-diliyorum_5925884.jpg?fit=1000%2C666","jetpack_sharing_enabled":true,"jetpack_shortlink":"https:\/\/wp.me\/paKIfm-H7Z","_links":{"self":[{"href":"http:\/\/www.tvturk.com\/index.php\/wp-json\/wp\/v2\/posts\/165787","targetHints":{"allow":["GET"]}}],"collection":[{"href":"http:\/\/www.tvturk.com\/index.php\/wp-json\/wp\/v2\/posts"}],"about":[{"href":"http:\/\/www.tvturk.com\/index.php\/wp-json\/wp\/v2\/types\/post"}],"author":[{"embeddable":true,"href":"http:\/\/www.tvturk.com\/index.php\/wp-json\/wp\/v2\/users\/1"}],"replies":[{"embeddable":true,"href":"http:\/\/www.tvturk.com\/index.php\/wp-json\/wp\/v2\/comments?post=165787"}],"version-history":[{"count":0,"href":"http:\/\/www.tvturk.com\/index.php\/wp-json\/wp\/v2\/posts\/165787\/revisions"}],"wp:featuredmedia":[{"embeddable":true,"href":"http:\/\/www.tvturk.com\/index.php\/wp-json\/wp\/v2\/media\/165788"}],"wp:attachment":[{"href":"http:\/\/www.tvturk.com\/index.php\/wp-json\/wp\/v2\/media?parent=165787"}],"wp:term":[{"taxonomy":"category","embeddable":true,"href":"http:\/\/www.tvturk.com\/index.php\/wp-json\/wp\/v2\/categories?post=165787"},{"taxonomy":"post_tag","embeddable":true,"href":"http:\/\/www.tvturk.com\/index.php\/wp-json\/wp\/v2\/tags?post=165787"}],"curies":[{"name":"wp","href":"https:\/\/api.w.org\/{rel}","templated":true}]}}