{"id":165799,"date":"2019-06-04T10:45:14","date_gmt":"2019-06-04T07:45:14","guid":{"rendered":"http:\/\/www.tvturk.com\/index.php\/iki-adimla-sehir-degistiriyorlar\/"},"modified":"2019-06-04T10:45:14","modified_gmt":"2019-06-04T07:45:14","slug":"iki-adimla-sehir-degistiriyorlar","status":"publish","type":"post","link":"http:\/\/www.tvturk.com\/index.php\/iki-adimla-sehir-degistiriyorlar\/","title":{"rendered":"\u0130ki ad\u0131mla \u015fehir de\u011fi\u015ftiriyorlar"},"content":{"rendered":"<p>Ordu\u2019nun \u0130kizce il\u00e7esi \u015eentepe Mahallesi ile Samsun\u2019un Terme il\u00e7esi Ambartepe Mahallesi aras\u0131ndan ge\u00e7en yol her iki mahallede ilgin\u00e7 bir zaman fark\u0131 ya\u015fat\u0131yor. Yolun kar\u015f\u0131s\u0131na ge\u00e7erek \u015fehir de\u011fi\u015ftiren y\u00f6re halk\u0131, namaz\u0131 da iki dakika arayla k\u0131l\u0131yor.<\/p>\n<p>Her iki ilin il\u00e7eler aras\u0131ndaki s\u0131n\u0131r\u0131 olarak kabul edilen ve yar\u0131s\u0131 Ordu, di\u011fer yar\u0131s\u0131 ise Samsun\u2019a ait yol, b\u00f6lgede oturan y\u00f6re halk\u0131na bayram namaz\u0131n\u0131 iki dakika arayla k\u0131ld\u0131rt\u0131yor. Kar\u015f\u0131l\u0131kl\u0131 evlerin aras\u0131ndan ge\u00e7en yol, bir evden yolun kar\u015f\u0131s\u0131ndaki eve ge\u00e7erken adeta vatanda\u015flara \u015fehir de\u011fi\u015ftirtiyor. Vatanda\u015flar birbirleri ile ileti\u015fime ge\u00e7erken ise sabit telefon hatlar\u0131nda \u015fehirler aras\u0131 kod kullanmak zorunda kal\u0131yor.<\/p>\n<p>Bayram nedeniyle \u0130stanbul\u2019dan Ordu\u2019ya gelen \u0130sa K\u0131\u015fla, &#8220;\u015eu an biz Ordu taraf\u0131nday\u0131z. Ama iki ad\u0131m atsak Samsun taraf\u0131na ge\u00e7mi\u015f olaca\u011f\u0131z. En \u00e7ok zaman konusunda ge\u00e7 kalan vatanda\u015flar\u0131m\u0131z oldu\u011fu zaman onlar da en son okunan camiye gidiyorlar&#8221; dedi.<\/p>\n<p>Samsun\u2019da ya\u015fayan ve bayram i\u00e7in Terme Ambartepe Mahallesi\u2019ne gelen Ali Ero\u011flu, &#8220;Ordu\u2019nun \u0130kizce il\u00e7esi ile Samsun\u2019un Terme il\u00e7esi aras\u0131nda bir il fark\u0131 oldu\u011fu i\u00e7in 2 dakika bir ezan ve namaz vakti de\u011fi\u015fmi\u015f oluyor. Farkl\u0131 \u015fehirlere ba\u011fl\u0131y\u0131z ama bir yol \u00fczerinde kar\u015f\u0131l\u0131kl\u0131 kom\u015fuyuz. Ordu taraf\u0131nda ezan 2 dakika \u00f6nce, buradaki ezan ise 2 dakika sonra okunur. Yani burada Terme taraf\u0131ndan Ordu \u0130kizce\u2019ye iki ad\u0131mda ge\u00e7ebiliyoruz. Burada i\u015fin as\u0131l \u00f6nemli olan ilgin\u00e7 yan\u0131 ise kar\u015f\u0131l\u0131kl\u0131 evlerimiz oldu\u011fu halde alan kodu \u00e7eviriyoruz&#8221; ifadelerini kulland\u0131.<\/p>\n<p>Terme Ambartepe Mahallesi Merkez Camii \u0130mam\u0131 Musa Top, &#8220;Burada yolun sa\u011f taraf\u0131nda Ordu\u2019nun \u0130kizce il\u00e7esine ba\u011fl\u0131 \u015eentepe Mahallesi\u2019ndeki arkada\u015flar\u0131m\u0131zla tan\u0131\u015f\u0131yoruz. Aram\u0131zda en ufak bir ayr\u0131cal\u0131k yok ve hepimiz ayn\u0131 memleketin insanlar\u0131 gibi ya\u015f\u0131yoruz&#8221; \u015feklinde konu\u015ftu.<\/p>\n<p>\u0130kizce \u015eentepe Mahallesi Topul Camii \u0130mam\u0131 Mehmet Can U\u00e7ar, &#8220;Burada haritan\u0131n \u00e7izmi\u015f oldu\u011fu bir s\u0131n\u0131ra dayanarak yolun \u00f6b\u00fcr taraf\u0131nda ben g\u00f6rev yaparken, di\u011fer taraf\u0131nda ise Musa hoca g\u00f6rev yap\u0131yor. Ezan vakitleri ise ezan\u0131 birer dakika arayla okuyoruz. Ayn\u0131 \u015fekilde ise bayram namaz\u0131n\u0131 ger\u00e7ekle\u015ftirdik. Ambartepe Mahallesi\u2019nden Topul Camii\u2019ne gelen oluyor&#8221; dedi.<\/p>\n","protected":false},"excerpt":{"rendered":"<p>ORDU&#8217;NUN \u0130K\u0130ZCE \u0130L\u00c7ES\u0130 \u015eENTEPE MAHALLES\u0130 \u0130LE SAMSUN&#8217;UN TERME \u0130L\u00c7ES\u0130 AMBARTEPE MAHALLELER\u0130 ARASINDAN GE\u00c7EN YOL HER \u0130K\u0130 MAHALLEDE \u0130LG\u0130N\u00c7 B\u0130R ZAMAN FARKI YA\u015eATIYOR.<\/p>\n","protected":false},"author":1,"featured_media":165800,"comment_status":"closed","ping_status":"open","sticky":false,"template":"","format":"standard","meta":{"jetpack_post_was_ever_published":false,"_jetpack_newsletter_access":"","_jetpack_dont_email_post_to_subs":false,"_jetpack_newsletter_tier_id":0,"_jetpack_memberships_contains_paywalled_content":false,"_jetpack_memberships_contains_paid_content":false,"footnotes":"","jetpack_publicize_message":"","jetpack_publicize_feature_enabled":true,"jetpack_social_post_already_shared":true,"jetpack_social_options":{"image_generator_settings":{"template":"highway","default_image_id":0,"font":"","enabled":false},"version":2}},"categories":[1],"tags":[39498,39499,1220,553],"class_list":["post-165799","post","type-post","status-publish","format-standard","has-post-thumbnail","hentry","category-genel","tag-adimla","tag-degistiriyorlar","tag-iki","tag-sehir"],"jetpack_publicize_connections":[],"jetpack_featured_media_url":"https:\/\/i0.wp.com\/www.tvturk.com\/wp-content\/uploads\/2019\/06\/iki-adimla-sehir-degistiriyorlar_d53b59e.jpg?fit=1000%2C662","jetpack_sharing_enabled":true,"jetpack_shortlink":"https:\/\/wp.me\/paKIfm-H8b","_links":{"self":[{"href":"http:\/\/www.tvturk.com\/index.php\/wp-json\/wp\/v2\/posts\/165799","targetHints":{"allow":["GET"]}}],"collection":[{"href":"http:\/\/www.tvturk.com\/index.php\/wp-json\/wp\/v2\/posts"}],"about":[{"href":"http:\/\/www.tvturk.com\/index.php\/wp-json\/wp\/v2\/types\/post"}],"author":[{"embeddable":true,"href":"http:\/\/www.tvturk.com\/index.php\/wp-json\/wp\/v2\/users\/1"}],"replies":[{"embeddable":true,"href":"http:\/\/www.tvturk.com\/index.php\/wp-json\/wp\/v2\/comments?post=165799"}],"version-history":[{"count":0,"href":"http:\/\/www.tvturk.com\/index.php\/wp-json\/wp\/v2\/posts\/165799\/revisions"}],"wp:featuredmedia":[{"embeddable":true,"href":"http:\/\/www.tvturk.com\/index.php\/wp-json\/wp\/v2\/media\/165800"}],"wp:attachment":[{"href":"http:\/\/www.tvturk.com\/index.php\/wp-json\/wp\/v2\/media?parent=165799"}],"wp:term":[{"taxonomy":"category","embeddable":true,"href":"http:\/\/www.tvturk.com\/index.php\/wp-json\/wp\/v2\/categories?post=165799"},{"taxonomy":"post_tag","embeddable":true,"href":"http:\/\/www.tvturk.com\/index.php\/wp-json\/wp\/v2\/tags?post=165799"}],"curies":[{"name":"wp","href":"https:\/\/api.w.org\/{rel}","templated":true}]}}