{"id":165803,"date":"2019-06-04T10:54:12","date_gmt":"2019-06-04T07:54:12","guid":{"rendered":"http:\/\/www.tvturk.com\/index.php\/ozel-uygur-turkleri-cin-tarafindan-yasaklanan-400-yillik-geleneklerini-bursada-yasatti\/"},"modified":"2019-06-04T10:54:12","modified_gmt":"2019-06-04T07:54:12","slug":"ozel-uygur-turkleri-cin-tarafindan-yasaklanan-400-yillik-geleneklerini-bursada-yasatti","status":"publish","type":"post","link":"http:\/\/www.tvturk.com\/index.php\/ozel-uygur-turkleri-cin-tarafindan-yasaklanan-400-yillik-geleneklerini-bursada-yasatti\/","title":{"rendered":"(\u00d6ZEL) Uygur T\u00fcrkleri, \u00c7in taraf\u0131ndan yasaklanan 400 y\u0131ll\u0131k geleneklerini Bursa\u2019da ya\u015fatt\u0131"},"content":{"rendered":"<p>\u00c7in taraf\u0131ndan 70 y\u0131ld\u0131r i\u015fgal alt\u0131nda bulunan Do\u011fu T\u00fcrkistan\u2019dan ka\u00e7arak e\u011fitim i\u00e7in Uluda\u011f \u00dcniversitesi\u2019ne gelen Uygur T\u00fcrk\u00fc \u00f6\u011frenciler, her bayram namaz\u0131 sonras\u0131 yapt\u0131klar\u0131 ve 2 y\u0131ld\u0131r \u00c7in devleti taraf\u0131ndan yasaklanan sema g\u00f6sterisini Bursa\u2019da ya\u015fatt\u0131.<\/p>\n<p>Ulucami\u2019de k\u0131l\u0131nan Ramazan Bayram\u0131 namaz\u0131 sonras\u0131 Uygur T\u00fcrk\u00fc \u00f6\u011frenciler, her bayram namaz\u0131 sonras\u0131nda yapt\u0131klar\u0131, 400 y\u0131ll\u0131k bir gelenekleri olan sema g\u00f6sterisini ger\u00e7ekle\u015ftirdi. Uluda\u011f \u00dcniversitesi\u2019nde okuyan \u00f6\u011frenciler taraf\u0131ndan yap\u0131lan sema g\u00f6sterisine Bursal\u0131lar b\u00fcy\u00fck ilgi g\u00f6sterdi. Osmangazi Belediye Ba\u015fkan\u0131 Mustafa D\u00fcndar\u2019\u0131n da izledi\u011fi sema g\u00f6sterisinde Uygur T\u00fcrkleri, 2 y\u0131ld\u0131r \u00c7in taraf\u0131ndan yasakl\u0131 olan bu geleneklerini s\u00fcrd\u00fcrebiliyor olman\u0131n mutlulu\u011funu ya\u015fad\u0131.<\/p>\n<p>Uluda\u011f \u00dcniversitesi Uluslararas\u0131 \u0130li\u015fkiler B\u00f6l\u00fcm\u00fc \u00f6\u011frencisi olan Abdulkadir Abdulkerim, \u00c7in i\u015fgali alt\u0131ndaki Do\u011fu T\u00fcrkistan\u2019\u0131n bir hapishaneye d\u00f6n\u00fc\u015ft\u00fc\u011f\u00fcn\u00fc ifade ederek, \u201c\u015eu an Uygur T\u00fcrklerinin 3 milyondan fazlas\u0131 toplama kamplar\u0131nda tutuluyor. Uygur T\u00fcrklerini asimile etmek ad\u0131na evlerimize \u00c7inli erkekler yerle\u015ftiriliyor. Uygur k\u0131zlar\u0131 ise zorla \u00c7inlilerle evlendiriliyor. \u00c7ocuklar ise \u2019melekler kamp\u0131\u2019 ad\u0131 verilen asimilasyon kamplar\u0131nda \u00c7in k\u00fclt\u00fcr\u00fcne g\u00f6re yeti\u015ftiriliyor. K\u00fclt\u00fcr\u00fcm\u00fcz, dilimiz ve dinimiz a\u011f\u0131r bask\u0131 alt\u0131nda. Ben T\u00fcrkiye\u2019ye geldim diye \u00c7inliler babam\u0131 ve abimi hapse att\u0131lar. Bursa\u2019da \u00fcniversite okuyan Uygur T\u00fcrk\u00fc arkada\u015flar\u0131m\u0131n da \u00e7o\u011funun anne ve babas\u0131 hapiste tutuluyor. Hi\u00e7birimiz 2 y\u0131ld\u0131r ailemizle g\u00f6r\u00fc\u015femiyoruz. Ailem hayatta m\u0131 onu dahi bilmiyorum. Do\u011fdu\u011fum topraklara d\u00f6nd\u00fc\u011f\u00fcm an beni de hapse atacaklar\u201d dedi.<\/p>\n<p>Yapt\u0131klar\u0131 sema g\u00f6sterisi hakk\u0131nda da bilgiler veren Abdulkadir Abdulkerim, \u201cYapm\u0131\u015f oldu\u011fumuz g\u00f6steri Uygur semas\u0131d\u0131r. Do\u011fu T\u00fcrkistan\u2019\u0131n Ka\u015fgar kentindeki B\u00fcy\u00fck Cami\u2019nin \u00f6n\u00fcnde bayram namazlar\u0131 sonra t\u00fcm halk taraf\u0131ndan toplu olarak yap\u0131lan bir g\u00f6steridir. Bu g\u00f6sterinin amac\u0131 zulme kar\u015f\u0131 i\u00e7imizdeki direni\u015f g\u00fcc\u00fcn\u00fc artt\u0131rmakt\u0131r. \u00c7in devleti bu g\u00f6sterimizi 2 y\u0131ld\u0131r yasaklad\u0131. Kendi \u00fclkemizde yapamasak da bug\u00fcn Bursa\u2019da Ulu Cami \u00f6n\u00fcnde bu gelece\u011fimizi ya\u015fatt\u0131k. \u00c7in ne yaparsa yaps\u0131n bizi yok edemeyecek. K\u00fclt\u00fcr\u00fcm\u00fcz\u00fc, medeniyetimizi ve milli ruhumuzu ya\u015fataca\u011f\u0131z\u201d diye konu\u015ftu.<\/p>\n<p>Osmangazi Belediye Ba\u015fkan\u0131 Mustafa D\u00fcndar da, yapt\u0131\u011f\u0131 konu\u015fmada, \u201cBayramlar, mutluluktur, sevin\u00e7tir, ne\u015fedir. Bizler de burada bir sevinci ve ne\u015feyi ya\u015famak i\u00e7in bir araday\u0131z. Bir yan\u0131m\u0131z sevin\u00e7 ve ne\u015fe ya\u015farken bir yan\u0131m\u0131z ise Uygur T\u00fcrk\u00fc karde\u015flerimiz i\u00e7in h\u00fcz\u00fcn dolu. Do\u011fu T\u00fcrkistanl\u0131 karde\u015flerimiz bayram namazlar\u0131 sonras\u0131 ger\u00e7ekle\u015ftirdikleri 400 y\u0131ll\u0131k geleneklerini, \u00c7in\u2019in yasaklamas\u0131ndan dolay\u0131 art\u0131k yapam\u0131yor. Uygur T\u00fcrk\u00fc karde\u015flerimizin bu geleneklerini Bursa\u2019da ya\u015fat\u0131yor olmas\u0131 bizi de mutlu etti. Bizlerin birlik ve beraberlik i\u00e7erisinde olmam\u0131z\u0131 d\u00fc\u015fmanlar\u0131m\u0131z istemez. Onlar istemiyor diye biz de da\u011f\u0131lacak de\u011filiz. Bizler inanc\u0131m\u0131z\u0131 ve k\u00fclt\u00fcr\u00fcm\u00fcz\u00fc ya\u015fayaca\u011f\u0131z. Kendi bildi\u011fimiz yolda y\u00fcr\u00fcmeye devam edece\u011fiz. Biz kendi k\u00fclt\u00fcr\u00fcm\u00fcz ve inanc\u0131m\u0131z do\u011frultusunda gidiyorsak ba\u015fkalar\u0131n\u0131n ne d\u00fc\u015f\u00fcnd\u00fc\u011f\u00fc bizim i\u00e7in fark etmez. Bug\u00fcn burada yapm\u0131\u015f oldu\u011fumuz sema g\u00f6sterisi de bizlerin kendi yolumuzda gidiyor olmam\u0131z\u0131n g\u00f6stergesidir. T\u00fcrk halklar\u0131n\u0131n ve \u00fcmmetin birlik ve beraberlik i\u00e7erisinde yeniden aya\u011fa kalkt\u0131\u011f\u0131m\u0131z bir bayram olmas\u0131n\u0131 diliyorum. T\u00fcm \u0130slam aleminin bayram\u0131 m\u00fcbarek olsun\u201d dedi.<\/p>\n","protected":false},"excerpt":{"rendered":"<p>\u00c7\u0130N TARAFINDAN 70 YILDIR \u0130\u015eGAL ALTINDA BULUNAN DO\u011eU T\u00dcRK\u0130STAN\u2019DAN KA\u00c7ARAK E\u011e\u0130T\u0130M \u0130\u00c7\u0130N ULUDA\u011e \u00dcN\u0130VERS\u0130TES\u0130\u2019NE GELEN UYGUR T\u00dcRK\u00dc \u00d6\u011eRENC\u0130LER, HER BAYRAM NAMAZI SONRASI YAPTIKLARI VE 2 YILDIR \u00c7\u0130N DEVLET\u0130 TARAFINDAN YASAKLANAN SEMA G\u00d6STER\u0130S\u0130N\u0130 BURSA\u2019DA YA\u015eATTI.<\/p>\n","protected":false},"author":1,"featured_media":165804,"comment_status":"closed","ping_status":"open","sticky":false,"template":"","format":"standard","meta":{"jetpack_post_was_ever_published":false,"_jetpack_newsletter_access":"","_jetpack_dont_email_post_to_subs":false,"_jetpack_newsletter_tier_id":0,"_jetpack_memberships_contains_paywalled_content":false,"_jetpack_memberships_contains_paid_content":false,"footnotes":"","jetpack_publicize_message":"","jetpack_publicize_feature_enabled":true,"jetpack_social_post_already_shared":true,"jetpack_social_options":{"image_generator_settings":{"template":"highway","default_image_id":0,"font":"","enabled":false},"version":2}},"categories":[1],"tags":[1073,6270,1032,4733,37598,765,8846,5548,39500,7982,710],"class_list":["post-165803","post","type-post","status-publish","format-standard","has-post-thumbnail","hentry","category-genel","tag-ozel","tag-6270","tag-bursada","tag-cin","tag-geleneklerini","tag-tarafindan","tag-turkleri","tag-uygur","tag-yasaklanan","tag-yasatti","tag-yillik"],"jetpack_publicize_connections":[],"jetpack_featured_media_url":"https:\/\/i0.wp.com\/www.tvturk.com\/wp-content\/uploads\/2019\/06\/ozel-uygur-turkleri-cin-tarafindan-yasaklanan-400-yillik-geleneklerini-bursada-yasatti_7a32473.jpg?fit=1000%2C666","jetpack_sharing_enabled":true,"jetpack_shortlink":"https:\/\/wp.me\/paKIfm-H8f","_links":{"self":[{"href":"http:\/\/www.tvturk.com\/index.php\/wp-json\/wp\/v2\/posts\/165803","targetHints":{"allow":["GET"]}}],"collection":[{"href":"http:\/\/www.tvturk.com\/index.php\/wp-json\/wp\/v2\/posts"}],"about":[{"href":"http:\/\/www.tvturk.com\/index.php\/wp-json\/wp\/v2\/types\/post"}],"author":[{"embeddable":true,"href":"http:\/\/www.tvturk.com\/index.php\/wp-json\/wp\/v2\/users\/1"}],"replies":[{"embeddable":true,"href":"http:\/\/www.tvturk.com\/index.php\/wp-json\/wp\/v2\/comments?post=165803"}],"version-history":[{"count":0,"href":"http:\/\/www.tvturk.com\/index.php\/wp-json\/wp\/v2\/posts\/165803\/revisions"}],"wp:featuredmedia":[{"embeddable":true,"href":"http:\/\/www.tvturk.com\/index.php\/wp-json\/wp\/v2\/media\/165804"}],"wp:attachment":[{"href":"http:\/\/www.tvturk.com\/index.php\/wp-json\/wp\/v2\/media?parent=165803"}],"wp:term":[{"taxonomy":"category","embeddable":true,"href":"http:\/\/www.tvturk.com\/index.php\/wp-json\/wp\/v2\/categories?post=165803"},{"taxonomy":"post_tag","embeddable":true,"href":"http:\/\/www.tvturk.com\/index.php\/wp-json\/wp\/v2\/tags?post=165803"}],"curies":[{"name":"wp","href":"https:\/\/api.w.org\/{rel}","templated":true}]}}