{"id":165817,"date":"2019-06-04T11:36:42","date_gmt":"2019-06-04T08:36:42","guid":{"rendered":"http:\/\/www.tvturk.com\/index.php\/trabzonsporda-unal-karaman-imzayi-atiyor\/"},"modified":"2019-06-04T11:36:42","modified_gmt":"2019-06-04T08:36:42","slug":"trabzonsporda-unal-karaman-imzayi-atiyor","status":"publish","type":"post","link":"http:\/\/www.tvturk.com\/index.php\/trabzonsporda-unal-karaman-imzayi-atiyor\/","title":{"rendered":"Trabzonspor\u2019da \u00dcnal Karaman imzay\u0131 at\u0131yor"},"content":{"rendered":"<p>Trabzonspor Kul\u00fcb\u00fc, Teknik Direkt\u00f6r \u00dcnal Karaman ile per\u015fembe g\u00fcn\u00fc yeni s\u00f6zle\u015fme imzalayacak.<\/p>\n<p>Trabzonspor, camiaya 3 y\u0131l aradan sonra Avrupa Kupalar\u0131\u2019na kat\u0131lma hakk\u0131 kazand\u0131ran Teknik Direkt\u00f6rleri \u00dcnal Karaman ile s\u00f6zle\u015fme yenilemeye haz\u0131rlan\u0131yor. Karadeniz temsilcisi, tecr\u00fcbeli \u00e7al\u0131\u015ft\u0131r\u0131c\u0131 ile 6 Haziran Per\u015fembe g\u00fcn\u00fc saat 14.00\u2019te Mehmet Ali Y\u0131lmaz Tesisleri\u2019nde bir imza t\u00f6reni d\u00fczenlenece\u011fini a\u00e7\u0131klad\u0131.<\/p>\n<p>\u00d6te yandan imza t\u00f6renin ard\u0131ndan kul\u00fcpte bayramla\u015fma da yap\u0131laca\u011f\u0131 bildirildi.<\/p>\n","protected":false},"excerpt":{"rendered":"<p>TRABZONSPOR KUL\u00dcB\u00dc, TEKN\u0130K D\u0130REKT\u00d6R \u00dcNAL KARAMAN \u0130LE PER\u015eEMBE G\u00dcN\u00dc YEN\u0130 S\u00d6ZLE\u015eME \u0130MZALAYACAK.<\/p>\n","protected":false},"author":1,"featured_media":165818,"comment_status":"closed","ping_status":"open","sticky":false,"template":"","format":"standard","meta":{"jetpack_post_was_ever_published":false,"_jetpack_newsletter_access":"","_jetpack_dont_email_post_to_subs":false,"_jetpack_newsletter_tier_id":0,"_jetpack_memberships_contains_paywalled_content":false,"_jetpack_memberships_contains_paid_content":false,"footnotes":"","jetpack_publicize_message":"","jetpack_publicize_feature_enabled":true,"jetpack_social_post_already_shared":true,"jetpack_social_options":{"image_generator_settings":{"template":"highway","default_image_id":0,"font":"","enabled":false},"version":2}},"categories":[657],"tags":[1383,22353,3774,16159,5877],"class_list":["post-165817","post","type-post","status-publish","format-standard","has-post-thumbnail","hentry","category-spor","tag-atiyor","tag-imzayi","tag-karaman","tag-trabzonsporda","tag-unal"],"jetpack_publicize_connections":[],"jetpack_featured_media_url":"https:\/\/i0.wp.com\/www.tvturk.com\/wp-content\/uploads\/2019\/06\/trabzonsporda-unal-karaman-imzayi-atiyor_59e8386.jpg?fit=1000%2C944","jetpack_sharing_enabled":true,"jetpack_shortlink":"https:\/\/wp.me\/paKIfm-H8t","_links":{"self":[{"href":"http:\/\/www.tvturk.com\/index.php\/wp-json\/wp\/v2\/posts\/165817","targetHints":{"allow":["GET"]}}],"collection":[{"href":"http:\/\/www.tvturk.com\/index.php\/wp-json\/wp\/v2\/posts"}],"about":[{"href":"http:\/\/www.tvturk.com\/index.php\/wp-json\/wp\/v2\/types\/post"}],"author":[{"embeddable":true,"href":"http:\/\/www.tvturk.com\/index.php\/wp-json\/wp\/v2\/users\/1"}],"replies":[{"embeddable":true,"href":"http:\/\/www.tvturk.com\/index.php\/wp-json\/wp\/v2\/comments?post=165817"}],"version-history":[{"count":0,"href":"http:\/\/www.tvturk.com\/index.php\/wp-json\/wp\/v2\/posts\/165817\/revisions"}],"wp:featuredmedia":[{"embeddable":true,"href":"http:\/\/www.tvturk.com\/index.php\/wp-json\/wp\/v2\/media\/165818"}],"wp:attachment":[{"href":"http:\/\/www.tvturk.com\/index.php\/wp-json\/wp\/v2\/media?parent=165817"}],"wp:term":[{"taxonomy":"category","embeddable":true,"href":"http:\/\/www.tvturk.com\/index.php\/wp-json\/wp\/v2\/categories?post=165817"},{"taxonomy":"post_tag","embeddable":true,"href":"http:\/\/www.tvturk.com\/index.php\/wp-json\/wp\/v2\/tags?post=165817"}],"curies":[{"name":"wp","href":"https:\/\/api.w.org\/{rel}","templated":true}]}}