{"id":165821,"date":"2019-06-04T11:39:20","date_gmt":"2019-06-04T08:39:20","guid":{"rendered":"http:\/\/www.tvturk.com\/index.php\/mardinde-cifte-bayram\/"},"modified":"2019-06-04T11:39:20","modified_gmt":"2019-06-04T08:39:20","slug":"mardinde-cifte-bayram","status":"publish","type":"post","link":"http:\/\/www.tvturk.com\/index.php\/mardinde-cifte-bayram\/","title":{"rendered":"Mardin\u2019de \u00e7ifte bayram"},"content":{"rendered":"<p>MARD\u0130N (\u0130HA) \u2013 Dokuz g\u00fcnl\u00fck Ramazan Bayram\u0131 tatilini f\u0131rsat bilen vatanda\u015flar, a\u00e7\u0131k hava m\u00fczesi konumunda olan Mardin\u2019e ak\u0131n etti.<\/p>\n<p>Uzun Ramazan Bayram\u0131 tatilini iyi de\u011ferlendirmek isteyen tatilciler tarihi ve turistik yerleri ile a\u00e7\u0131k hava m\u00fczesini and\u0131ran Mardin\u2019e ko\u015ftu. T\u00fcm otellerin ve devlet konuk evlerinin doldu\u011fu Mardin\u2019de turist a\u011f\u0131rlayacak yer kalmad\u0131. \u00c7ifte bayram ya\u015fayan esnaf Mardin\u2019in huzur ve g\u00fcven i\u00e7inde hak etti\u011fi ilgiyi g\u00f6rd\u00fc\u011f\u00fcn\u00fc belirtti.<\/p>\n<p>Mardin\u2019in, bu ay g\u00f6ky\u00fcz\u00fcnde balon turizminin de faaliyete ge\u00e7mesi ile b\u00f6lgenin masal \u015fehir olarak tatilcilerin g\u00f6zdesi olaca\u011f\u0131n\u0131 kaydeden Mardin Turizm ve Otelciler Dernek Ba\u015fkan\u0131 \u00d6zg\u00fcr Azag G\u00fcrg\u00f6r, Mardin Valisi Mustafa Yaman ve devletin b\u00f6lgede sa\u011flad\u0131\u011f\u0131 huzur ile kentin d\u00fcnya \u00e7ap\u0131nda hak etti\u011fi ilgiyi g\u00f6rece\u011fini s\u00f6yledi. G\u00fcrg\u00f6r, \u201cMardin\u2019de \u00e7ifte bayram ya\u015f\u0131yoruz. 9 g\u00fcnl\u00fck tatil Mardin\u2019e \u00e7ifte bayram ya\u015fatt\u0131. Haziran\u2019da gelen turistleri damda yat\u0131rmaya ba\u015flayaca\u011f\u0131z. Mardin\u2019in \u00e7ok mistik bir havas\u0131 var, talep \u00e7ok yo\u011fun. Mardin hak etti\u011fi yere gelmeye ba\u015flad\u0131. Huzurun sa\u011flanmas\u0131 ile bunun meyvelerini almaya ba\u015flad\u0131k. Haziran, temmuz, a\u011fustos aylar\u0131nda d\u0131\u015f pazar\u0131n Mardin\u2019e gelmesini bekliyoruz. Uzakdo\u011fu\u2019dan \u00f6nc\u00fc gruplar geldi. \u0130n\u015fallah gelecek olan rezervasyonlar\u0131 gelecek turistlerimizi de\u011ferlendirece\u011fiz. Mardin merkez ve Midyat konaklar\u0131m\u0131z misafirlerimizin g\u00f6zdesi. O konaklarda gelen misafirlerimizin kendini g\u00f6rmesi \u00e7ok g\u00fczel. MARTOD olarak yeni bir projeye daha imza att\u0131k. Mardin Antalya g\u00fcn\u00fc birlik u\u00e7ak seferlerimiz yok ama Diyarbak\u0131r \u00fczerinden Rus turistler b\u00f6lgemize gelecek\u201d dedi.<\/p>\n<p>Mardin\u2019de turistleri en g\u00fczel \u015fekilde a\u011f\u0131rlad\u0131klar\u0131n\u0131 kaydeden esnaf, bu yo\u011funlu\u011fun devam etmesi i\u00e7in \u00e7aba g\u00f6stereceklerini kaydetti.<\/p>\n","protected":false},"excerpt":{"rendered":"<p>9 G\u00dcNL\u00dcK BAYRAM TAT\u0130L\u0130N\u0130 A\u00c7IK HAVA M\u00dcZES\u0130 G\u00d6R\u00dcN\u00dcM\u00dcNDE OLAN TAR\u0130H\u0130 MARD\u0130N\u2019DE K\u00dcLT\u00dcR VE DO\u011eA GEZ\u0130S\u0130 YAPARAK GE\u00c7\u0130RMEK \u0130STEYEN B\u0130NLERCE TAT\u0130LC\u0130 BU BAYRAM TERC\u0130H\u0130N\u0130 G\u00dcNEYDO\u011eU\u2019NUN \u0130NC\u0130S\u0130 MARD\u0130N\u2019DE KULLANDI.<\/p>\n","protected":false},"author":1,"featured_media":165822,"comment_status":"closed","ping_status":"open","sticky":false,"template":"","format":"standard","meta":{"jetpack_post_was_ever_published":false,"_jetpack_newsletter_access":"","_jetpack_dont_email_post_to_subs":false,"_jetpack_newsletter_tier_id":0,"_jetpack_memberships_contains_paywalled_content":false,"_jetpack_memberships_contains_paid_content":false,"footnotes":"","jetpack_publicize_message":"","jetpack_publicize_feature_enabled":true,"jetpack_social_post_already_shared":true,"jetpack_social_options":{"image_generator_settings":{"template":"highway","default_image_id":0,"font":"","enabled":false},"version":2}},"categories":[1],"tags":[23995,6744,1837],"class_list":["post-165821","post","type-post","status-publish","format-standard","has-post-thumbnail","hentry","category-genel","tag-bayram","tag-cifte","tag-mardinde"],"jetpack_publicize_connections":[],"jetpack_featured_media_url":"https:\/\/i0.wp.com\/www.tvturk.com\/wp-content\/uploads\/2019\/06\/mardinde-cifte-bayram_5f89a81.jpg?fit=1000%2C666","jetpack_sharing_enabled":true,"jetpack_shortlink":"https:\/\/wp.me\/paKIfm-H8x","_links":{"self":[{"href":"http:\/\/www.tvturk.com\/index.php\/wp-json\/wp\/v2\/posts\/165821","targetHints":{"allow":["GET"]}}],"collection":[{"href":"http:\/\/www.tvturk.com\/index.php\/wp-json\/wp\/v2\/posts"}],"about":[{"href":"http:\/\/www.tvturk.com\/index.php\/wp-json\/wp\/v2\/types\/post"}],"author":[{"embeddable":true,"href":"http:\/\/www.tvturk.com\/index.php\/wp-json\/wp\/v2\/users\/1"}],"replies":[{"embeddable":true,"href":"http:\/\/www.tvturk.com\/index.php\/wp-json\/wp\/v2\/comments?post=165821"}],"version-history":[{"count":0,"href":"http:\/\/www.tvturk.com\/index.php\/wp-json\/wp\/v2\/posts\/165821\/revisions"}],"wp:featuredmedia":[{"embeddable":true,"href":"http:\/\/www.tvturk.com\/index.php\/wp-json\/wp\/v2\/media\/165822"}],"wp:attachment":[{"href":"http:\/\/www.tvturk.com\/index.php\/wp-json\/wp\/v2\/media?parent=165821"}],"wp:term":[{"taxonomy":"category","embeddable":true,"href":"http:\/\/www.tvturk.com\/index.php\/wp-json\/wp\/v2\/categories?post=165821"},{"taxonomy":"post_tag","embeddable":true,"href":"http:\/\/www.tvturk.com\/index.php\/wp-json\/wp\/v2\/tags?post=165821"}],"curies":[{"name":"wp","href":"https:\/\/api.w.org\/{rel}","templated":true}]}}