{"id":165833,"date":"2019-06-04T12:24:15","date_gmt":"2019-06-04T09:24:15","guid":{"rendered":"http:\/\/www.tvturk.com\/index.php\/adanali-sehit-herkesi-aglatti\/"},"modified":"2019-06-04T12:24:15","modified_gmt":"2019-06-04T09:24:15","slug":"adanali-sehit-herkesi-aglatti","status":"publish","type":"post","link":"http:\/\/www.tvturk.com\/index.php\/adanali-sehit-herkesi-aglatti\/","title":{"rendered":"Adanal\u0131 \u015fehit herkesi a\u011flatt\u0131"},"content":{"rendered":"<p>Tunceli\u2019nin Ovac\u0131k il\u00e7esinde PKK\u2019l\u0131 ter\u00f6ristlerle girilen \u00e7at\u0131\u015fmada \u015fehit olan Jandarma Uzman Onba\u015f\u0131 Eren Y\u00fccel, Ramazan Bayram\u0131\u2019n\u0131n ilk g\u00fcn\u00fcnde topra\u011fa verildi. Cenaze t\u00f6reninde vatanda\u015flar ve \u015fehidin yak\u0131nlar\u0131 g\u00f6zya\u015flar\u0131na bo\u011fuldu.<\/p>\n<p>\u015eehit Jandarma Uzman Onba\u015f\u0131 Eren Y\u00fccel\u2019in cenazesi u\u00e7akla sabah saat 10.00 s\u0131ralar\u0131nda memleketi Adana\u2019ya getirildi. Helallik al\u0131nmas\u0131 i\u00e7in \u00f6nce Gazipa\u015fa Mahallesi\u2019ndeki baba oca\u011f\u0131na g\u00f6t\u00fcr\u00fclen \u015fehidin cenazesi daha sonra Kabasakal Mezarl\u0131\u011f\u0131\u2019na getirildi. Cenaze arac\u0131ndan indirilen \u015fehidin naa\u015f\u0131, silah arkada\u015flar\u0131n\u0131n omuzunda cenaze namaz\u0131n\u0131n k\u0131l\u0131naca\u011f\u0131 alana getirildi. \u015eehidin annesi Sevtap ve k\u0131z karde\u015fi Ebru Y\u00fccel g\u00f6zya\u015flar\u0131na bo\u011fuldu. Anne ve k\u0131z karde\u015fleri kad\u0131n askerler teskin etmeye \u00e7al\u0131\u015ft\u0131. G\u00fc\u00e7l\u00fckle ayakta durabilen \u015fehidin babas\u0131 Cabbar Y\u00fccel ise, cenaze alan\u0131na AK Parti S\u00f6zc\u00fcs\u00fc \u00d6mer \u00c7elik\u2019in kolunda geldi. K\u0131l\u0131nan cenaze namaz\u0131n\u0131n ard\u0131ndan Cumhurba\u015fkan\u0131 Recep Tayyip Erdo\u011fan\u2019\u0131n taziye dileklerini ileten \u00d6mer \u00c7elik, \u201c\u00dczerimize d\u00fc\u015fen biz bu vatanda onurlu ve \u015ferefli ya\u015fayal\u0131m diye canlar\u0131n\u0131 feda eden \u015fehitlerimizin emanetine sahip \u00e7\u0131kmakt\u0131r\u201d dedi.<\/p>\n<p>Bu arada \u015fehidin erkek karde\u015fi Emre Y\u00fccel\u2019in g\u00f6zya\u015flar\u0131na bo\u011fuldu\u011fu g\u00f6r\u00fcld\u00fc. \u00c7elik\u2019in konu\u015fmas\u0131n\u0131n ard\u0131ndan \u015fehidin T\u00fcrk bayra\u011f\u0131na sar\u0131l\u0131 tabutu, silah arkada\u015flar\u0131n\u0131n omuzlar\u0131nda tekrar cenaze arac\u0131na g\u00f6t\u00fcr\u00fcld\u00fc. Bu s\u0131rada bayram nedeniyle yak\u0131n\u0131n\u0131n mezar\u0131n\u0131 ziyarete gelen k\u00fc\u00e7\u00fck bir k\u0131z\u0131n g\u00f6zya\u015flar\u0131na bo\u011fuldu\u011fu g\u00f6r\u00fcld\u00fc. K\u0131z \u00e7ocu\u011funun annesi, &#8220;Hi\u00e7 tan\u0131m\u0131yoruz, akrabam\u0131z de\u011fil ama \u00e7ok \u00fcz\u00fcld\u00fck. Bayram g\u00fcn\u00fc \u015fehit olmu\u015f&#8221; dedi.<\/p>\n<p>\u015eehit, daha sonra cenaze arac\u0131yla \u015fehitli\u011fe g\u00f6t\u00fcr\u00fclerek topra\u011fa verildi. T\u00f6rene Adana Valisi Mahmut Demirta\u015f, milletvekilleri, Adana Emniyet M\u00fcd\u00fcr\u00fc Zafer Akta\u015f, komutanlar ve \u00e7ok say\u0131da polis m\u00fcd\u00fcr\u00fc ile vatanda\u015flar kat\u0131ld\u0131.<\/p>\n","protected":false},"excerpt":{"rendered":"<p>TUNCEL\u0130&#8217;N\u0130N OVACIK \u0130L\u00c7ES\u0130NDE PKK&#8217;LI TER\u00d6R\u0130STLERLE G\u0130R\u0130LEN \u00c7ATI\u015eMADA \u015eEH\u0130T OLAN JANDARMA UZMAN ONBA\u015eI EREN Y\u00dcCEL, RAMAZAN BAYRAMI&#8217;NIN \u0130LK G\u00dcN\u00dcNDE TOPRA\u011eA VER\u0130LD\u0130. CENAZE T\u00d6REN\u0130NDE VATANDA\u015eLAR VE \u015eEH\u0130D\u0130N YAKINLARI G\u00d6ZYA\u015eLARINA BO\u011eULDU.<\/p>\n","protected":false},"author":1,"featured_media":165834,"comment_status":"closed","ping_status":"open","sticky":false,"template":"","format":"standard","meta":{"jetpack_post_was_ever_published":false,"_jetpack_newsletter_access":"","_jetpack_dont_email_post_to_subs":false,"_jetpack_newsletter_tier_id":0,"_jetpack_memberships_contains_paywalled_content":false,"_jetpack_memberships_contains_paid_content":false,"footnotes":"","jetpack_publicize_message":"","jetpack_publicize_feature_enabled":true,"jetpack_social_post_already_shared":true,"jetpack_social_options":{"image_generator_settings":{"template":"highway","default_image_id":0,"font":"","enabled":false},"version":2}},"categories":[1],"tags":[8982,25644,10283,237],"class_list":["post-165833","post","type-post","status-publish","format-standard","has-post-thumbnail","hentry","category-genel","tag-adanali","tag-aglatti","tag-herkesi","tag-sehit"],"jetpack_publicize_connections":[],"jetpack_featured_media_url":"https:\/\/i0.wp.com\/www.tvturk.com\/wp-content\/uploads\/2019\/06\/adanali-sehit-herkesi-aglatti_c61acd0.jpg?fit=1000%2C666","jetpack_sharing_enabled":true,"jetpack_shortlink":"https:\/\/wp.me\/paKIfm-H8J","_links":{"self":[{"href":"http:\/\/www.tvturk.com\/index.php\/wp-json\/wp\/v2\/posts\/165833","targetHints":{"allow":["GET"]}}],"collection":[{"href":"http:\/\/www.tvturk.com\/index.php\/wp-json\/wp\/v2\/posts"}],"about":[{"href":"http:\/\/www.tvturk.com\/index.php\/wp-json\/wp\/v2\/types\/post"}],"author":[{"embeddable":true,"href":"http:\/\/www.tvturk.com\/index.php\/wp-json\/wp\/v2\/users\/1"}],"replies":[{"embeddable":true,"href":"http:\/\/www.tvturk.com\/index.php\/wp-json\/wp\/v2\/comments?post=165833"}],"version-history":[{"count":0,"href":"http:\/\/www.tvturk.com\/index.php\/wp-json\/wp\/v2\/posts\/165833\/revisions"}],"wp:featuredmedia":[{"embeddable":true,"href":"http:\/\/www.tvturk.com\/index.php\/wp-json\/wp\/v2\/media\/165834"}],"wp:attachment":[{"href":"http:\/\/www.tvturk.com\/index.php\/wp-json\/wp\/v2\/media?parent=165833"}],"wp:term":[{"taxonomy":"category","embeddable":true,"href":"http:\/\/www.tvturk.com\/index.php\/wp-json\/wp\/v2\/categories?post=165833"},{"taxonomy":"post_tag","embeddable":true,"href":"http:\/\/www.tvturk.com\/index.php\/wp-json\/wp\/v2\/tags?post=165833"}],"curies":[{"name":"wp","href":"https:\/\/api.w.org\/{rel}","templated":true}]}}