{"id":165837,"date":"2019-06-04T12:28:33","date_gmt":"2019-06-04T09:28:33","guid":{"rendered":"http:\/\/www.tvturk.com\/index.php\/bakan-kasapoglu-ailelerin-cocuklarini-spora-yonlendirme-egilimi-artti\/"},"modified":"2019-06-04T12:28:33","modified_gmt":"2019-06-04T09:28:33","slug":"bakan-kasapoglu-ailelerin-cocuklarini-spora-yonlendirme-egilimi-artti","status":"publish","type":"post","link":"http:\/\/www.tvturk.com\/index.php\/bakan-kasapoglu-ailelerin-cocuklarini-spora-yonlendirme-egilimi-artti\/","title":{"rendered":"Bakan kasapo\u011flu: &#8220;Ailelerin \u00e7ocuklar\u0131n\u0131 spora y\u00f6nlendirme e\u011filimi artt\u0131&#8221;"},"content":{"rendered":"<p>Gen\u00e7lik ve Spor Bakan\u0131 Dr. Mehmet Muharrem Kasapo\u011flu, 2018-2019 sezonu sona eren Anadolu Y\u0131ld\u0131zlar Ligi\u2019nde 21 bran\u015fta 22 bin sporcunun m\u00fccadele etti\u011fini belirterek, &#8220;Yap\u0131lan tesisler, uygulanan projelerimiz sayesinde anne babalar\u0131n \u00e7ocuklar\u0131n\u0131 spora y\u00f6nlendirme e\u011filimi artt\u0131. \u00dcmit ediyorum ki bu yat\u0131r\u0131mlar\u0131n meyvelerini, uluslararas\u0131 turnuvalarda ba\u015far\u0131lar kazanarak alaca\u011f\u0131z&#8221; dedi.<\/p>\n<p>Gen\u00e7lik ve Spor Bakanl\u0131\u011f\u0131 taraf\u0131ndan 2013\u2019te ba\u015flat\u0131lan Anadolu Y\u0131ld\u0131zlar Ligi\u2019nde (ANAL\u0130G) 2018-2019 sezonu yap\u0131lan m\u00fcsabakalarla tamamland\u0131. Gen\u00e7lik ve Spor Bakan\u0131 Dr. Mehmet Muharrem Kasapo\u011flu, 21 bran\u015fta 22 bin sporcunun kat\u0131ld\u0131\u011f\u0131 ANAL\u0130G\u2019de gelece\u011fin y\u0131ld\u0131z adaylar\u0131n\u0131n m\u00fccadele etti\u011fini ifade ederek, &#8220;Yap\u0131lan tesisler, uygulanan projeler sayesinde anne babalar\u0131n \u00e7ocuklar\u0131n\u0131 spora y\u00f6nlendirme e\u011filimi artt\u0131. \u00dcmit ediyorum ki bu yat\u0131r\u0131mlar\u0131n meyvelerini uluslar aras\u0131 turnuvalarda ba\u015far\u0131lar kazanarak alaca\u011f\u0131z&#8221; diye konu\u015ftu.<\/p>\n<p>Gen\u00e7lik ve Spor Bakanl\u0131\u011f\u0131 taraf\u0131ndan ba\u015flat\u0131lan Anadolu Y\u0131ld\u0131zlar Ligi projesinde alt\u0131nc\u0131 sezon geride kald\u0131. Sporun tabana yayg\u0131nla\u015ft\u0131r\u0131lmas\u0131, daha fazla m\u00fcsabakan\u0131n yap\u0131lmas\u0131, kul\u00fcplere ve milli tak\u0131mlara alt yap\u0131 olu\u015fturulmas\u0131, yetenekli sporcular\u0131n spora kazand\u0131r\u0131lmas\u0131 hedefleriyle olu\u015fturulan ANAL\u0130G\u2019de 2018-2019 sezonu yap\u0131lan finallerle tamamland\u0131.<\/p>\n<p>ANAL\u0130G m\u00fcsabakalar\u0131 2003, 2004, 2005 do\u011fumlu \u00e7ocuklar\u0131n kat\u0131l\u0131m\u0131yla 81 ilde ger\u00e7ekle\u015ftirildi. 21 bran\u015fta 12 bin 277\u2019si erkek, 10 bin 53\u2019\u00fc k\u0131z olmak \u00fczere toplam 22 bin 330 sporcu m\u00fccadele etti. ANAL\u0130G\u2019in G\u00fcre\u015f, Judo, Masa Tenisi, Y\u00fczme ve Bocce yar\u0131\u015flar\u0131 19 May\u0131s Atat\u00fcrk\u2019\u00fc Anma, Gen\u00e7lik ve Spor Bayram\u0131\u2019n\u0131n 100. Y\u0131l\u0131 etkinlikleri kapsam\u0131nda Samsun\u2019un ev sahipli\u011finde d\u00fczenlendi. Final Haftas\u0131nda, 52 ilden 970 sporcu madalya ve kupa m\u00fccadelesi verdi.<\/p>\n<p>ANAL\u0130G\u2019de yer alacak sporcular\u0131n se\u00e7imi \u0130l M\u00fcd\u00fcrl\u00fckleri b\u00fcnyesindeki il karmalar\u0131 antren\u00f6rler ve spor dal\u0131 temsilcilerinin bulundu\u011fu se\u00e7im komitesi taraf\u0131ndan okullarda ger\u00e7ekle\u015ftiriliyor. Okul Spor M\u00fcsabakalar\u0131nda yer almak isteyip kendilerine yer bulamayanlar da ANAL\u0130G ile olu\u015fturulan il karmalar\u0131na se\u00e7ilebiliyor. K\u0131z ve erkek sporcular yeteneklerine g\u00f6re bran\u015flara y\u00f6nlendiriliyor ve il karmalar\u0131 olu\u015fturuluyor. \u0130l grup m\u00fcsabakalar\u0131n\u0131n ard\u0131ndan b\u00f6lge elemeleriyle \u00fcst tura y\u00fckselenler belirleniyor. Ard\u0131ndan da T\u00fcrkiye Finalleri ile ANAL\u0130G sezonu tamamlan\u0131yor.<\/p>\n<p>ANAL\u0130G\u2019de tak\u0131m ve sporcular\u0131n giderleri Gen\u00e7lik ve Spor \u0130l M\u00fcd\u00fcrl\u00fckleri taraf\u0131ndan kar\u015f\u0131lan\u0131rken, m\u00fcsabakalar Gen\u00e7lik ve Spor Bakanl\u0131\u011f\u0131\u2019na ba\u011fl\u0131 spor tesislerinde yap\u0131ld\u0131. ANAL\u0130G yar\u0131\u015fmalar\u0131n\u0131n her a\u015famas\u0131nda karde\u015flik, yard\u0131mla\u015fma, ho\u015fg\u00f6r\u00fc de\u011ferleri \u00f6ne \u00e7\u0131kar\u0131l\u0131rken gezi etkinlikleri d\u00fczenlenerek sporcular\u0131n m\u00fcsabakaya gitti\u011fi ilin tarihi ve k\u00fclt\u00fcrel de\u011ferleri hakk\u0131nda bilgi edinmesi ama\u00e7land\u0131.<\/p>\n<p>&#8220;ANAL\u0130G\u2019de gelece\u011fin y\u0131ld\u0131z adaylar\u0131 yeti\u015fiyor&#8221;<\/p>\n<p>Gen\u00e7lik ve Spor Bakan\u0131 Dr. Mehmet Muharrem Kasapo\u011flu, ANAL\u0130G projesinin gen\u00e7lerin sa\u011fl\u0131kl\u0131, g\u00fc\u00e7l\u00fc nesiller olarak yeti\u015fmesi ve yeteneklerinin ortaya \u00e7\u0131kar\u0131lmas\u0131 a\u00e7\u0131s\u0131ndan b\u00fcy\u00fck \u00f6nem ta\u015f\u0131d\u0131\u011f\u0131n\u0131 belirterek, T\u00fcrkiye\u2019nin 81 ilinde uygulanan proje kapsam\u0131nda gelece\u011fin y\u0131ld\u0131z adaylar\u0131n\u0131n yeti\u015fti\u011fini s\u00f6yledi.<\/p>\n<p>T\u00fcrkiye\u2019nin d\u00f6rt bir yan\u0131na yap\u0131lan tesisler, uygulanan projeler sayesinde anne babalar\u0131n \u00e7ocuklar\u0131n\u0131 spora y\u00f6nlendirme e\u011filiminin artt\u0131\u011f\u0131n\u0131 vurgulayan Bakan Kasapo\u011flu, \u015f\u00f6yle konu\u015ftu:<\/p>\n<p>&#8220;Cumhurba\u015fkan\u0131m\u0131z Recep Tayyip Erdo\u011fan\u2019\u0131n \u00f6nderli\u011finde son 17 y\u0131ld\u0131r hem gen\u00e7li\u011fimiz hem de sporla ilgili devrim niteli\u011finde yat\u0131r\u0131mlar ger\u00e7ekle\u015ftirdik. \u00dclkemizin her \u015fehrinde, her il\u00e7esinde sportif anlamda tesisler kazand\u0131rd\u0131k. Bununla birlikte gen\u00e7li\u011fimiz i\u00e7in gen\u00e7lik merkezlerimizle, yurtlar\u0131m\u0131zla t\u00fcm T\u00fcrkiye\u2019yi ba\u015ftan sona donatt\u0131k. Yap\u0131lan g\u00fczel tesisler ile ailelerin \u00e7ocuklar\u0131n\u0131 spora y\u00f6nlendirme e\u011filiminin artt\u0131\u011f\u0131n\u0131 g\u00f6zlemliyorum.  Spor yapan \u00e7ocuklar okul hayatlar\u0131nda daha ba\u015far\u0131l\u0131 oluyor. Pes etmemeyi, g\u00fc\u00e7l\u00fcklerin \u00fcstesinden gelmenin hissini \u00e7ocuklar sporla kazan\u0131r. \u00c7ocuklar\u0131m\u0131z\u0131n spor yapmas\u0131, sadece profesyonel bir sporcu olmas\u0131 i\u00e7in de\u011fil, hem hayat\u0131 boyunca \u00f6zg\u00fcveni y\u00fcksek, disiplinli ve sosyal a\u00e7\u0131dan aktif bir birey olarak yeti\u015fmeleri hem de sorumluluklar\u0131n\u0131 yerine getiren bir birey olmalar\u0131 a\u00e7\u0131s\u0131ndan \u00e7ok \u00f6nemli bir fakt\u00f6r. \u0130stiyoruz ki; yediden yetmi\u015fe herkes spor yaps\u0131n, sporla i\u00e7 i\u00e7e bir hayat ya\u015fas\u0131n. \u0130stiyoruz ki; \u015fampiyonlar\u0131m\u0131z\u0131n say\u0131s\u0131 arts\u0131n, ba\u015far\u0131lar\u0131m\u0131z \u00e7o\u011fals\u0131n. Madalyalar\u0131m\u0131z \u00e7o\u011fals\u0131n. Sporcular\u0131m\u0131z her bran\u015fta d\u00fcnya \u00e7ap\u0131nda ba\u015far\u0131lar elde etsin. \u0130stiyoruz ki T\u00fcrkiye, b\u00fct\u00fcn d\u00fcnyada bir spor \u00fclkesi olarak an\u0131ls\u0131n.&#8221;<\/p>\n","protected":false},"excerpt":{"rendered":"<p>GEN\u00c7L\u0130K VE SPOR BAKANLI\u011eI TARAFINDAN BA\u015eLATILAN ANADOLU YILDIZLAR L\u0130G\u0130 PROJES\u0130NDE ALTINCI SEZON GER\u0130DE KALDI. SPORUN TABANA YAYGINLA\u015eTIRILMASI, DAHA FAZLA M\u00dcSABAKANIN YAPILMASI, KUL\u00dcPLERE VE M\u0130LL\u0130 TAKIMLARA ALT YAPI OLU\u015eTURULMASI, YETENEKL\u0130 SPORCULARIN SPORA KAZANDIRILMASI HEDEFLER\u0130YLE OLU\u015eTURULAN ANAL\u0130G\u2019DE 2018-2019 SEZONU YAPILAN F\u0130NALLERLE TAMAMLANDI.<\/p>\n","protected":false},"author":1,"featured_media":165838,"comment_status":"closed","ping_status":"open","sticky":false,"template":"","format":"standard","meta":{"jetpack_post_was_ever_published":false,"_jetpack_newsletter_access":"","_jetpack_dont_email_post_to_subs":false,"_jetpack_newsletter_tier_id":0,"_jetpack_memberships_contains_paywalled_content":false,"_jetpack_memberships_contains_paid_content":false,"footnotes":"","jetpack_publicize_message":"","jetpack_publicize_feature_enabled":true,"jetpack_social_post_already_shared":true,"jetpack_social_options":{"image_generator_settings":{"template":"highway","default_image_id":0,"font":"","enabled":false},"version":2}},"categories":[657],"tags":[25221,2929,742,7370,26007,3823,250,30218],"class_list":["post-165837","post","type-post","status-publish","format-standard","has-post-thumbnail","hentry","category-spor","tag-ailelerin","tag-artti","tag-bakan","tag-cocuklarini","tag-egilimi","tag-kasapoglu","tag-spora","tag-yonlendirme"],"jetpack_publicize_connections":[],"jetpack_featured_media_url":"https:\/\/i0.wp.com\/www.tvturk.com\/wp-content\/uploads\/2019\/06\/bakan-kasapoglu-ailelerin-cocuklarini-spora-yonlendirme-egilimi-artti_d884317.jpg?fit=1000%2C666","jetpack_sharing_enabled":true,"jetpack_shortlink":"https:\/\/wp.me\/paKIfm-H8N","_links":{"self":[{"href":"http:\/\/www.tvturk.com\/index.php\/wp-json\/wp\/v2\/posts\/165837","targetHints":{"allow":["GET"]}}],"collection":[{"href":"http:\/\/www.tvturk.com\/index.php\/wp-json\/wp\/v2\/posts"}],"about":[{"href":"http:\/\/www.tvturk.com\/index.php\/wp-json\/wp\/v2\/types\/post"}],"author":[{"embeddable":true,"href":"http:\/\/www.tvturk.com\/index.php\/wp-json\/wp\/v2\/users\/1"}],"replies":[{"embeddable":true,"href":"http:\/\/www.tvturk.com\/index.php\/wp-json\/wp\/v2\/comments?post=165837"}],"version-history":[{"count":0,"href":"http:\/\/www.tvturk.com\/index.php\/wp-json\/wp\/v2\/posts\/165837\/revisions"}],"wp:featuredmedia":[{"embeddable":true,"href":"http:\/\/www.tvturk.com\/index.php\/wp-json\/wp\/v2\/media\/165838"}],"wp:attachment":[{"href":"http:\/\/www.tvturk.com\/index.php\/wp-json\/wp\/v2\/media?parent=165837"}],"wp:term":[{"taxonomy":"category","embeddable":true,"href":"http:\/\/www.tvturk.com\/index.php\/wp-json\/wp\/v2\/categories?post=165837"},{"taxonomy":"post_tag","embeddable":true,"href":"http:\/\/www.tvturk.com\/index.php\/wp-json\/wp\/v2\/tags?post=165837"}],"curies":[{"name":"wp","href":"https:\/\/api.w.org\/{rel}","templated":true}]}}