{"id":165847,"date":"2019-06-04T13:07:19","date_gmt":"2019-06-04T10:07:19","guid":{"rendered":"http:\/\/www.tvturk.com\/index.php\/muhtar-olarak-olmek-istemisti-olmadi\/"},"modified":"2019-06-04T13:07:19","modified_gmt":"2019-06-04T10:07:19","slug":"muhtar-olarak-olmek-istemisti-olmadi","status":"publish","type":"post","link":"http:\/\/www.tvturk.com\/index.php\/muhtar-olarak-olmek-istemisti-olmadi\/","title":{"rendered":"Muhtar olarak \u00f6lmek istemi\u015fti olmad\u0131"},"content":{"rendered":"<p>Sivas\u2019ta 35 y\u0131l aral\u0131ks\u0131z muhtarl\u0131k yapan ancak 31 Mart se\u00e7imlerinde girdi\u011fi se\u00e7imi kaybeden 86 ya\u015f\u0131ndaki Mehmet Akta\u015f\u2019\u0131n cenazesinde iste\u011fi \u00fczerine selas\u0131 \u2019muhtar\u2019 olarak okundu.<\/p>\n<p>Altuntabak Mahallesi\u2019nde 35 y\u0131ld\u0131r muhtarl\u0131k yapan 85 ya\u015f\u0131ndaki Mehmet Akta\u015f, g\u00f6revi ba\u015f\u0131nda \u00f6lmek istedi\u011fi ve selas\u0131 okunurken \u201cmuhtar\u201d denilmesini iste\u011fi i\u00e7in ilerleyen ya\u015f\u0131na ra\u011fmen 31 Mart se\u00e7imlerinde tekrar aday oldu. 31 Mart se\u00e7imlerini kaybeden Akta\u015f, iki ay sonra ge\u00e7ti\u011fimiz g\u00fcn ge\u00e7irdi\u011fi kalp rahats\u0131zl\u0131\u011f\u0131 sonucu hayat\u0131n\u0131 kaybetti. Akta\u015f\u2019\u0131n g\u00f6revi ba\u015f\u0131nda \u00f6lme iste\u011fi ger\u00e7ekle\u015fmemi\u015f olsa da yak\u0131nlar\u0131 selas\u0131n\u0131 muhtar olarak okuttu.<\/p>\n<p>Akta\u015f\u2019\u0131n damad\u0131 Nevzat Y\u0131ld\u0131z, kay\u0131npederinin muhtar olarak vefat etmek istedi\u011fini ancak nasip olmad\u0131\u011f\u0131n\u0131 belirterek, \u201c35 y\u0131l aral\u0131ks\u0131z muhtarl\u0131k yapt\u0131. Son se\u00e7imde kaybetti. Hep g\u00f6revi ba\u015f\u0131nda \u00f6lmek isterdi, nasip olmad\u0131. Selas\u0131n\u0131n b\u00f6yle okunmas\u0131n\u0131 istemi\u015fti, biz de bunu yerine getirdik\u201d dedi.<\/p>\n<p>Akta\u015f, \u0130hlas Haber Ajans\u0131\u2019na yapt\u0131\u011f\u0131 bir a\u00e7\u0131klamada muhtar olarak \u00f6lmek istedi\u011fini ve selas\u0131nda \u2018muhtar\u2019 denilmesini istedi\u011fini belirtmi\u015fti. 31 Mart se\u00e7imleri \u00f6ncesi Akta\u015f, \u201c35 y\u0131lda yorulmad\u0131m. \u0130nsan zevkle yap\u0131nca yorulmuyor. Bir de bir vaadim var, eski muhtar \u00f6lm\u00fc\u015f de\u011fil de g\u00f6revdeki muhtar \u00f6lm\u00fc\u015f diye selam verilsin istiyorum. Vatanda\u015f beni isterse, \u00f6lene kadar b\u0131rakmayaca\u011f\u0131m\u201d demi\u015fti.<\/p>\n","protected":false},"excerpt":{"rendered":"<p>S\u0130VAS\u2019TA 35 YIL ARALIKSIZ MUHTARLIK YAPAN 86 YA\u015eINDAK\u0130 MEHMET AKTA\u015e, \u0130HLAS HABER AJANSI\u2019NA YAPTI\u011eI B\u0130R A\u00c7IKLAMADA MUHTAR OLARAK \u00d6LMEK \u0130STED\u0130\u011e\u0130N\u0130 VE SELASINDA \u2018MUHTAR\u2019 DEN\u0130LMES\u0130N\u0130 \u0130STED\u0130\u011e\u0130N\u0130 BEL\u0130RTM\u0130\u015eT\u0130. 31 MART SE\u00c7\u0130MLER\u0130 \u00d6NCES\u0130 AKTA\u015e, \u201c35 YILDA YORULMADIM. \u0130NSAN ZEVKLE YAPINCA YORULMUYOR. B\u0130R DE B\u0130R VAAD\u0130M VAR, ESK\u0130 MUHTAR \u00d6LM\u00dc\u015e DE\u011e\u0130L DE G\u00d6REVDEK\u0130 MUHTAR \u00d6LM\u00dc\u015e D\u0130YE SELAM VER\u0130LS\u0130N \u0130ST\u0130YORUM. VATANDA\u015e BEN\u0130 \u0130STERSE, \u00d6LENE KADAR BIRAKMAYACA\u011eIM\u201d DEM\u0130\u015eT\u0130.<\/p>\n","protected":false},"author":1,"featured_media":165848,"comment_status":"closed","ping_status":"open","sticky":false,"template":"","format":"standard","meta":{"jetpack_post_was_ever_published":false,"_jetpack_newsletter_access":"","_jetpack_dont_email_post_to_subs":false,"_jetpack_newsletter_tier_id":0,"_jetpack_memberships_contains_paywalled_content":false,"_jetpack_memberships_contains_paid_content":false,"footnotes":"","jetpack_publicize_message":"","jetpack_publicize_feature_enabled":true,"jetpack_social_post_already_shared":true,"jetpack_social_options":{"image_generator_settings":{"template":"highway","default_image_id":0,"font":"","enabled":false},"version":2}},"categories":[1],"tags":[39508,1363,5030,14446,18051],"class_list":["post-165847","post","type-post","status-publish","format-standard","has-post-thumbnail","hentry","category-genel","tag-istemisti","tag-muhtar","tag-olarak","tag-olmadi","tag-olmek"],"jetpack_publicize_connections":[],"jetpack_featured_media_url":"https:\/\/i0.wp.com\/www.tvturk.com\/wp-content\/uploads\/2019\/06\/muhtar-olarak-olmek-istemisti-olmadi_7275be9.jpg?fit=1000%2C666","jetpack_sharing_enabled":true,"jetpack_shortlink":"https:\/\/wp.me\/paKIfm-H8X","_links":{"self":[{"href":"http:\/\/www.tvturk.com\/index.php\/wp-json\/wp\/v2\/posts\/165847","targetHints":{"allow":["GET"]}}],"collection":[{"href":"http:\/\/www.tvturk.com\/index.php\/wp-json\/wp\/v2\/posts"}],"about":[{"href":"http:\/\/www.tvturk.com\/index.php\/wp-json\/wp\/v2\/types\/post"}],"author":[{"embeddable":true,"href":"http:\/\/www.tvturk.com\/index.php\/wp-json\/wp\/v2\/users\/1"}],"replies":[{"embeddable":true,"href":"http:\/\/www.tvturk.com\/index.php\/wp-json\/wp\/v2\/comments?post=165847"}],"version-history":[{"count":0,"href":"http:\/\/www.tvturk.com\/index.php\/wp-json\/wp\/v2\/posts\/165847\/revisions"}],"wp:featuredmedia":[{"embeddable":true,"href":"http:\/\/www.tvturk.com\/index.php\/wp-json\/wp\/v2\/media\/165848"}],"wp:attachment":[{"href":"http:\/\/www.tvturk.com\/index.php\/wp-json\/wp\/v2\/media?parent=165847"}],"wp:term":[{"taxonomy":"category","embeddable":true,"href":"http:\/\/www.tvturk.com\/index.php\/wp-json\/wp\/v2\/categories?post=165847"},{"taxonomy":"post_tag","embeddable":true,"href":"http:\/\/www.tvturk.com\/index.php\/wp-json\/wp\/v2\/tags?post=165847"}],"curies":[{"name":"wp","href":"https:\/\/api.w.org\/{rel}","templated":true}]}}