{"id":165855,"date":"2019-06-04T13:27:33","date_gmt":"2019-06-04T10:27:33","guid":{"rendered":"http:\/\/www.tvturk.com\/index.php\/selcuk-belediye-meclisinden-hayko-cepkine-fahri-hemsehrilik-unvani\/"},"modified":"2019-06-04T13:27:33","modified_gmt":"2019-06-04T10:27:33","slug":"selcuk-belediye-meclisinden-hayko-cepkine-fahri-hemsehrilik-unvani","status":"publish","type":"post","link":"http:\/\/www.tvturk.com\/index.php\/selcuk-belediye-meclisinden-hayko-cepkine-fahri-hemsehrilik-unvani\/","title":{"rendered":"Sel\u00e7uk Belediye Meclisinden Hayko Cepkin\u2019e fahri hem\u015fehrilik unvan\u0131"},"content":{"rendered":"<p>Sel\u00e7uk Belediyesi Haziran ay\u0131 Meclis toplant\u0131s\u0131nda sanat\u00e7\u0131 Hayko Cepkin\u2019e fahri hem\u015fehrilik unvan\u0131 verildi.<\/p>\n<p>Sel\u00e7uk Belediyesi Haziran ay\u0131 Meclis toplant\u0131s\u0131nda oy birli\u011fi ile sanat\u00e7\u0131 Hayko Cepkin\u2019e fahri hem\u015fehrilik unvan\u0131 verilmesine karar verildi. Sanat\u00e7\u0131ya Sel\u00e7uk Belediye Meclisi taraf\u0131ndan yapt\u0131\u011f\u0131 yenilik\u00e7i ve \u00f6zg\u00fcn m\u00fczik \u00e7al\u0131\u015fmalar\u0131yla \u00fclkemizin prestijini \u00fcst seviyelere \u00e7\u0131karmas\u0131, g\u00f6n\u00fcll\u00fc olarak kat\u0131ld\u0131\u011f\u0131 THK Para\u015f\u00fct Okulu faaliyetleri i\u00e7inde yer almas\u0131, \u00f6zellikle gen\u00e7lere \u00f6rnek olan \u00e7evreci, hayvan dostu ve aktivist kimli\u011fi, Sel\u00e7uk Efes\u2019in tan\u0131t\u0131lmas\u0131na sundu\u011fu katk\u0131 sebebiyle fahri hem\u015ferilik berat\u0131 verilmesine karar verildi.<\/p>\n<p>Hem\u015fehrilik berat\u0131n\u0131 Ba\u015fkan \u015eengel\u2019in elinden ald\u0131<\/p>\n<p>Sel\u00e7uk Belediyesinin Saint Jean Bazilikas\u0131\u2019nda d\u00fczenledi\u011fi Naz\u0131m Hikmet\u2019i anma etkinli\u011fine kat\u0131lan sanat\u00e7\u0131 Hayko Cepkin\u2019e s\u00fcrpriz yaparak hem\u015fehrilik berat\u0131n\u0131 takdim eden Sel\u00e7uk Belediye Ba\u015fkan\u0131 Filiz Cerito\u011flu Sengel, \u201cBizim i\u00e7in \u00e7ok k\u0131ymetli olan Sel\u00e7uk\u2019un tan\u0131t\u0131m\u0131nda \u00e7ok b\u00fcy\u00fck katk\u0131lar\u0131 olan ve her daim varl\u0131\u011f\u0131yla, s\u00f6zc\u00fckleriyle ve d\u00fc\u015f\u00fcnceleriyle Sel\u00e7uk Efes\u2019te hem\u015fehri gibi davranan Say\u0131n Hayko Cepkin\u2019i bug\u00fcn Belediye Meclisinde fahri hem\u015fehri ilan ettik. Hem\u015fehrilik berat\u0131n\u0131 t\u00fcm Sel\u00e7uk halk\u0131 ad\u0131na vermek istiyorum&#8221; dedi.<\/p>\n<p>Sanat\u00e7\u0131n\u0131n sadece Sel\u00e7uk\u2019un de\u011fil, T\u00fcrkiye\u2019nin uluslararas\u0131 anlamda \u00f6nemli bir de\u011feri oldu\u011funu ifade eden Sengel, &#8220;Bence bu berat gecikmi\u015f bir \u015feydi. Hayko Cepkin Sel\u00e7uk a\u015f\u0131\u011f\u0131 olan, Sel\u00e7uk\u2019a her zaman b\u00fcy\u00fck katk\u0131lar\u0131 olan birisidir. Biz bunu bir beratla ta\u00e7land\u0131rmak istedik\u201d diye konu\u015ftu.<\/p>\n<p>Hem\u015fehrilik berat\u0131n\u0131n kendisi i\u00e7in b\u00fcy\u00fck bir s\u00fcrpriz oldu\u011funu belirten Hayko Cepkin, &#8220;Burada bu g\u00fczel gecede bir ilki ya\u015f\u0131yorum. On senedir Sel\u00e7uk\u2019ta ya\u015f\u0131yorum. M\u00fcmk\u00fcn oldu\u011funca pop\u00fcler k\u00fclt\u00fcr\u00fcn i\u00e7erisinde ula\u015fabildi\u011fim her insana gerek televizyon programlar\u0131yla, gerekse yapt\u0131\u011f\u0131m aktivitelerle Sel\u00e7uk ile ilgili bir \u015feyler anlatmaya \u00e7al\u0131\u015ft\u0131m. \u015eimdi Sel\u00e7uk\u2019ta hem\u015fehri ilan edildi\u011fim i\u00e7in daha da mutluyum. Bundan sonra Sel\u00e7uk i\u00e7in daha g\u00fczel \u015feyler yapmaya \u00e7al\u0131\u015faca\u011f\u0131m\u201d diye konu\u015ftu.<\/p>\n","protected":false},"excerpt":{"rendered":"<p>T\u00dcRK\u0130YE&#8217;N\u0130N SEV\u0130LEN SANAT\u00c7ILARINDAN HAYKO CEPK\u0130N&#8217;E FAHR\u0130 HEM\u015eER\u0130L\u0130K UNVANI VER\u0130LD\u0130.<\/p>\n","protected":false},"author":1,"featured_media":165856,"comment_status":"closed","ping_status":"open","sticky":false,"template":"","format":"standard","meta":{"jetpack_post_was_ever_published":false,"_jetpack_newsletter_access":"","_jetpack_dont_email_post_to_subs":false,"_jetpack_newsletter_tier_id":0,"_jetpack_memberships_contains_paywalled_content":false,"_jetpack_memberships_contains_paid_content":false,"footnotes":"","jetpack_publicize_message":"","jetpack_publicize_feature_enabled":true,"jetpack_social_post_already_shared":true,"jetpack_social_options":{"image_generator_settings":{"template":"highway","default_image_id":0,"font":"","enabled":false},"version":2}},"categories":[1],"tags":[33429,134,39510,19686,39509,3376,4454,3098],"class_list":["post-165855","post","type-post","status-publish","format-standard","has-post-thumbnail","hentry","category-genel","tag-hemsehrilik","tag-belediye","tag-cepkine","tag-fahri","tag-hayko","tag-meclisinden","tag-selcuk","tag-unvani"],"jetpack_publicize_connections":[],"jetpack_featured_media_url":"https:\/\/i0.wp.com\/www.tvturk.com\/wp-content\/uploads\/2019\/06\/selcuk-belediye-meclisinden-hayko-cepkine-fahri-hemsehrilik-unvani_b2a746e.jpg?fit=1000%2C666","jetpack_sharing_enabled":true,"jetpack_shortlink":"https:\/\/wp.me\/paKIfm-H95","_links":{"self":[{"href":"http:\/\/www.tvturk.com\/index.php\/wp-json\/wp\/v2\/posts\/165855","targetHints":{"allow":["GET"]}}],"collection":[{"href":"http:\/\/www.tvturk.com\/index.php\/wp-json\/wp\/v2\/posts"}],"about":[{"href":"http:\/\/www.tvturk.com\/index.php\/wp-json\/wp\/v2\/types\/post"}],"author":[{"embeddable":true,"href":"http:\/\/www.tvturk.com\/index.php\/wp-json\/wp\/v2\/users\/1"}],"replies":[{"embeddable":true,"href":"http:\/\/www.tvturk.com\/index.php\/wp-json\/wp\/v2\/comments?post=165855"}],"version-history":[{"count":0,"href":"http:\/\/www.tvturk.com\/index.php\/wp-json\/wp\/v2\/posts\/165855\/revisions"}],"wp:featuredmedia":[{"embeddable":true,"href":"http:\/\/www.tvturk.com\/index.php\/wp-json\/wp\/v2\/media\/165856"}],"wp:attachment":[{"href":"http:\/\/www.tvturk.com\/index.php\/wp-json\/wp\/v2\/media?parent=165855"}],"wp:term":[{"taxonomy":"category","embeddable":true,"href":"http:\/\/www.tvturk.com\/index.php\/wp-json\/wp\/v2\/categories?post=165855"},{"taxonomy":"post_tag","embeddable":true,"href":"http:\/\/www.tvturk.com\/index.php\/wp-json\/wp\/v2\/tags?post=165855"}],"curies":[{"name":"wp","href":"https:\/\/api.w.org\/{rel}","templated":true}]}}