{"id":165859,"date":"2019-06-04T13:33:00","date_gmt":"2019-06-04T10:33:00","guid":{"rendered":"http:\/\/www.tvturk.com\/index.php\/esad-rejimi-bayramda-da-saldirilarini-surduruyor\/"},"modified":"2019-06-04T13:33:00","modified_gmt":"2019-06-04T10:33:00","slug":"esad-rejimi-bayramda-da-saldirilarini-surduruyor","status":"publish","type":"post","link":"http:\/\/www.tvturk.com\/index.php\/esad-rejimi-bayramda-da-saldirilarini-surduruyor\/","title":{"rendered":"Esad rejimi bayramda da sald\u0131r\u0131lar\u0131n\u0131 s\u00fcrd\u00fcr\u00fcyor"},"content":{"rendered":"<p>Suriye\u2019de Be\u015far Esad rejimi ve destek\u00e7ileri, \u0130dlib\u2019de bayram g\u00fcn\u00fcnde de sald\u0131r\u0131lar\u0131n\u0131 s\u00fcrd\u00fcr\u00fcyor.<\/p>\n<p>Suriye\u2019de M\u00fcsl\u00fcmanlar sald\u0131r\u0131lar\u0131n g\u00f6lgesinde Ramazan Bayram\u0131\u2019n\u0131 kutluyor. Esad rejimi ve destek\u00e7ileri hava sald\u0131r\u0131lar\u0131n\u0131 bayramda da s\u00fcrd\u00fcr\u00fcyor. Esad rejimi ve Rus sava\u015f u\u00e7aklar\u0131, gece saatlerinden bu yana \u0130dlib k\u0131rsal\u0131 ve Hama\u2019daki yerle\u015fim b\u00f6lgelerine hava sald\u0131r\u0131s\u0131 d\u00fczenliyor. Yerel kaynaklardan al\u0131nan bilgilere g\u00f6re, gece saatlerinden bu yana devam eden rejim sald\u0131r\u0131lar\u0131nda Kafr Nabl kasabas\u0131nda 1 \u00e7ocuk, Der Senbel kasabas\u0131nda 1 \u00e7ocuk hayat\u0131n\u0131 kaybetti, bir\u00e7ok sivil ise yaraland\u0131. \u0130dlib\u2019in g\u00fcneyindeki Mesaibin kasabas\u0131na d\u00fczenlenen sald\u0131r\u0131da bir hayvan \u00e7iftli\u011finin tamamen tahrip oldu\u011fu ve bir\u00e7ok ine\u011fin ise telef oldu\u011fu belirtildi.<\/p>\n<p>Be\u015far Esad rejimi, insanlar\u0131n ge\u00e7imlerini sa\u011flad\u0131klar\u0131 \u00e7iftliklere ve tar\u0131m arazilerine y\u00f6nelik sald\u0131r\u0131lar\u0131n\u0131 yo\u011funla\u015ft\u0131rd\u0131. Sald\u0131r\u0131lar nedeniyle y\u00fczlerce d\u00f6n\u00fcml\u00fck tarlalar ve \u00e7iftlikler kullan\u0131lamaz hale geldi.<\/p>\n","protected":false},"excerpt":{"rendered":"<p>SUR\u0130YE\u2019DE BE\u015eAR ESAD REJ\u0130M\u0130 VE DESTEK\u00c7\u0130LER\u0130, \u0130DL\u0130B\u2019DE BAYRAM G\u00dcN\u00dcNDE DE SALDIRILARINI S\u00dcRD\u00dcR\u00dcYOR.<\/p>\n","protected":false},"author":1,"featured_media":165860,"comment_status":"closed","ping_status":"open","sticky":false,"template":"","format":"standard","meta":{"jetpack_post_was_ever_published":false,"_jetpack_newsletter_access":"","_jetpack_dont_email_post_to_subs":false,"_jetpack_newsletter_tier_id":0,"_jetpack_memberships_contains_paywalled_content":false,"_jetpack_memberships_contains_paid_content":false,"footnotes":"","jetpack_publicize_message":"","jetpack_publicize_feature_enabled":true,"jetpack_social_post_already_shared":true,"jetpack_social_options":{"image_generator_settings":{"template":"highway","default_image_id":0,"font":"","enabled":false},"version":2}},"categories":[10],"tags":[33880,2104,2105,32635,1772],"class_list":["post-165859","post","type-post","status-publish","format-standard","has-post-thumbnail","hentry","category-dunya","tag-bayramda","tag-esad","tag-rejimi","tag-saldirilarini","tag-surduruyor"],"jetpack_publicize_connections":[],"jetpack_featured_media_url":"https:\/\/i0.wp.com\/www.tvturk.com\/wp-content\/uploads\/2019\/06\/esad-rejimi-bayramda-da-saldirilarini-surduruyor_a74b50b.jpg?fit=960%2C640","jetpack_sharing_enabled":true,"jetpack_shortlink":"https:\/\/wp.me\/paKIfm-H99","_links":{"self":[{"href":"http:\/\/www.tvturk.com\/index.php\/wp-json\/wp\/v2\/posts\/165859","targetHints":{"allow":["GET"]}}],"collection":[{"href":"http:\/\/www.tvturk.com\/index.php\/wp-json\/wp\/v2\/posts"}],"about":[{"href":"http:\/\/www.tvturk.com\/index.php\/wp-json\/wp\/v2\/types\/post"}],"author":[{"embeddable":true,"href":"http:\/\/www.tvturk.com\/index.php\/wp-json\/wp\/v2\/users\/1"}],"replies":[{"embeddable":true,"href":"http:\/\/www.tvturk.com\/index.php\/wp-json\/wp\/v2\/comments?post=165859"}],"version-history":[{"count":0,"href":"http:\/\/www.tvturk.com\/index.php\/wp-json\/wp\/v2\/posts\/165859\/revisions"}],"wp:featuredmedia":[{"embeddable":true,"href":"http:\/\/www.tvturk.com\/index.php\/wp-json\/wp\/v2\/media\/165860"}],"wp:attachment":[{"href":"http:\/\/www.tvturk.com\/index.php\/wp-json\/wp\/v2\/media?parent=165859"}],"wp:term":[{"taxonomy":"category","embeddable":true,"href":"http:\/\/www.tvturk.com\/index.php\/wp-json\/wp\/v2\/categories?post=165859"},{"taxonomy":"post_tag","embeddable":true,"href":"http:\/\/www.tvturk.com\/index.php\/wp-json\/wp\/v2\/tags?post=165859"}],"curies":[{"name":"wp","href":"https:\/\/api.w.org\/{rel}","templated":true}]}}