{"id":165881,"date":"2019-06-04T14:41:32","date_gmt":"2019-06-04T11:41:32","guid":{"rendered":"http:\/\/www.tvturk.com\/index.php\/kultur-ve-turizm-bakanliginin-ilk-halk-plaji-bodrumda-acildi\/"},"modified":"2019-06-04T14:41:32","modified_gmt":"2019-06-04T11:41:32","slug":"kultur-ve-turizm-bakanliginin-ilk-halk-plaji-bodrumda-acildi","status":"publish","type":"post","link":"http:\/\/www.tvturk.com\/index.php\/kultur-ve-turizm-bakanliginin-ilk-halk-plaji-bodrumda-acildi\/","title":{"rendered":"K\u00fclt\u00fcr ve Turizm Bakanl\u0131\u011f\u0131n\u0131n ilk halk plaj\u0131 Bodrum\u2019da a\u00e7\u0131ld\u0131"},"content":{"rendered":"<p>Bodrum\u2019da K\u00fclt\u00fcr ve Turizm Bakanl\u0131\u011f\u0131n\u0131n ilk halk plaj\u0131n\u0131 K\u00fclt\u00fcr ve Turizm Bakan\u0131 Mehmet Nuri Ersoy a\u00e7t\u0131. Bakan Ersoy, T\u00fcrkiye\u2019nin t\u00fcm sahillerine halk plaj\u0131 a\u00e7acaklar\u0131n\u0131n m\u00fcjdesini verdi.<\/p>\n<p>K\u00fclt\u00fcr ve Turizm Bakan\u0131 Mehmet Nuri Ersoy, Bodrum\u2019un Kumbah\u00e7e Mahallesi Tav\u015fanburnu mevkiinde K\u00fclt\u00fcr ve Turizm Bakanl\u0131\u011f\u0131na ait ilk halk plaj\u0131n\u0131n a\u00e7\u0131l\u0131\u015f\u0131n\u0131 yapt\u0131.  Devlete ait hazine arazisi \u00fczerine kurulan 15 d\u00f6n\u00fcml\u00fck denize s\u0131f\u0131r alanda yakla\u015f\u0131k bin ki\u015fi denizin keyfini Bakanl\u0131\u011f\u0131n plaj\u0131nda s\u00fcrecek. Yakla\u015f\u0131k 3 milyon liraya mal olan plaj\u0131n a\u00e7\u0131l\u0131\u015f\u0131n\u0131 Bakan Mehmet Nuri Ersoy, Bakan Yard\u0131mc\u0131lar\u0131 \u00d6zg\u00fcl \u00d6zkan Yavuz ile Nadir Alpaslan, AK Parti Mu\u011fla Milletvekili Mehmet Yavuz Demir, Bodrum Kaymakam\u0131 Bekir Y\u0131lmaz, Bodrum Belediye Ba\u015fkan\u0131 CHP\u2019li Ahmet Aras, AK Parti Bodrum \u0130l\u00e7e Ba\u015fkan\u0131 \u00d6mer \u00d6zmen, daire m\u00fcd\u00fcrleri, siyasi ve sivil toplum kurulu\u015flar\u0131n\u0131n temsilcileri ile birlikte yapt\u0131.<\/p>\n<p>Plajda incelemeler yapan Bakan Ersoy, T\u00fcrkiye\u2019de turizmde y\u00fckseli\u015fin oldu\u011funu ifade ederek \u201cGe\u00e7en y\u0131ldan itibaren hem hedefleri y\u00fckselttik ve hem de turizmde hizmette kaliteyi artt\u0131rd\u0131k. Amac\u0131m\u0131z konaklama turizminin 81 ilde yap\u0131lmas\u0131n\u0131 sa\u011flamak. Turizm b\u00f6lgelerinde yerel halk\u0131nda sonu\u00e7lar\u0131n\u0131 g\u00f6rd\u00fc\u011f\u00fc turizmin yo\u011fun yap\u0131ld\u0131\u011f\u0131 b\u00f6lgelerde yerel halk\u0131n da yararlanaca\u011f\u0131 baz\u0131 uygulamalar\u0131 hayata ge\u00e7irmeye ba\u015flad\u0131k. Halk plajlar\u0131 da bu uygulamalardan biri\u201d dedi.<\/p>\n<p>Bodrum ve \u00c7e\u015fme\u2019de sonra t\u00fcm T\u00fcrkiye\u2019ye a\u00e7\u0131lacak<\/p>\n<p>Ersoy, ilk plajlar\u0131n\u0131 Bodrum ve \u00c7e\u015fme\u2019ye a\u00e7t\u0131klar\u0131n\u0131 belirterek, \u201cHalk plajlar\u0131n\u0131n ilkini Bodrum\u2019da bug\u00fcn a\u00e7t\u0131k. Her y\u0131l 4-5 tane ilave ederek ihtiya\u00e7 duyulan b\u00f6lgelerde yapmaya devam edece\u011fiz. Halk plajlar\u0131 b\u00f6lgedeki emsallere g\u00f6re \u00e7ok daha makul fiyatlarda hizmet verecek. Bodrum ve \u00c7e\u015fme halk\u0131na hay\u0131rl\u0131 olsun diyorum. \u00d6n\u00fcm\u00fczdeki y\u0131llarda Mu\u011fla, Ayd\u0131n ve Antalya il\u00e7elerine bu sistemi yayg\u0131nla\u015ft\u0131rmaya devam edece\u011fiz, halk\u0131m\u0131z\u0131n bu ihtiya\u00e7lardan yararlanmas\u0131n\u0131 sa\u011flayaca\u011f\u0131z\u201d \u015feklinde konu\u015ftu.<\/p>\n<p>Plaj a\u00e7\u0131l\u0131\u015f\u0131n\u0131n ard\u0131ndan Bodrum Kalesini de inceleyen Bakan Ersoy, \u201cRestorasyon bizim i\u00e7in \u00e7ok \u00f6nemliydi. Bodrum merkezin canlanmas\u0131 ve kruz ziyaretlerinin tekrar programa dahil olabilmesi i\u00e7in acilen kalenin tekrar devreye al\u0131nmas\u0131 gerekiyordu. Ta\u015feron firma geceli g\u00fcnd\u00fczl\u00fc \u00e7al\u0131\u015farak 18 May\u0131s tarihine a\u00e7\u0131l\u0131\u015f\u0131 yeti\u015ftirdik. \u0130kinci hedefimiz sahnenin hizmete al\u0131nmas\u0131yd\u0131. Buray\u0131 sadece turistlik ama\u00e7la g\u00f6rm\u00fcyoruz. Turizmden maksimum gelir etmeliyiz. Esnaf\u0131n ve \u00e7ar\u015f\u0131 merkezinin canlanmas\u0131 i\u00e7in sadece kaleyi hizmete a\u00e7mam\u0131z yeterli de\u011fildi. Sahnenin 1 Haziran\u2019da a\u00e7\u0131lmas\u0131 i\u00e7in s\u00f6z vermi\u015ftik. 10 Haziran itibariyle \u015fef Tolga Tavi\u015f y\u00f6netiminde, \u00fcnl\u00fc m\u00fczisyenimiz Burhan \u00d6cal ve \u0130zmir Devlet Senfoni Orkestras\u0131 e\u015fli\u011finde konser d\u00fczenlenecek. Yabanc\u0131 davetlilerin de i\u00e7inde oldu\u011fu \u00e7ok \u00f6nemli programlar haz\u0131rlad\u0131k. Amac\u0131m\u0131z her ak\u015fam Bodrum kalesindeki sahne ile antik tiyatronun dolu dolu programlar ile ge\u00e7mesi. \u00dc\u00e7\u00fcnc\u00fc s\u00f6z\u00fcm\u00fcz de Bodrum Sualt\u0131 M\u00fczesi\u2019nin tekrar hayata ge\u00e7irilmesidir. Bodrum Mimarlar Odas\u0131\u2019n\u0131n \u00f6nerdi\u011fi lokasyonda \u00f6d\u00fcll\u00fc bir yar\u0131\u015fma d\u00fczenleyece\u011fiz Yar\u0131\u015fmada birinci olacak projeyi hayata ge\u00e7irece\u011fiz. Bu ba\u011flamda \u00e7al\u0131\u015fmalar\u0131m\u0131z devam ediyor. Bodrum i\u00e7in ne s\u00f6z verdiysek yapmaya devam ediyoruz\u201d dedi.<\/p>\n<p>K\u00fclt\u00fcr ve Turizm Bakan Yard\u0131mc\u0131s\u0131 \u00d6zg\u00fcl \u00d6zkan Yavuz ise, bas\u0131n mensuplar\u0131na Bodrum ve sahil \u015feritlerinde yapacaklar\u0131 etkinlikleri anlatarak, \u201cRestorasyon \u00e7al\u0131\u015fmalar\u0131 sonras\u0131nda, 1 Haziran 2019 tarihinden itibaren hizmet vermeye ba\u015flayan Bodrum Kalesi Kuzey Hende\u011fi Konser Alan\u0131\u2019nda, ilk kez bu y\u0131l, 10 Haziran &#8211; 11 Eyl\u00fcl 2019 tarihleri aras\u0131nda konserler d\u00fczenleyece\u011fiz. Konserler, ilk olarak, 10 Haziran\u2019da \u015fef Tolga Tavi\u015f y\u00f6netiminde, \u00fcnl\u00fc m\u00fczisyenimiz Burhan \u00d6cal ve \u0130zmir Devlet Senfoni Orkestras\u0131 e\u015fli\u011finde ba\u015flayacak. \u0130lerleyen g\u00fcnlerde ise Bodrum Oda Orkestras\u0131, \u0130nce Saz, Rubato, Arp Anatolia, 90\u2019lar nostalji birbirinden g\u00fczel konserlerle 11 Eyl\u00fcl\u2018e dek devam edecektir. Ayr\u0131ca konserlerimiz kapsam\u0131nda, d\u00fcnyaca \u00fcnl\u00fc m\u00fczisyenimiz \u0130dil Biret ise \u0130zmir Devlet Senfoni Orkestras\u0131 e\u015fli\u011finde, 2 Temmuz tarihinde Bodrum Antik Tiyatro\u2019da sahne alacak. Konserler 17 Haziran\u2019da 3 Soprano ve 3 Bas ile ba\u015flayacak ve 25 A\u011fustos\u2019ta \u0130zmir Devlet Senfoni Orkestras\u0131\u2019na, Mario Frangoulis\u2019in e\u015flik edece\u011fi muhte\u015fem bir konserle sona erecektir. Yaz etkinliklerimiz sadece konserlerle de s\u0131n\u0131rl\u0131 de\u011fil. Bodrum, ayn\u0131 zamanda bu sene, 17.\u2019si d\u00fczenlenen Uluslararas\u0131 Bodrum Bale Festivaline de, 03 &#8211; 21 A\u011fustos tarihleri aras\u0131nda Bodrum Kalesi\u2019nde ev sahipli\u011fi yapacakt\u0131r. Festivalimizde Devlet Opera ve balemizin Frida ve Jizel Modern Dans G\u00f6sterileri ile Romeo ve Juliet, \u015eehrazat, Bale g\u00f6sterileri yer al\u0131rken, ayn\u0131 zamanda \u0130spanya ve G\u00fcrcistan\u2019dan festivalimize kat\u0131lan topluluklar\u0131m\u0131z\u0131n dans ve bale g\u00f6sterileri de festivalimizi renklendirecektir\u201d ifadelerine yer verdi.<\/p>\n","protected":false},"excerpt":{"rendered":"<p>BODRUM\u2019DA A\u00c7ILAN K\u00dcLT\u00dcR VE TUR\u0130ZM BAKANLI\u011eININ \u0130LK HALK PLAJINI K\u00dcLT\u00dcR VE TUR\u0130ZM BAKANI MEHMET NUR\u0130 ERSOY A\u00c7TI. BAKAN ERSOY T\u00dcRK\u0130YE\u2019N\u0130N T\u00dcM SAH\u0130LLER\u0130NE HALK PLAJI A\u00c7ACAKLARININ M\u00dcJDES\u0130N\u0130 VERD\u0130.<\/p>\n","protected":false},"author":1,"featured_media":165882,"comment_status":"closed","ping_status":"open","sticky":false,"template":"","format":"standard","meta":{"jetpack_post_was_ever_published":false,"_jetpack_newsletter_access":"","_jetpack_dont_email_post_to_subs":false,"_jetpack_newsletter_tier_id":0,"_jetpack_memberships_contains_paywalled_content":false,"_jetpack_memberships_contains_paid_content":false,"footnotes":"","jetpack_publicize_message":"","jetpack_publicize_feature_enabled":true,"jetpack_social_post_already_shared":true,"jetpack_social_options":{"image_generator_settings":{"template":"highway","default_image_id":0,"font":"","enabled":false},"version":2}},"categories":[1],"tags":[288,27297,675,1933,37,630,19194,2184],"class_list":["post-165881","post","type-post","status-publish","format-standard","has-post-thumbnail","hentry","category-genel","tag-acildi","tag-bakanliginin","tag-bodrumda","tag-halk","tag-ilk","tag-kultur","tag-plaji","tag-turizm"],"jetpack_publicize_connections":[],"jetpack_featured_media_url":"https:\/\/i0.wp.com\/www.tvturk.com\/wp-content\/uploads\/2019\/06\/kultur-ve-turizm-bakanliginin-ilk-halk-plaji-bodrumda-acildi_b864598.jpg?fit=1000%2C666","jetpack_sharing_enabled":true,"jetpack_shortlink":"https:\/\/wp.me\/paKIfm-H9v","_links":{"self":[{"href":"http:\/\/www.tvturk.com\/index.php\/wp-json\/wp\/v2\/posts\/165881","targetHints":{"allow":["GET"]}}],"collection":[{"href":"http:\/\/www.tvturk.com\/index.php\/wp-json\/wp\/v2\/posts"}],"about":[{"href":"http:\/\/www.tvturk.com\/index.php\/wp-json\/wp\/v2\/types\/post"}],"author":[{"embeddable":true,"href":"http:\/\/www.tvturk.com\/index.php\/wp-json\/wp\/v2\/users\/1"}],"replies":[{"embeddable":true,"href":"http:\/\/www.tvturk.com\/index.php\/wp-json\/wp\/v2\/comments?post=165881"}],"version-history":[{"count":0,"href":"http:\/\/www.tvturk.com\/index.php\/wp-json\/wp\/v2\/posts\/165881\/revisions"}],"wp:featuredmedia":[{"embeddable":true,"href":"http:\/\/www.tvturk.com\/index.php\/wp-json\/wp\/v2\/media\/165882"}],"wp:attachment":[{"href":"http:\/\/www.tvturk.com\/index.php\/wp-json\/wp\/v2\/media?parent=165881"}],"wp:term":[{"taxonomy":"category","embeddable":true,"href":"http:\/\/www.tvturk.com\/index.php\/wp-json\/wp\/v2\/categories?post=165881"},{"taxonomy":"post_tag","embeddable":true,"href":"http:\/\/www.tvturk.com\/index.php\/wp-json\/wp\/v2\/tags?post=165881"}],"curies":[{"name":"wp","href":"https:\/\/api.w.org\/{rel}","templated":true}]}}