{"id":165893,"date":"2019-06-04T15:10:14","date_gmt":"2019-06-04T12:10:14","guid":{"rendered":"http:\/\/www.tvturk.com\/index.php\/ilker-aycidan-istanbul-havalimani-personeli-ve-yolcularina-bayram-ziyareti\/"},"modified":"2019-06-04T15:10:14","modified_gmt":"2019-06-04T12:10:14","slug":"ilker-aycidan-istanbul-havalimani-personeli-ve-yolcularina-bayram-ziyareti","status":"publish","type":"post","link":"http:\/\/www.tvturk.com\/index.php\/ilker-aycidan-istanbul-havalimani-personeli-ve-yolcularina-bayram-ziyareti\/","title":{"rendered":"\u0130lker Ayc\u0131\u2019dan \u0130stanbul Havaliman\u0131 personeli ve yolcular\u0131na bayram ziyareti"},"content":{"rendered":"<p>T\u00fcrk Hava Yollar\u0131 (THY) Y\u00f6netim Kurulu Ba\u015fkan\u0131 \u0130lker Ayc\u0131, Ramazan Bayram\u0131\u2019n\u0131n ilk g\u00fcn\u00fcnde \u0130stanbul Havaliman\u0131\u2019nda g\u00f6revli \u00e7al\u0131\u015fanlar ve yolcularla bayramla\u015ft\u0131.<\/p>\n<p>T\u00fcrk Hava Yollar\u0131 (THY) Y\u00f6netim Kurulu Ba\u015fkan\u0131 \u0130lker Ayc\u0131, \u00f6\u011fle saatlerinde \u0130stanbul Havaliman\u0131 terminaline gelerek bilet ve bagaj i\u015flemlerinin yap\u0131ld\u0131\u011f\u0131 kontuarlarda g\u00f6revli personelleri ziyaret etti. \u00c7al\u0131\u015fanlar\u0131n bayram\u0131n\u0131 kutlayan Ayc\u0131, operasyonlar\u0131 da yerinde inceledi. Turk\u0131sh Ground Services (TGS) Genel M\u00fcd\u00fcr\u00fc Nurzat Erkal\u2019\u0131n da e\u015flik etti\u011fi Ayc\u0131, ziyaret  s\u0131ras\u0131nda Businnes Class kontuar\u0131nda kar\u015f\u0131la\u015ft\u0131\u011f\u0131 sanat\u00e7\u0131 Muazzez Ersoy\u2019un bayram\u0131n\u0131 tebrik ederek ayak\u00fcst\u00fc sohbet etti.<\/p>\n<p>Sohbet s\u0131ras\u0131nda \u0130stanbul Havaliman\u0131\u2019yla ilgili d\u00fc\u015f\u00fcncelerini dile getiren Ersoy, \u201cHavaliman\u0131 muhte\u015fem. Kelimeler bu g\u00fczelli\u011fi anlatmaya yetmez. B\u00f6yle bir \u015fey \u00fclkemiz i\u00e7in ola\u011fan\u00fcst\u00fc g\u00fczel oldu\u201d s\u00f6zleriyle havaliman\u0131n\u0131 \u00e7ok be\u011fendi\u011fini ifade etti.<\/p>\n","protected":false},"excerpt":{"rendered":"<p>T\u00dcRK HAVA YOLLARI (THY) Y\u00d6NET\u0130M KURULU BA\u015eKANI \u0130LKER AYCI, RAMAZAN BAYRAMI\u2019NIN \u0130LK G\u00dcN\u00dcNDE \u0130STANBUL HAVAL\u0130MANI\u2019NDA G\u00d6REVL\u0130 \u00c7ALI\u015eANLAR VE YOLCULARLA BAYRAMLA\u015eTI.<\/p>\n","protected":false},"author":1,"featured_media":165894,"comment_status":"closed","ping_status":"open","sticky":false,"template":"","format":"standard","meta":{"jetpack_post_was_ever_published":false,"_jetpack_newsletter_access":"","_jetpack_dont_email_post_to_subs":false,"_jetpack_newsletter_tier_id":0,"_jetpack_memberships_contains_paywalled_content":false,"_jetpack_memberships_contains_paid_content":false,"footnotes":"","jetpack_publicize_message":"","jetpack_publicize_feature_enabled":true,"jetpack_social_post_already_shared":true,"jetpack_social_options":{"image_generator_settings":{"template":"highway","default_image_id":0,"font":"","enabled":false},"version":2}},"categories":[1],"tags":[37492,23995,9293,28933,730,9603,22012,1730],"class_list":["post-165893","post","type-post","status-publish","format-standard","has-post-thumbnail","hentry","category-genel","tag-aycidan","tag-bayram","tag-havalimani","tag-ilker","tag-istanbul","tag-personeli","tag-yolcularina","tag-ziyareti"],"jetpack_publicize_connections":[],"jetpack_featured_media_url":"https:\/\/i0.wp.com\/www.tvturk.com\/wp-content\/uploads\/2019\/06\/ilker-aycidan-istanbul-havalimani-personeli-ve-yolcularina-bayram-ziyareti_9d84310.jpg?fit=1000%2C664","jetpack_sharing_enabled":true,"jetpack_shortlink":"https:\/\/wp.me\/paKIfm-H9H","_links":{"self":[{"href":"http:\/\/www.tvturk.com\/index.php\/wp-json\/wp\/v2\/posts\/165893","targetHints":{"allow":["GET"]}}],"collection":[{"href":"http:\/\/www.tvturk.com\/index.php\/wp-json\/wp\/v2\/posts"}],"about":[{"href":"http:\/\/www.tvturk.com\/index.php\/wp-json\/wp\/v2\/types\/post"}],"author":[{"embeddable":true,"href":"http:\/\/www.tvturk.com\/index.php\/wp-json\/wp\/v2\/users\/1"}],"replies":[{"embeddable":true,"href":"http:\/\/www.tvturk.com\/index.php\/wp-json\/wp\/v2\/comments?post=165893"}],"version-history":[{"count":0,"href":"http:\/\/www.tvturk.com\/index.php\/wp-json\/wp\/v2\/posts\/165893\/revisions"}],"wp:featuredmedia":[{"embeddable":true,"href":"http:\/\/www.tvturk.com\/index.php\/wp-json\/wp\/v2\/media\/165894"}],"wp:attachment":[{"href":"http:\/\/www.tvturk.com\/index.php\/wp-json\/wp\/v2\/media?parent=165893"}],"wp:term":[{"taxonomy":"category","embeddable":true,"href":"http:\/\/www.tvturk.com\/index.php\/wp-json\/wp\/v2\/categories?post=165893"},{"taxonomy":"post_tag","embeddable":true,"href":"http:\/\/www.tvturk.com\/index.php\/wp-json\/wp\/v2\/tags?post=165893"}],"curies":[{"name":"wp","href":"https:\/\/api.w.org\/{rel}","templated":true}]}}