{"id":165905,"date":"2019-06-04T15:45:20","date_gmt":"2019-06-04T12:45:20","guid":{"rendered":"http:\/\/www.tvturk.com\/index.php\/mardindeki-bayramlasmaya-suryaniler-de-katildi\/"},"modified":"2019-06-04T15:45:20","modified_gmt":"2019-06-04T12:45:20","slug":"mardindeki-bayramlasmaya-suryaniler-de-katildi","status":"publish","type":"post","link":"http:\/\/www.tvturk.com\/index.php\/mardindeki-bayramlasmaya-suryaniler-de-katildi\/","title":{"rendered":"Mardin\u2019deki bayramla\u015fmaya S\u00fcryaniler de kat\u0131ld\u0131"},"content":{"rendered":"<p>Ramazan Bayram\u0131 dolay\u0131s\u0131yla Mardin Valili\u011fi taraf\u0131ndan d\u00fczenlenen bayramla\u015fma program\u0131na S\u00fcryani vatanda\u015flar da kat\u0131ld\u0131. Bayramla\u015fma t\u00f6reninde karde\u015flik ve dostluk mesajlar\u0131 verildi.<\/p>\n<p>Mardin Valili\u011fi Atat\u00fcrk K\u00fclt\u00fcr Merkezi\u2019nde bayramla\u015fma program\u0131 d\u00fczenledi. Programa Vali Mustafa Yaman, AK Parti Mardin Milletvekili Cengiz Demirkaya, Mardin-Diyarbak\u0131r Metropoliti Saliba \u00d6zmen ve K\u0131rklar Kilisesi Ba\u015fpapaz\u0131 Gabriyel Aky\u00fcz ile S\u00fcryani cemaat temsilcileri, AK Parti MKYK \u00dcyesi Orhan Miro\u011flu, 70. Mekanize Piyade Tugay Komutan\u0131 Tu\u011fgeneral Fedai \u00dcnsal, \u0130l Jandarma Komutan\u0131 Tu\u011fgeneral Yusuf Kenan Top\u00e7u, \u0130l Emniyet M\u00fcd\u00fcr\u00fc Hasan Onar, AK Parti Mardin \u0130l Ba\u015fkan\u0131 Faruk K\u0131l\u0131\u00e7, T\u00fcrkiye G\u00fcvenlik Korucular\u0131 ve \u015eehit Aileleri Federasyonu Ba\u015fkan\u0131 Orhan Kandemir, T\u00dcGVA Midyat temsilcisi Zeki \u00c7i\u00e7ek ile kamu kurumlar\u0131 ve sivil toplum kurulu\u015flar\u0131n\u0131n temsilcileri kat\u0131ld\u0131.<\/p>\n<p>Bayramla\u015fma program\u0131nda konu\u015fan Vali Yaman, tarih, k\u00fclt\u00fcr, medeniyet ve ho\u015fg\u00f6r\u00fc \u015fehrinde huzurlu bir bayram ge\u00e7irdiklerini ifade ederek Mardin\u2019in \u00e7ok k\u00fclt\u00fcrl\u00fc bir \u015fehir oldu\u011funa, farkl\u0131 inan\u00e7lara mensup vatanda\u015flar\u0131n huzur i\u00e7inde bir arada, y\u00fczy\u0131llard\u0131r ya\u015fad\u0131\u011f\u0131na i\u015faret etti. Vali Yaman, &#8220;Ge\u00e7en ay S\u00fcryani vatanda\u015flar\u0131m\u0131z\u0131n Paskalya Bayram\u0131\u2019n\u0131 kutlam\u0131\u015ft\u0131k. Bug\u00fcn de onlarla beraber Ramazan Bayram\u0131\u2019n\u0131 kutluyoruz. Mardin hep b\u00f6yle. B\u00fct\u00fcn inan\u00e7lar, k\u00fclt\u00fcrler bir arada. \u00c7ok dilli, \u00e7ok k\u00fclt\u00fcrl\u00fc ve \u00e7ok zengin bir \u015fehir. \u0130n\u015fallah bu huzur, birlik ve beraberlik, beraber ya\u015fama k\u00fclt\u00fcr\u00fc ilelebet devam edecektir&#8221; dedi.<\/p>\n<p>Metropolit \u00d6zmen ise \u0130slam aleminin Ramazan Bayram\u0131\u2019n\u0131 kutlayarak, &#8220;Paskalya Bayram\u0131\u2019n\u0131 beraber kutlad\u0131k. Bug\u00fcn de Ramazan Bayram\u0131\u2019n\u0131 beraber kutluyoruz. M\u00fcsl\u00fcman\u2019\u0131, Hristiyan\u2019\u0131 ile bayramlar\u0131 b\u00fcy\u00fck bir co\u015fkuyla kutluyoruz. Bu bayram\u0131n hem b\u00f6lgemize hem \u00fclkemize hem de d\u00fcnyaya bar\u0131\u015f getirmesini diliyoruz. Cumhurba\u015fkan\u0131 ba\u015fta olmak \u00fczere b\u00fct\u00fcn devlet erkan\u0131m\u0131z\u0131n ve M\u00fcsl\u00fcmanlar\u0131n bayram\u0131n\u0131 \u015fahs\u0131m ve S\u00fcryani cemaati ad\u0131na b\u00fct\u00fcn kalbimle kutluyorum&#8221; diye konu\u015ftu.<\/p>\n<p>Bayramla\u015fma program\u0131 hat\u0131ra foto\u011fraflar\u0131 ile son buldu.<\/p>\n","protected":false},"excerpt":{"rendered":"<p>RAMAZAN BAYRAMI DOLAYISIYLA MARD\u0130N VAL\u0130L\u0130\u011e\u0130 TARAFINDAN D\u00dcZENLENEN BAYRAMLA\u015eMA PROGRAMINA S\u00dcRYAN\u0130 VATANDA\u015eLAR DA KATILDI. BAYRAMLA\u015eMA T\u00d6REN\u0130NDE KARDE\u015eL\u0130K VE DOSTLUK MESAJLARI VER\u0130LD\u0130.<\/p>\n","protected":false},"author":1,"featured_media":165906,"comment_status":"closed","ping_status":"open","sticky":false,"template":"","format":"standard","meta":{"jetpack_post_was_ever_published":false,"_jetpack_newsletter_access":"","_jetpack_dont_email_post_to_subs":false,"_jetpack_newsletter_tier_id":0,"_jetpack_memberships_contains_paywalled_content":false,"_jetpack_memberships_contains_paid_content":false,"footnotes":"","jetpack_publicize_message":"","jetpack_publicize_feature_enabled":true,"jetpack_social_post_already_shared":true,"jetpack_social_options":{"image_generator_settings":{"template":"highway","default_image_id":0,"font":"","enabled":false},"version":2}},"categories":[1],"tags":[39529,1757,10869,39530],"class_list":["post-165905","post","type-post","status-publish","format-standard","has-post-thumbnail","hentry","category-genel","tag-bayramlasmaya","tag-katildi","tag-mardindeki","tag-suryaniler"],"jetpack_publicize_connections":[],"jetpack_featured_media_url":"https:\/\/i0.wp.com\/www.tvturk.com\/wp-content\/uploads\/2019\/06\/mardindeki-bayramlasmaya-suryaniler-de-katildi_ab14322.jpg?fit=1000%2C666","jetpack_sharing_enabled":true,"jetpack_shortlink":"https:\/\/wp.me\/paKIfm-H9T","_links":{"self":[{"href":"http:\/\/www.tvturk.com\/index.php\/wp-json\/wp\/v2\/posts\/165905","targetHints":{"allow":["GET"]}}],"collection":[{"href":"http:\/\/www.tvturk.com\/index.php\/wp-json\/wp\/v2\/posts"}],"about":[{"href":"http:\/\/www.tvturk.com\/index.php\/wp-json\/wp\/v2\/types\/post"}],"author":[{"embeddable":true,"href":"http:\/\/www.tvturk.com\/index.php\/wp-json\/wp\/v2\/users\/1"}],"replies":[{"embeddable":true,"href":"http:\/\/www.tvturk.com\/index.php\/wp-json\/wp\/v2\/comments?post=165905"}],"version-history":[{"count":0,"href":"http:\/\/www.tvturk.com\/index.php\/wp-json\/wp\/v2\/posts\/165905\/revisions"}],"wp:featuredmedia":[{"embeddable":true,"href":"http:\/\/www.tvturk.com\/index.php\/wp-json\/wp\/v2\/media\/165906"}],"wp:attachment":[{"href":"http:\/\/www.tvturk.com\/index.php\/wp-json\/wp\/v2\/media?parent=165905"}],"wp:term":[{"taxonomy":"category","embeddable":true,"href":"http:\/\/www.tvturk.com\/index.php\/wp-json\/wp\/v2\/categories?post=165905"},{"taxonomy":"post_tag","embeddable":true,"href":"http:\/\/www.tvturk.com\/index.php\/wp-json\/wp\/v2\/tags?post=165905"}],"curies":[{"name":"wp","href":"https:\/\/api.w.org\/{rel}","templated":true}]}}