{"id":165939,"date":"2019-06-04T17:31:43","date_gmt":"2019-06-04T14:31:43","guid":{"rendered":"http:\/\/www.tvturk.com\/index.php\/bilecikte-havadan-bayram-denetimi\/"},"modified":"2019-06-04T17:31:43","modified_gmt":"2019-06-04T14:31:43","slug":"bilecikte-havadan-bayram-denetimi","status":"publish","type":"post","link":"http:\/\/www.tvturk.com\/index.php\/bilecikte-havadan-bayram-denetimi\/","title":{"rendered":"Bilecik\u2019te havadan bayram denetimi"},"content":{"rendered":"<p>Bilecik \u0130l Emniyet M\u00fcd\u00fcrl\u00fc\u011f\u00fc B\u00f6lge Trafik ekipleri ile \u0130l Jandarma Komutanl\u0131\u011f\u0131 Trafik ekipleri, karayolunda drone destekli denetim yapt\u0131.<\/p>\n<p>Bilecik Valisi Bilal \u015eent\u00fck, 2. Jandarma E\u011fitim Tugay Komutan\u0131 Tu\u011fgeneral Murat Bulut, \u0130l Jandarma Komutan\u0131 K\u0131demli Albay Uysal A\u011fao\u011flu, Emniyet M\u00fcd\u00fcr\u00fc Ertu\u011frul Namal ve polis ekiplerinin kat\u0131ld\u0131\u011f\u0131 programda, bir aksakl\u0131k ya\u015fanmamas\u0131 i\u00e7in t\u00fcm tedbirleri alan trafik ekipleri, Bilecik-Boz\u00fcy\u00fck karayolunda drone deste\u011fiyle uygulama ger\u00e7ekle\u015ftirdi. Ara\u00e7lar durdurularak &#8220;Karnemi Dolduruyorum, Trafi\u011fe G\u00fcvenle \u00c7\u0131k\u0131yorum&#8221; kampanyas\u0131 \u00e7er\u00e7evesinde \u00e7ocuklara \u2019s\u00fcr\u00fcc\u00fc seyahat karnesi\u2019 verildi.<\/p>\n<p>\u201cHepimiz kurallara uyaca\u011f\u0131z, can ve mal kayb\u0131n\u0131 \u00f6nleyece\u011fiz\u201d<\/p>\n<p>Vali \u015eent\u00fcrk, trafikte fark\u0131ndal\u0131k olu\u015fturmak ve daha g\u00fcvenli olmak ad\u0131na yerel y\u00f6neticiler olarak haz\u0131rl\u0131klar\u0131n\u0131 tamamlad\u0131klar\u0131n\u0131 kaydetti. Trafik ekiplerinin bayram s\u00fcresince 24 saat g\u00f6revlerinin ba\u015f\u0131nda olaca\u011f\u0131n\u0131 vurgulayan Vali \u015eent\u00fcrk, \u015funlar\u0131 ifade etti:<\/p>\n<p>\u201cBayramlarda, hem b\u00fcy\u00fckleri ziyaret etmek hem de memlekete gitme noktas\u0131 olunca trafik yo\u011funlu\u011fu olu\u015fuyor. Bakanl\u0131\u011f\u0131m\u0131z \u00f6nc\u00fcl\u00fc\u011f\u00fcnde \u00fclkemizin her noktas\u0131nda bir fark\u0131ndal\u0131k olu\u015fturmak amac\u0131yla yol ve can g\u00fcvenli\u011fi ad\u0131na daha tedbirli olmak i\u00e7in gerekli g\u00fcvenlik \u00f6nlemleri al\u0131yoruz. Amac\u0131m\u0131z cezai muayede de\u011fil de can kay\u0131plar\u0131n\u0131 \u00f6nlemek. \u00d6zellikle h\u0131z konusu \u00e7ok hassas bir konu. Bug\u00fcn bakanl\u0131\u011f\u0131m\u0131z\u0131n uygulamas\u0131 kapsam\u0131nda kurallara uyanlar\u0131 \u00f6d\u00fcllendirece\u011fiz, uymayanlar\u0131 da cezaland\u0131raca\u011f\u0131z. Bu i\u015fin \u00f6z\u00fc bu. Hepimiz kurallara uyaca\u011f\u0131z, can ve mal kayb\u0131n\u0131 \u00f6nleyece\u011fiz. \u00c7ocuklar\u0131m\u0131za not vermek \u00fczere bir f\u0131rsat olu\u015fturduk. Bu faaliyetin katk\u0131 sa\u011flayaca\u011f\u0131n\u0131 d\u00fc\u015f\u00fcn\u00fcyoruz.&#8221;<\/p>\n<p>Uygulama kapsam\u0131nda aileleriyle birlikte seyahat eden \u00e7ocuklara karne verilecek. Bu karneyle \u00e7ocuklar, s\u00fcr\u00fcc\u00fcye not verecek.<\/p>\n","protected":false},"excerpt":{"rendered":"<p>B\u0130LEC\u0130K \u0130L EMN\u0130YET M\u00dcD\u00dcRL\u00dc\u011e\u00dc B\u00d6LGE TRAF\u0130K EK\u0130PLER\u0130 \u0130LE \u0130L JANDARMA KOMUTANLI\u011eI TRAF\u0130K EK\u0130PLER\u0130, KARAYOLUNDA DRONE DESTEKL\u0130 DENET\u0130M YAPTI.<\/p>\n","protected":false},"author":1,"featured_media":165940,"comment_status":"closed","ping_status":"open","sticky":false,"template":"","format":"standard","meta":{"jetpack_post_was_ever_published":false,"_jetpack_newsletter_access":"","_jetpack_dont_email_post_to_subs":false,"_jetpack_newsletter_tier_id":0,"_jetpack_memberships_contains_paywalled_content":false,"_jetpack_memberships_contains_paid_content":false,"footnotes":"","jetpack_publicize_message":"","jetpack_publicize_feature_enabled":true,"jetpack_social_post_already_shared":true,"jetpack_social_options":{"image_generator_settings":{"template":"highway","default_image_id":0,"font":"","enabled":false},"version":2}},"categories":[1],"tags":[23995,506,132,3387],"class_list":["post-165939","post","type-post","status-publish","format-standard","has-post-thumbnail","hentry","category-genel","tag-bayram","tag-bilecikte","tag-denetimi","tag-havadan"],"jetpack_publicize_connections":[],"jetpack_featured_media_url":"https:\/\/i0.wp.com\/www.tvturk.com\/wp-content\/uploads\/2019\/06\/bilecikte-havadan-bayram-denetimi_6412b11.jpg?fit=800%2C534","jetpack_sharing_enabled":true,"jetpack_shortlink":"https:\/\/wp.me\/paKIfm-Har","_links":{"self":[{"href":"http:\/\/www.tvturk.com\/index.php\/wp-json\/wp\/v2\/posts\/165939","targetHints":{"allow":["GET"]}}],"collection":[{"href":"http:\/\/www.tvturk.com\/index.php\/wp-json\/wp\/v2\/posts"}],"about":[{"href":"http:\/\/www.tvturk.com\/index.php\/wp-json\/wp\/v2\/types\/post"}],"author":[{"embeddable":true,"href":"http:\/\/www.tvturk.com\/index.php\/wp-json\/wp\/v2\/users\/1"}],"replies":[{"embeddable":true,"href":"http:\/\/www.tvturk.com\/index.php\/wp-json\/wp\/v2\/comments?post=165939"}],"version-history":[{"count":0,"href":"http:\/\/www.tvturk.com\/index.php\/wp-json\/wp\/v2\/posts\/165939\/revisions"}],"wp:featuredmedia":[{"embeddable":true,"href":"http:\/\/www.tvturk.com\/index.php\/wp-json\/wp\/v2\/media\/165940"}],"wp:attachment":[{"href":"http:\/\/www.tvturk.com\/index.php\/wp-json\/wp\/v2\/media?parent=165939"}],"wp:term":[{"taxonomy":"category","embeddable":true,"href":"http:\/\/www.tvturk.com\/index.php\/wp-json\/wp\/v2\/categories?post=165939"},{"taxonomy":"post_tag","embeddable":true,"href":"http:\/\/www.tvturk.com\/index.php\/wp-json\/wp\/v2\/tags?post=165939"}],"curies":[{"name":"wp","href":"https:\/\/api.w.org\/{rel}","templated":true}]}}