{"id":166025,"date":"2019-06-05T12:06:18","date_gmt":"2019-06-05T09:06:18","guid":{"rendered":"http:\/\/www.tvturk.com\/index.php\/ozel-3-bucuk-yasindaki-otizmli-mehmet-akif-ilk-kez-anne-baba-dedi\/"},"modified":"2019-06-05T12:06:18","modified_gmt":"2019-06-05T09:06:18","slug":"ozel-3-bucuk-yasindaki-otizmli-mehmet-akif-ilk-kez-anne-baba-dedi","status":"publish","type":"post","link":"http:\/\/www.tvturk.com\/index.php\/ozel-3-bucuk-yasindaki-otizmli-mehmet-akif-ilk-kez-anne-baba-dedi\/","title":{"rendered":"(\u00d6zel) 3 bu\u00e7uk ya\u015f\u0131ndaki otizmli Mehmet Akif ilk kez \u201canne-baba\u201d dedi"},"content":{"rendered":"<p>Kocaeli\u2019de 2 bu\u00e7uk ya\u015f\u0131na kadar konu\u015famayan ve \u00e7evresindekilerle ileti\u015fim kurmayan otizmli Mehmet Akif, annesinin ara\u015ft\u0131rmalar\u0131 sonucunda ba\u015flad\u0131\u011f\u0131 e\u011fitimle 7 ayda b\u00fcy\u00fck geli\u015fme g\u00f6stererek ilk defa anne, baba dedi. Mehmet Akif\u2019in g\u00f6sterdi\u011fi geli\u015fme, kendisi ile oyun oynamak isteyen a\u011fabeyini de sevince bo\u011fdu.<\/p>\n<p>Kocaeli\u2019nin Ba\u015fiskele il\u00e7esinde ya\u015fayan Tu\u011fba ve Ertu\u011frul Sar\u0131 \u00e7ifti, iki \u00e7ocu\u011fundan biri olan Mehmet Akif\u2019in 2 bu\u00e7uk ya\u015f\u0131ndayken konu\u015famad\u0131\u011f\u0131n\u0131 ve \u00e7evresindekilerle ileti\u015fim kurmak istemedi\u011fini fark etti. \u00c7iftin durumu anlatt\u0131\u011f\u0131 \u00e7evresindeki yak\u0131nlar\u0131 erkek \u00e7ocu\u011funun ge\u00e7 konu\u015ftu\u011funu s\u00f6yleyerek, beklemeleri tavsiyesinde bulundu. Gittikleri hastanede uzmanlar\u0131n otizm olabilece\u011fini s\u00f6yledi\u011fi Mehmet Akif\u2019in anne ve babas\u0131 b\u00fcy\u00fck h\u00fcz\u00fcn ya\u015fad\u0131. \u00c7ocuklar\u0131 i\u00e7in umutla ara\u015ft\u0131rma yapan aile, Kocaeli\u2019nin Ba\u015fiskele il\u00e7esindeki Atlantis \u00d6zel E\u011fitim ve Rehabilitasyon Merkezi\u2019nde bir\u00e7ok \u00e7ocu\u011fun atl\u0131 rehabilitasyonun da i\u00e7erisinde oldu\u011fu yo\u011fun bir e\u011fitimle geli\u015fme g\u00f6sterdi\u011fini \u00f6\u011frendi. Ailenin kuruma ba\u015fvuruda bulunmas\u0131yla Mehmet Akif e\u011fitime ba\u015flad\u0131. Atl\u0131 rehabilitasyon, bireysel ve duyu b\u00fct\u00fcnlemesinin de oldu\u011fu yo\u011fun bir e\u011fitime ba\u015flayan Mehmet Akif\u2019te k\u0131sa s\u00fcrede geli\u015fme g\u00f6zlemlendi.<\/p>\n<p>Yakla\u015f\u0131k 7 ayl\u0131k e\u011fitim s\u00fcrecinde Mehmet Akif \u00e7evresindekileri ile ileti\u015fim kurmaya, konu\u015fmaya ba\u015flayarak, ilk defa anne ve baba dedi. Ya\u015f\u0131tlar\u0131n\u0131n d\u00fczeyine ula\u015fan ve geli\u015fimindeki s\u00fcreklili\u011fin sa\u011flanmas\u0131 i\u00e7in e\u011fitimine devam edilen Mehmet Akif, en \u00e7ok daha \u00f6nce hi\u00e7 oyun oynamad\u0131 a\u011fabeyini mutlu etti. Karde\u015finin kendisi ile saklamba\u00e7 oynamad\u0131\u011f\u0131 i\u00e7in \u00e7ok \u00fcz\u00fcld\u00fc\u011f\u00fcn\u00fc s\u00f6yleyen 6 ya\u015f\u0131ndaki Eymen, \u015fimdi karde\u015fi kendisi ile oyun oynad\u0131\u011f\u0131 ve sohbet etti\u011fi i\u00e7in \u00e7ok mutlu oldu\u011funu belirterek, \u201cBurada e\u011fitime ba\u015flad\u0131k ve bir g\u00fcn karde\u015fimde bir d\u00fczelme oldu\u011funu fark ettik. Sonra konu\u015fmaya ba\u015flad\u0131. Bizimle saklamba\u00e7 oynam\u0131yordu. Sadece konu\u015fmas\u0131 vard\u0131. Art\u0131k bizi anlayabiliyor. Saklamba\u00e7 oynayabiliyoruz, yakalamaca oynayabiliyoruz. Art\u0131k beni anlayabilecek bir durumda\u201d dedi.<\/p>\n<p>\u201cAile kayg\u0131 halinde kurumumuza ba\u015fvurdular\u201d<\/p>\n<p>Mehmet Akif\u2019in e\u011fitim s\u00fcreci hakk\u0131nda bilgi veren E\u011fitim Koordinat\u00f6r\u00fc Dilek G\u00fcner, \u201cMehmet Akif Sar\u0131 kurumumuza 2 ya\u015f 10 ayl\u0131kken geldi. \u0130lk geldiklerinde aile \u00e7ok b\u00fcy\u00fck bir panik i\u00e7erisindeydi. \u00c7\u00fcnk\u00fc gittikleri uzman \u00e7ocuklar\u0131n\u0131n otizm tan\u0131s\u0131 alabilece\u011fini, otizme yak\u0131n davran\u0131\u015flar sergiledi\u011fini belirtmi\u015fti. Aile kayg\u0131 halinde kurumumuza ba\u015fvurdular. G\u00f6r\u00fc\u015fmelerimizi, \u00e7ocu\u011fun de\u011ferlendirmesini yapt\u0131k. Tak\u0131nt\u0131l\u0131 davran\u0131\u015flar\u0131 vard\u0131, g\u00f6z konta\u011f\u0131m\u0131z \u00e7ok s\u0131n\u0131rl\u0131yd\u0131. Dokunsal olarak \u00e7ok hassasiyet ya\u015f\u0131yordu ve bu g\u00fcnl\u00fck ya\u015fant\u0131s\u0131n\u0131 inan\u0131lmaz derecede etkiliyordu. Birebir e\u011fitim bu i\u015fin olmazsa olmaz\u0131. Ya\u015f\u0131 sebebi ile \u00e7ok ba\u015far\u0131l\u0131 bir ba\u015flang\u0131\u00e7 yapt\u0131k. Do\u011fru bir e\u011fitim s\u00fcreci bizim i\u00e7in de \u00e7ok etkili oldu. Daha sonra verilen e\u011fitimle \u00e7ocu\u011fumuzun dokunsal hassasiyetinin \u00f6nemli bir seviyede azald\u0131\u011f\u0131n\u0131 g\u00f6zlemledik. Kelime \u00e7\u0131kt\u0131lar\u0131 ba\u015flad\u0131. Aile bizi bu anlamda fazlas\u0131yla destekledi. S\u00f6ylenilen \u00e7al\u0131\u015fmalar\u0131 bol bol tekrar ettiler. En \u00f6nemli husus da kurumumuzdaki sosyal ortam\u0131n Mehmet Akif i\u00e7in \u00e7ok \u00f6nemli olmas\u0131yd\u0131. Buraya her zaman keyifle geldi. E\u011fitimde en \u00f6nemli olan motivasyonun Akif\u2019te y\u00fczde 100 oran\u0131nda oldu\u011funu g\u00f6rd\u00fck\u201d diye konu\u015ftu.<\/p>\n<p>\u201cMehmet Akif art\u0131k akranlar\u0131yla ileti\u015fim olu\u015fturabilmekte\u201d<\/p>\n<p>Mehmet Akif\u2019in ya\u015f\u0131tlar\u0131 ile ayn\u0131 d\u00fczeyde davran\u0131\u015flar sergilemeye ba\u015flad\u0131\u011f\u0131n\u0131 ifade eden G\u00fcner, bu s\u00fcreklili\u011fin devam etmesi i\u00e7in \u00e7al\u0131\u015fmalar\u0131n\u0131 s\u00fcrd\u00fcreceklerini ifade ederek, \u201cMehmet Akif, yakla\u015f\u0131k 8 ayl\u0131k bir s\u00fcre\u00e7te yo\u011fun bir e\u011fitim ald\u0131. E\u011fitimle birlikte hayvanlar\u0131n da i\u015fin i\u00e7erisinde olmas\u0131yla birlikte motivasyonunu \u00fcst seviyelerde ya\u015fayarak \u00e7ok iyi bir seviyeye geldi. Mehmet Akif art\u0131k akranlar\u0131 ile birlikte \u00e7ok rahat bir \u015fekilde vakit ge\u00e7irebilmekte, onlarla ileti\u015fim olu\u015fturabilmekte. Kendisinden b\u00fcy\u00fcklerle bile \u00e7ok rahat bir \u015fekilde ileti\u015fim kurabilen, soru sorabilen, akran becerilerini ger\u00e7ekle\u015ftirebilen bir pozisyonda. Aile bu durumdan inan\u0131lmaz derecede memnun. Bizim de en b\u00fcy\u00fck motivasyon kayna\u011f\u0131m\u0131z Mehmet Akif\u2019in ailesinin bu s\u00fcre\u00e7teki memnun olma durumu. Onlarda art\u0131k \u00e7ocuklar\u0131n\u0131n \u00e7ok iyi bir seviyeye gelebildi\u011fini, akranlar\u0131 ile birlikte vakit ge\u00e7irebilece\u011fini, kendi ayaklar\u0131 \u00fczerinde durabilecekleri konusunda \u00e7ok \u00f6nemli bir umuda sahipler. Bu s\u00fcreci destekleyen \u00e7al\u0131\u015fmalar\u0131 devam ettirece\u011fiz\u201d \u015feklinde konu\u015ftu.<\/p>\n<p>\u201cTan\u0131s\u0131n\u0131n otizm olabilece\u011fi s\u00f6ylendi\u011finde biz kabul etmedik\u201d<\/p>\n<p>Mehmet Akif\u2019in konu\u015famamas\u0131n\u0131n kendilerini \u00e7ok \u00fczd\u00fc\u011f\u00fcn\u00fc belirten anne Tu\u011fba Sar\u0131, \u201c2 ya\u015f\u0131ndayken Mehmet Akif\u2019te ismine tepki vermedi\u011fini, ya\u015f\u0131tlar\u0131yla ayn\u0131 ortamda bulunmak istemedi\u011fini, yaln\u0131z kalmak istedi\u011fini fark ettik. \u0130lk ba\u015fta bunu onun yap\u0131s\u0131 olarak kabul etsek de daha sonra yolunda gitmeyen bir \u015feylerin oldu\u011funu fark ettik. Ard\u0131ndan doktora g\u00f6t\u00fcrmeye karar verdik. \u0130lk ba\u015fta doktora gitti\u011fimizde tan\u0131s\u0131n\u0131n otizm olabilece\u011fi s\u00f6ylendi\u011finde biz kabul etmedik. \u00c7ok \u00fcz\u00fcld\u00fck. Daha sonra \u2018Ne yapabiliriz\u2019 diye ara\u015ft\u0131rmaya ba\u015flad\u0131k. Bu s\u00fcre\u00e7te e\u011fitime ba\u015flamam\u0131z gerekti\u011fini \u00f6\u011frendik ve hemen bu konu i\u00e7in bir ara\u015ft\u0131rma yapt\u0131k. Ara\u015ft\u0131rmam\u0131zda b\u00f6yle bir kurum oldu\u011funu fark ettik. Daha sonra buraya geldik ve buradaki ortam bizi \u00e7ok mutlu etti. Bir hayvanat bah\u00e7esi aratt\u0131rmayan hayvanlar vard\u0131. Do\u011fayla i\u00e7 i\u00e7e olmas\u0131 bizi mutlu etti ve hemen burada e\u011fitime ba\u015flamam\u0131z gerekti\u011fine karar verdik\u201d ifadelerini kulland\u0131.<\/p>\n<p>\u00c7evresindekileri dinlemedi, o\u011flunun sa\u011fl\u0131\u011f\u0131na kavu\u015fmas\u0131 ile mutlulu\u011fu ya\u015fad\u0131<\/p>\n<p>O\u011flunun sa\u011fl\u0131\u011f\u0131na kavu\u015fmas\u0131n\u0131n kendisini \u00e7ok mutlu etti\u011fini belirten anne Sar\u0131, \u201cMehmet Akif, o zaman 3 ya\u015f\u0131na girmek \u00fczereydi. S\u00fcre\u00e7 bizi ilk ba\u015fta \u00e7ok korkuttu. Tan\u0131m\u0131z tam olarak konulmu\u015f de\u011fildi. E\u011fitime ba\u015flad\u0131ktan sonra Mehmet Akif hemen tepki vermeye ba\u015flad\u0131. \u0130lk ba\u015fta biz g\u00f6z temas\u0131n\u0131n artt\u0131\u011f\u0131n\u0131 fark ettik. Art\u0131k burnunu, a\u011fz\u0131n\u0131 g\u00f6sterebiliyordu. Bu bizi mutlu etti. Daha sonra \u2018anne\u2019, \u2018baba\u2019 demeye ba\u015flad\u0131. \u0130lk okula geldi\u011fimizde a\u011fabeyi \u00f6\u011fretmenlerine, \u2018Karde\u015fim benimle ne zaman saklamba\u00e7 oynayacak\u2019 dedi\u011finde biz \u00e7ok duygusalla\u015fm\u0131\u015ft\u0131k. \u0130lerleyen d\u00f6nemde hep abisiyle birlikte oynamaya ba\u015flad\u0131lar. Tabii bunun \u00fczerine biz de \u00e7ok mutlu olduk. Bu durumu ilk fark eden ben olmu\u015ftum. Bunu \u00e7evremdekilere, e\u015fime, kay\u0131nvalideme ilk anlatt\u0131\u011f\u0131mda \u2018Bekle, erkek \u00e7ocu\u011fudur ge\u00e7 konu\u015fur\u2019 dediler. Ben bunlar\u0131n hi\u00e7birini duymak istemedim. \u00c7\u00fcnk\u00fc \u00e7ocu\u011fumda yoluna gitmeyen bir \u015feylerin oldu\u011funun fark\u0131ndayd\u0131m. Buradan bu durumda olan ailelere tek s\u00f6yleyece\u011fim \u015fey, kesinlikle yolunda gitmeyen bir \u015fey oldu\u011funda hemen doktora gitsinler\u201d dedi.<\/p>\n","protected":false},"excerpt":{"rendered":"<p>KOCAEL\u0130\u2019DE 2 BU\u00c7UK YA\u015eINA KADAR KONU\u015eAMAYAN VE \u00c7EVRES\u0130NDEK\u0130LERLE \u0130LET\u0130\u015e\u0130M KURMAYAN MEHMET AK\u0130F, DURUMU KABULLENMEYEN ANNES\u0130N\u0130N ARA\u015eTIRMALARI SONUCUNDA BA\u015eLADI\u011eI E\u011e\u0130T\u0130MLE 7 AYDA \u0130Y\u0130LE\u015eEREK, \u0130LK DEFA \u201cANNE\u201d, \u201cBABA\u201d DED\u0130. MEHMET AK\u0130F\u2019\u0130N \u0130Y\u0130LE\u015eMES\u0130, KEND\u0130S\u0130 \u0130LE OYUN OYNAMAK \u0130STEYEN A\u011eABEY\u0130N\u0130 SEV\u0130NCE BO\u011eDU.<\/p>\n","protected":false},"author":1,"featured_media":166026,"comment_status":"closed","ping_status":"open","sticky":false,"template":"","format":"standard","meta":{"jetpack_post_was_ever_published":false,"_jetpack_newsletter_access":"","_jetpack_dont_email_post_to_subs":false,"_jetpack_newsletter_tier_id":0,"_jetpack_memberships_contains_paywalled_content":false,"_jetpack_memberships_contains_paid_content":false,"footnotes":"","jetpack_publicize_message":"","jetpack_publicize_feature_enabled":true,"jetpack_social_post_already_shared":true,"jetpack_social_options":{"image_generator_settings":{"template":"highway","default_image_id":0,"font":"","enabled":false},"version":2}},"categories":[1],"tags":[39575,1073,2571,12848,1903,37,1497,2570,6783,1063],"class_list":["post-166025","post","type-post","status-publish","format-standard","has-post-thumbnail","hentry","category-genel","tag-anne-baba","tag-ozel","tag-akif","tag-bucuk","tag-dedi","tag-ilk","tag-kez","tag-mehmet","tag-otizmli","tag-yasindaki"],"jetpack_publicize_connections":[],"jetpack_featured_media_url":"https:\/\/i0.wp.com\/www.tvturk.com\/wp-content\/uploads\/2019\/06\/ozel-3-bucuk-yasindaki-otizmli-mehmet-akif-ilk-kez-anne-baba-dedi_ab37c30.jpg?fit=1000%2C666","jetpack_sharing_enabled":true,"jetpack_shortlink":"https:\/\/wp.me\/paKIfm-HbP","_links":{"self":[{"href":"http:\/\/www.tvturk.com\/index.php\/wp-json\/wp\/v2\/posts\/166025","targetHints":{"allow":["GET"]}}],"collection":[{"href":"http:\/\/www.tvturk.com\/index.php\/wp-json\/wp\/v2\/posts"}],"about":[{"href":"http:\/\/www.tvturk.com\/index.php\/wp-json\/wp\/v2\/types\/post"}],"author":[{"embeddable":true,"href":"http:\/\/www.tvturk.com\/index.php\/wp-json\/wp\/v2\/users\/1"}],"replies":[{"embeddable":true,"href":"http:\/\/www.tvturk.com\/index.php\/wp-json\/wp\/v2\/comments?post=166025"}],"version-history":[{"count":0,"href":"http:\/\/www.tvturk.com\/index.php\/wp-json\/wp\/v2\/posts\/166025\/revisions"}],"wp:featuredmedia":[{"embeddable":true,"href":"http:\/\/www.tvturk.com\/index.php\/wp-json\/wp\/v2\/media\/166026"}],"wp:attachment":[{"href":"http:\/\/www.tvturk.com\/index.php\/wp-json\/wp\/v2\/media?parent=166025"}],"wp:term":[{"taxonomy":"category","embeddable":true,"href":"http:\/\/www.tvturk.com\/index.php\/wp-json\/wp\/v2\/categories?post=166025"},{"taxonomy":"post_tag","embeddable":true,"href":"http:\/\/www.tvturk.com\/index.php\/wp-json\/wp\/v2\/tags?post=166025"}],"curies":[{"name":"wp","href":"https:\/\/api.w.org\/{rel}","templated":true}]}}