{"id":166027,"date":"2019-06-05T12:23:35","date_gmt":"2019-06-05T09:23:35","guid":{"rendered":"http:\/\/www.tvturk.com\/index.php\/konyasporda-kamp-programi-belli-oldu\/"},"modified":"2019-06-05T12:23:35","modified_gmt":"2019-06-05T09:23:35","slug":"konyasporda-kamp-programi-belli-oldu","status":"publish","type":"post","link":"http:\/\/www.tvturk.com\/index.php\/konyasporda-kamp-programi-belli-oldu\/","title":{"rendered":"Konyaspor\u2019da kamp program\u0131 belli oldu"},"content":{"rendered":"<p>Konyaspor\u2019da yeni sezon haz\u0131rl\u0131klar\u0131 5 Temmuz\u2019da ba\u015flayacak.<\/p>\n<p>Konyaspor\u2019da yeni sezon haz\u0131rl\u0131k kamp\u0131 program\u0131 belli oldu. Buna g\u00f6re ye\u015fil-beyazl\u0131lar 5 Temmuz\u2019da sa\u011fl\u0131k kontrolleri i\u00e7in Konya\u2019da toplanacak. 9 Temmuz Sal\u0131 g\u00fcn\u00fcne kadar Konya\u2019da Kayac\u0131k Tesisleri\u2019nde yeni sezon \u00e7al\u0131\u015fmalar\u0131na ba\u015flayacak olan tak\u0131m, ayn\u0131 g\u00fcn 1. Etap Haz\u0131rl\u0131k Kamp\u0131 i\u00e7in Bolu\u2019ya hareket edecek. 20 Temmuz\u2019a kadar haz\u0131rl\u0131klar\u0131n\u0131 Bolu\u2019da s\u00fcrd\u00fcrecek Konyaspor iki g\u00fcnl\u00fck iznin ard\u0131ndan 2. Etap \u00e7al\u0131\u015fmalar\u0131 i\u00e7in 23 Temmuz Sal\u0131 g\u00fcn\u00fc Hollanda\u2019ya hareket edecek. Tak\u0131m yurt d\u0131\u015f\u0131 kamp\u0131n\u0131 3 A\u011fustos\u2019ta oynayaca\u011f\u0131 son haz\u0131rl\u0131k ma\u00e7\u0131n\u0131n ard\u0131ndan tamamlayacak. Konyaspor iki g\u00fcnl\u00fck izin sonras\u0131nda 6 A\u011fustos\u2019ta yeni sezon haz\u0131rl\u0131klar\u0131na Konya\u2019da devam edecek.<\/p>\n<p>Ye\u015fil-beyazl\u0131lar\u0131n 16 A\u011fustos\u2019ta ba\u015flayacak 2019-2020 sezonu i\u00e7in Bolu ve Hollanda kamp\u0131nda 5 haz\u0131rl\u0131k ma\u00e7\u0131 oynamas\u0131 planland\u0131. Ma\u00e7 takviminin detaylar\u0131 daha sonra payla\u015f\u0131lacak.<\/p>\n","protected":false},"excerpt":{"rendered":"<p>KONYASPOR&#8217;DA YEN\u0130 SEZON HAZIRLIKLARI 5 TEMMUZ&#8217;DA BA\u015eLAYACAK.<\/p>\n","protected":false},"author":1,"featured_media":166028,"comment_status":"closed","ping_status":"open","sticky":false,"template":"","format":"standard","meta":{"jetpack_post_was_ever_published":false,"_jetpack_newsletter_access":"","_jetpack_dont_email_post_to_subs":false,"_jetpack_newsletter_tier_id":0,"_jetpack_memberships_contains_paywalled_content":false,"_jetpack_memberships_contains_paid_content":false,"footnotes":"","jetpack_publicize_message":"","jetpack_publicize_feature_enabled":true,"jetpack_social_post_already_shared":true,"jetpack_social_options":{"image_generator_settings":{"template":"highway","default_image_id":0,"font":"","enabled":false},"version":2}},"categories":[657],"tags":[612,1101,11028,77,1999],"class_list":["post-166027","post","type-post","status-publish","format-standard","has-post-thumbnail","hentry","category-spor","tag-belli","tag-kamp","tag-konyasporda","tag-oldu","tag-programi"],"jetpack_publicize_connections":[],"jetpack_featured_media_url":"https:\/\/i0.wp.com\/www.tvturk.com\/wp-content\/uploads\/2019\/06\/konyasporda-kamp-programi-belli-oldu_2ced346.jpg?fit=1000%2C755","jetpack_sharing_enabled":true,"jetpack_shortlink":"https:\/\/wp.me\/paKIfm-HbR","_links":{"self":[{"href":"http:\/\/www.tvturk.com\/index.php\/wp-json\/wp\/v2\/posts\/166027","targetHints":{"allow":["GET"]}}],"collection":[{"href":"http:\/\/www.tvturk.com\/index.php\/wp-json\/wp\/v2\/posts"}],"about":[{"href":"http:\/\/www.tvturk.com\/index.php\/wp-json\/wp\/v2\/types\/post"}],"author":[{"embeddable":true,"href":"http:\/\/www.tvturk.com\/index.php\/wp-json\/wp\/v2\/users\/1"}],"replies":[{"embeddable":true,"href":"http:\/\/www.tvturk.com\/index.php\/wp-json\/wp\/v2\/comments?post=166027"}],"version-history":[{"count":0,"href":"http:\/\/www.tvturk.com\/index.php\/wp-json\/wp\/v2\/posts\/166027\/revisions"}],"wp:featuredmedia":[{"embeddable":true,"href":"http:\/\/www.tvturk.com\/index.php\/wp-json\/wp\/v2\/media\/166028"}],"wp:attachment":[{"href":"http:\/\/www.tvturk.com\/index.php\/wp-json\/wp\/v2\/media?parent=166027"}],"wp:term":[{"taxonomy":"category","embeddable":true,"href":"http:\/\/www.tvturk.com\/index.php\/wp-json\/wp\/v2\/categories?post=166027"},{"taxonomy":"post_tag","embeddable":true,"href":"http:\/\/www.tvturk.com\/index.php\/wp-json\/wp\/v2\/tags?post=166027"}],"curies":[{"name":"wp","href":"https:\/\/api.w.org\/{rel}","templated":true}]}}