{"id":166043,"date":"2019-06-05T12:56:03","date_gmt":"2019-06-05T09:56:03","guid":{"rendered":"http:\/\/www.tvturk.com\/index.php\/sudanda-bilanco-agirlasiyor-60-olu\/"},"modified":"2019-06-05T12:56:03","modified_gmt":"2019-06-05T09:56:03","slug":"sudanda-bilanco-agirlasiyor-60-olu","status":"publish","type":"post","link":"http:\/\/www.tvturk.com\/index.php\/sudanda-bilanco-agirlasiyor-60-olu\/","title":{"rendered":"Sudan\u2019da bilan\u00e7o a\u011f\u0131rla\u015f\u0131yor: 60 \u00f6l\u00fc"},"content":{"rendered":"<p>Sudan\u2019da g\u00fcvenlik g\u00fc\u00e7lerinin sivil halka m\u00fcdahalesinde \u00f6l\u00fc say\u0131s\u0131 60\u2019a y\u00fckseldi.<\/p>\n<p>Sudan g\u00fcvenlik g\u00fc\u00e7leri, ba\u015fkent Hartum\u2019da bulunan genelkurmay ba\u015fkanl\u0131\u011f\u0131 \u00f6n\u00fcnde oturma eylemi ger\u00e7ekle\u015ftiren darbe kar\u015f\u0131tlar\u0131na sert \u015fekilde m\u00fcdahalede bulunmaya devam ediyor. Sudan Doktorlar Komitesi, g\u00fcvenlik g\u00fc\u00e7lerinin ba\u015fkent Hartum\u2019da ordu karargah\u0131 \u00f6n\u00fcndeki g\u00f6stericilere m\u00fcdahalesinde hayat\u0131n\u0131 kaybedenlerin say\u0131s\u0131n\u0131n 60\u2019a ula\u015ft\u0131\u011f\u0131n\u0131 a\u00e7\u0131klad\u0131.<\/p>\n<p>Sudan, Nisan ay\u0131nda darbe ile g\u00f6revden al\u0131nan \u00d6mer El Be\u015fir\u2019den bu yana Askeri Ge\u00e7i\u015f Konseyi taraf\u0131ndan y\u00f6netiliyor. Eylemciler, Nisan ay\u0131nda ger\u00e7ekle\u015ftirilen darbenin ard\u0131ndan g\u00f6rev gelen Askeri Ge\u00e7i\u015f H\u00fck\u00fcmetinin yerine sivil bir y\u00f6netim istiyor.<\/p>\n<p>Neler olmu\u015ftu?<\/p>\n<p>19 May\u0131s 2018\u2019de yak\u0131t ve ekmek fiyatlar\u0131na yap\u0131lan zamm\u0131 protesto etmek isteyen binlerce Sudanl\u0131 sokaklara d\u00f6k\u00fcld\u00fc. 20 Aral\u0131k\u2019ta eylemciler ba\u015fkent Hartum\u2019da h\u00fck\u00fcmet kar\u015f\u0131t\u0131 eylemlerine ba\u015flayarak b\u00f6lgede \u201c\u00f6zg\u00fcrl\u00fck, bar\u0131\u015f, adalet\u201d sloganlar\u0131 y\u00fckseltti. Eylemcilerin aral\u0131ks\u0131z s\u00fcrmesi \u00fczerine d\u00f6nemin Devlet Ba\u015fkan\u0131 \u00d6mer El Be\u015fir, 22 \u015eubat 2019\u2019da ola\u011fan\u00fcst\u00fc hal ilan etti ve h\u00fck\u00fcmeti feshetti. 24 \u015eubat\u2019ta g\u00fcvenlik g\u00fc\u00e7lerinin ger\u00e7ek mermi kullanmas\u0131na ra\u011fmen eylemler devam etti. Eylemlerin \u015fiddetini artt\u0131rmas\u0131 \u00fczerine aktivistler 6 Nisan\u2019da genelkurmay ba\u015fkanl\u0131\u011f\u0131 \u00f6n\u00fcnde oturma eylemine ba\u015flad\u0131 ve Be\u015fir istifa edene kadar eylemlerin s\u00fcrece\u011fini dile getirdi. 11 Nisan\u2019da \u00d6mer El Be\u015fir ordu taraf\u0131ndan g\u00f6revden al\u0131nd\u0131. Be\u015fir\u2019in istifas\u0131n\u0131 talep eden eylemciler protestolar\u0131na son vermeyerek, sivil y\u00f6netim talebi ile g\u00f6sterine devam etti. 17 Nisan\u2019da Be\u015fir\u2019in Hartum\u2019da hapishaneye al\u0131nd\u0131\u011f\u0131 a\u00e7\u0131kland\u0131, 20 Nisan\u2019da ise askeri y\u00f6neticiler ile sivil temsilciler aras\u0131nda m\u00fczakereler ba\u015flad\u0131. 13 May\u0131s\u2019ta ise devam eden eylemlere y\u00f6nelik m\u00fcdahalede 6 ki\u015fi hayat\u0131n\u0131 kaybetmesinin ard\u0131ndan, 14 May\u0131s\u2019ta askeri ve sivil temsilciler 3 y\u0131ll\u0131k bir ge\u00e7i\u015f s\u00fcrecinde anla\u015fmaya var\u0131ld\u0131\u011f\u0131n\u0131 duyurdu. 16 May\u0131s\u2019ta ise g\u00f6r\u00fc\u015fmeler ertelendi.<\/p>\n","protected":false},"excerpt":{"rendered":"<p>SUDAN\u2019DA G\u00dcVENL\u0130K G\u00dc\u00c7LER\u0130N\u0130N S\u0130V\u0130L HALKA M\u00dcDAHALES\u0130NDE \u00d6L\u00dc SAYISI 60\u2019A Y\u00dcKSELD\u0130.<\/p>\n","protected":false},"author":1,"featured_media":166044,"comment_status":"closed","ping_status":"open","sticky":false,"template":"","format":"standard","meta":{"jetpack_post_was_ever_published":false,"_jetpack_newsletter_access":"","_jetpack_dont_email_post_to_subs":false,"_jetpack_newsletter_tier_id":0,"_jetpack_memberships_contains_paywalled_content":false,"_jetpack_memberships_contains_paid_content":false,"footnotes":"","jetpack_publicize_message":"","jetpack_publicize_feature_enabled":true,"jetpack_social_post_already_shared":true,"jetpack_social_options":{"image_generator_settings":{"template":"highway","default_image_id":0,"font":"","enabled":false},"version":2}},"categories":[10],"tags":[39578,13275,1664,27471],"class_list":["post-166043","post","type-post","status-publish","format-standard","has-post-thumbnail","hentry","category-dunya","tag-agirlasiyor","tag-bilanco","tag-olu","tag-sudanda"],"jetpack_publicize_connections":[],"jetpack_featured_media_url":"https:\/\/i0.wp.com\/www.tvturk.com\/wp-content\/uploads\/2019\/06\/sudanda-bilanco-agirlasiyor-60-olu_eceee76.jpg?fit=1000%2C635","jetpack_sharing_enabled":true,"jetpack_shortlink":"https:\/\/wp.me\/paKIfm-Hc7","_links":{"self":[{"href":"http:\/\/www.tvturk.com\/index.php\/wp-json\/wp\/v2\/posts\/166043","targetHints":{"allow":["GET"]}}],"collection":[{"href":"http:\/\/www.tvturk.com\/index.php\/wp-json\/wp\/v2\/posts"}],"about":[{"href":"http:\/\/www.tvturk.com\/index.php\/wp-json\/wp\/v2\/types\/post"}],"author":[{"embeddable":true,"href":"http:\/\/www.tvturk.com\/index.php\/wp-json\/wp\/v2\/users\/1"}],"replies":[{"embeddable":true,"href":"http:\/\/www.tvturk.com\/index.php\/wp-json\/wp\/v2\/comments?post=166043"}],"version-history":[{"count":0,"href":"http:\/\/www.tvturk.com\/index.php\/wp-json\/wp\/v2\/posts\/166043\/revisions"}],"wp:featuredmedia":[{"embeddable":true,"href":"http:\/\/www.tvturk.com\/index.php\/wp-json\/wp\/v2\/media\/166044"}],"wp:attachment":[{"href":"http:\/\/www.tvturk.com\/index.php\/wp-json\/wp\/v2\/media?parent=166043"}],"wp:term":[{"taxonomy":"category","embeddable":true,"href":"http:\/\/www.tvturk.com\/index.php\/wp-json\/wp\/v2\/categories?post=166043"},{"taxonomy":"post_tag","embeddable":true,"href":"http:\/\/www.tvturk.com\/index.php\/wp-json\/wp\/v2\/tags?post=166043"}],"curies":[{"name":"wp","href":"https:\/\/api.w.org\/{rel}","templated":true}]}}