{"id":166063,"date":"2019-06-05T13:46:30","date_gmt":"2019-06-05T10:46:30","guid":{"rendered":"http:\/\/www.tvturk.com\/index.php\/binali-yildirim-kiraz-agaclari-gevrek-olur-dusmesin\/"},"modified":"2019-06-05T13:46:30","modified_gmt":"2019-06-05T10:46:30","slug":"binali-yildirim-kiraz-agaclari-gevrek-olur-dusmesin","status":"publish","type":"post","link":"http:\/\/www.tvturk.com\/index.php\/binali-yildirim-kiraz-agaclari-gevrek-olur-dusmesin\/","title":{"rendered":"Binali Y\u0131ld\u0131r\u0131m: &#8220;Kiraz a\u011fa\u00e7lar\u0131 gevrek olur d\u00fc\u015fmesin&#8221;"},"content":{"rendered":"<p>\u0130stanbul B\u00fcy\u00fck\u015fehir Belediyesi Ba\u015fkan aday\u0131 Binali Y\u0131ld\u0131r\u0131m, bayram\u0131n 2. g\u00fcn\u00fcn\u00fc Sivas\u2019ta ge\u00e7irdi. Y\u0131ld\u0131r\u0131m, Ekrem \u0130mamo\u011flu\u2019nun memleketinde kiraz a\u011fac\u0131na \u00e7\u0131kt\u0131\u011f\u0131n\u0131n hat\u0131rlat\u0131lmas\u0131 \u00fczerine \u201cKiraz a\u011fa\u00e7lar\u0131 gevrek olur, dikkat etsin d\u00fc\u015fmesin. O bize laz\u0131m 23\u2019\u00fcnde&#8221; \u015feklinde cevap verdi<\/p>\n<p>Bayram\u0131n 2. g\u00fcn\u00fcnde e\u015fi Semiha Y\u0131ld\u0131r\u0131m ile Sivas\u2019a gelen \u0130stanbul B\u00fcy\u00fck\u015fehir Belediyesi Ba\u015fkan aday\u0131 Binali Y\u0131ld\u0131r\u0131m, Sivas Nuri Demira\u011f Havaliman\u0131\u2019nda kar\u015f\u0131land\u0131. Y\u0131ld\u0131r\u0131m\u2019\u0131n ilk dura\u011f\u0131 Sivas Belediyesi oldu. Y\u0131ld\u0131r\u0131m, burada Sivas Belediye Ba\u015fkan\u0131 Hilmi Bilgin ile g\u00f6r\u00fc\u015ft\u00fc. Daha sonra bas\u0131na kapal\u0131 ger\u00e7ekle\u015fen g\u00f6r\u00fc\u015fmede Y\u0131ld\u0131r\u0131m\u2019a Kangal k\u00f6pe\u011fi yavrusu hediye edildi.<\/p>\n<p>Y\u0131ld\u0131r\u0131m ziyaret \u00e7\u0131k\u0131\u015f\u0131nda bas\u0131n mensuplar\u0131n\u0131n sorular\u0131n\u0131 yan\u0131tlad\u0131. Neden Sivas\u2019ta oldu\u011fu sorusu \u00fczerine Sivas\u2019\u0131n kendisi i\u00e7in ayr\u0131 bir \u00f6nemi oldu\u011funu belirtin Y\u0131ld\u0131r\u0131m, \u201cSivas\u2019\u0131n benim i\u00e7in ve T\u00fcrkiye i\u00e7in \u00f6zelli\u011fi var. Osmanl\u0131\u2019dan sonra Anadolu topraklar\u0131 i\u015fgal edilince en g\u00fcvenli yer Sivas olarak belirlendi. Gazi Mustafa Kemal Atat\u00fcrk Samsun\u2019da yakt\u0131\u011f\u0131 ba\u011f\u0131ms\u0131zl\u0131k me\u015falesini Sivas\u2019a getirdi ve burada 108 g\u00fcn boyunca, nas\u0131l ba\u011f\u0131ms\u0131zl\u0131\u011f\u0131m\u0131z\u0131 kazanaca\u011f\u0131z, \u2018ya istiklal ya \u00f6l\u00fcm\u2019 kararl\u0131l\u0131\u011f\u0131n\u0131n verildi\u011fi il Sivas\u2019t\u0131r. Mandac\u0131l\u0131\u011f\u0131n asla kabul edilemeyece\u011finin t\u00fcm d\u00fcnyaya duyuruldu\u011fu yer Sivas\u2019t\u0131r. Sivas bu bak\u0131mdan \u00e7ok \u00f6nemlidir. T\u00fcrkiye\u2019nin teminat\u0131 bir ilimizdir. Anadolu yaylas\u0131n\u0131n istiklal ve gelece\u011fimizin \u00f6nemli bir \u015fehridir. Benim i\u00e7in \u00f6nemi ise ben Sivas topraklar\u0131nda do\u011fdum. Ayn\u0131 zamanda benim do\u011fdu\u011fum \u015fehirdir.\u201d<\/p>\n<p>\u0130stanbul\u2019un Sivas\u2019a ihtiyac\u0131 var<\/p>\n<p>Y\u0131ld\u0131r\u0131m, tatilini Sivas\u2019ta ge\u00e7iren Sivasl\u0131lara seslenip se\u00e7imde \u0130stanbul\u2019da olmalar\u0131n\u0131 isteyerek, \u201cSivas\u2019ta ya\u015fayan Sivasl\u0131lar\u0131n iki kat\u0131ndan fazlas\u0131 \u0130stanbul\u2019da ya\u015f\u0131yor. \u0130stanbul se\u00e7imlerini de belirleyecek en \u00f6nemli illerden bir tanesi Sivas\u2019t\u0131r. Sivasl\u0131 hem\u015fehrilerim siyasette her zaman benim yan\u0131mda durmu\u015flard\u0131r, bana omuz vermi\u015ftir. \u0130stanbul se\u00e7imlerinde de destek vereceklerinden zerre kadar ku\u015fkum yok. Ancak hem\u015fehrilerime burada bir hat\u0131rlatma yapmak isterim. Bir\u00e7ok hem\u015fehrimiz do\u011fal olarak \u0130stanbul\u2019dan memleketlerine geldi. Tatillerini ve bayramlar\u0131n\u0131 burada ge\u00e7irdiler. Ancak tatil bitince onlar\u0131 mutlaka \u0130stanbul\u2019a bekliyoruz. \u00c7\u00fcnk\u00fc \u0130stanbul\u2019un Sivas ve Sivasl\u0131lara ihtiyac\u0131 var. 23 Haziran\u2019da \u0130stanbul bayram\u0131 var&#8221; dedi.<\/p>\n<p>K\u0131l\u0131\u00e7daro\u011flu, TV program\u0131 i\u00e7in izin verdi<\/p>\n<p>Rakibi Ekrem \u0130mamo\u011flu ile ger\u00e7ekle\u015ftirmeyi planlad\u0131klar\u0131 televizyon program\u0131 i\u00e7in CHP Genel Ba\u015fkan\u0131 Kemal K\u0131l\u0131\u00e7daro\u011flu\u2019nun izin verdi\u011fini belirten Y\u0131ld\u0131r\u0131m, &#8220;Mahir bey CHP Genel Ba\u015fkan Yard\u0131mc\u0131s\u0131 ile g\u00f6r\u00fc\u015ft\u00fc. Onlarda Say\u0131n Genel Ba\u015fkan Kemal beye aktarm\u0131\u015flar. Kemal bey de izin vermi\u015f. Biz zaten ba\u015ftan s\u00f6yledik. Biz her \u015feye haz\u0131r\u0131z. Her \u015feyi konu\u015furuz, anca \u00f6ncelik \u0130stanbul&#8221; dedi.<\/p>\n<p>\u0130stanbul B\u00fcy\u00fck\u015fehir Belediyesi Ba\u015fkan aday\u0131 Y\u0131ld\u0131r\u0131m, \u0130mamo\u011flu\u2019nun memleketinde kiraz a\u011fac\u0131na \u00e7\u0131kt\u0131\u011f\u0131n\u0131n hat\u0131rlat\u0131lmas\u0131 \u00fczerine ise \u201cKiraz a\u011fa\u00e7lar\u0131 gevrek olur, dikkat etsin d\u00fc\u015fmesin. O bize laz\u0131m 23\u2019\u00fcnde&#8221; \u015feklinde cevap verdi.<\/p>\n<p>Y\u0131ld\u0131r\u0131m bas\u0131n mensuplar\u0131n\u0131n sorular\u0131n\u0131 yan\u0131tlad\u0131ktan sonra Sivas tarihi kent meydan\u0131nda gezerek vatanda\u015flar ile bayramla\u015ft\u0131.<\/p>\n","protected":false},"excerpt":{"rendered":"<p>AK PART\u0130\u2019N\u0130N \u0130STANBUL B\u00dcY\u00dcK\u015eEH\u0130R BELED\u0130YES\u0130 BA\u015eKAN ADAYI B\u0130NAL\u0130 YILDIRIM, BAYRAMIN 2. G\u00dcN\u00dcN\u00dc S\u0130VAS\u2019TA GE\u00c7\u0130RD\u0130.<\/p>\n","protected":false},"author":1,"featured_media":166064,"comment_status":"closed","ping_status":"open","sticky":false,"template":"","format":"standard","meta":{"jetpack_post_was_ever_published":false,"_jetpack_newsletter_access":"","_jetpack_dont_email_post_to_subs":false,"_jetpack_newsletter_tier_id":0,"_jetpack_memberships_contains_paywalled_content":false,"_jetpack_memberships_contains_paid_content":false,"footnotes":"","jetpack_publicize_message":"","jetpack_publicize_feature_enabled":true,"jetpack_social_post_already_shared":true,"jetpack_social_options":{"image_generator_settings":{"template":"highway","default_image_id":0,"font":"","enabled":false},"version":2}},"categories":[1],"tags":[18572,973,3333,22459,19735,10453,376],"class_list":["post-166063","post","type-post","status-publish","format-standard","has-post-thumbnail","hentry","category-genel","tag-kiraz","tag-agaclari","tag-binali","tag-dusmesin","tag-gevrek","tag-olur","tag-yildirim"],"jetpack_publicize_connections":[],"jetpack_featured_media_url":"https:\/\/i0.wp.com\/www.tvturk.com\/wp-content\/uploads\/2019\/06\/binali-yildirim-kiraz-agaclari-gevrek-olur-dusmesin_8103a39.jpg?fit=1000%2C666","jetpack_sharing_enabled":true,"jetpack_shortlink":"https:\/\/wp.me\/paKIfm-Hcr","_links":{"self":[{"href":"http:\/\/www.tvturk.com\/index.php\/wp-json\/wp\/v2\/posts\/166063","targetHints":{"allow":["GET"]}}],"collection":[{"href":"http:\/\/www.tvturk.com\/index.php\/wp-json\/wp\/v2\/posts"}],"about":[{"href":"http:\/\/www.tvturk.com\/index.php\/wp-json\/wp\/v2\/types\/post"}],"author":[{"embeddable":true,"href":"http:\/\/www.tvturk.com\/index.php\/wp-json\/wp\/v2\/users\/1"}],"replies":[{"embeddable":true,"href":"http:\/\/www.tvturk.com\/index.php\/wp-json\/wp\/v2\/comments?post=166063"}],"version-history":[{"count":0,"href":"http:\/\/www.tvturk.com\/index.php\/wp-json\/wp\/v2\/posts\/166063\/revisions"}],"wp:featuredmedia":[{"embeddable":true,"href":"http:\/\/www.tvturk.com\/index.php\/wp-json\/wp\/v2\/media\/166064"}],"wp:attachment":[{"href":"http:\/\/www.tvturk.com\/index.php\/wp-json\/wp\/v2\/media?parent=166063"}],"wp:term":[{"taxonomy":"category","embeddable":true,"href":"http:\/\/www.tvturk.com\/index.php\/wp-json\/wp\/v2\/categories?post=166063"},{"taxonomy":"post_tag","embeddable":true,"href":"http:\/\/www.tvturk.com\/index.php\/wp-json\/wp\/v2\/tags?post=166063"}],"curies":[{"name":"wp","href":"https:\/\/api.w.org\/{rel}","templated":true}]}}